{"id":149027,"date":"2018-02-20T15:38:38","date_gmt":"2018-02-20T15:38:38","guid":{"rendered":"https:\/\/admin.industriall-union.org\/perou-un-syndicat-proteste-contre-les-violations-des-droits-des-travailleurs\/"},"modified":"2025-02-04T12:52:53","modified_gmt":"2025-02-04T12:52:53","slug":"perou-un-syndicat-proteste-contre-les-violations-des-droits-des-travailleurs","status":"publish","type":"article","link":"https:\/\/admin.industriall-union.org\/fr\/perou-un-syndicat-proteste-contre-les-violations-des-droits-des-travailleurs\/","title":{"rendered":"P\u00e9rou: un syndicat proteste contre les violations des droits des travailleurs"},"content":{"rendered":"<p>Les n\u00e9gociations entre le syndicat, affili\u00e9 \u00e0 la f\u00e9d\u00e9ration FETRIMAP &#8211; CGTP, elle-m\u00eame affili\u00e9e \u00e0 IndustriALL Global Union, et le laboratoire d&rsquo;analyse des min\u00e9raux Alfred H Knight ont \u00e9t\u00e9 interrompues suite \u00e0 l&rsquo;absence de propositions de la part de l&rsquo;entreprise.<\/p><p>Le 13 f\u00e9vrier, les travailleurs ont commenc\u00e9 \u00e0 protester, affirmant que l&rsquo;entreprise ne s&rsquo;\u00e9tait pas conformer aux d\u00e9cisions de l&rsquo;inspection nationale du travail, SUNAFIL, de convoquer des \u00e9lections des comit\u00e9s de sant\u00e9 et de s\u00e9curit\u00e9 au travail dans ses sites localis\u00e9s \u00e0 Lima, Arequipa et Callao. Selon le syndicat, les mauvaises conditions de travail seraient \u00e0 l&rsquo;origine de plusieurs accidents et de maladies professionnels. &nbsp;<\/p><p>En sa qualit\u00e9 de m\u00e9diateur dans ce litige, le minist\u00e8re du Travail a convoqu\u00e9 l&rsquo;entreprise et le syndicat le 19 f\u00e9vrier pour tenter de d\u00e9bloquer les n\u00e9gociations sur la convention collective.<\/p><p>Pendant ce temps, la CGTP a annonc\u00e9 l&rsquo;organisation, avec ses syndicats affili\u00e9s, d&rsquo;une manifestation en faveur des droits des travailleurs et du travail d\u00e9cent qui aura lieu le 1<sup>er<\/sup> mars. Les manifestants marcheront jusqu&rsquo;au minist\u00e8re du Travail pour exiger non seulement qu&rsquo;une solution soit trouv\u00e9e au processus de n\u00e9gociation collective dans plusieurs entreprises, dont Alfred H Knight, et aux probl\u00e8mes rencontr\u00e9s avec les processus d&rsquo;enregistrement des syndicats, mais aussi pour qu&rsquo;il soit mis fin aux licenciement collectifs.<\/p><p>Le Secr\u00e9taire g\u00e9n\u00e9ral d&rsquo;IndustriALL, Valter Sanches, appelle Alfred H Knight, au Royaume-Uni, \u00e0 intervenir dans sa filiale p\u00e9ruvienne afin que soit garanti le plein respect des droits fondamentaux des travailleurs: &nbsp;&nbsp;<\/p><blockquote><p>&laquo;&nbsp;Il est imp\u00e9ratif que l&rsquo;entreprise accompagne ses activit\u00e9s de mesures sanitaires et s\u00e9curitaires strictes afin d&rsquo;emp\u00eacher la survenue d&rsquo;accidents, et de n\u00e9gocier une nouvelle convention collective avec le syndicat qui prenne en consid\u00e9ration les revendications des travailleurs&nbsp;&raquo;.<\/p><\/blockquote>","protected":false},"featured_media":0,"template":"","issues":[402,425],"companies":[],"regions":[254,279],"sectors":[495],"article_tags":[505],"class_list":["post-149027","article","type-article","status-publish","hentry","issues-health-and-safety","issues-workers-rights","regions-latin-america-and-the-caribbean","regions-peru","sectors-mining","article_tags-collective-bargaining"],"acf":[],"yoast_head":"<!-- This site is optimized with the Yoast SEO Premium plugin v27.1 (Yoast SEO v27.1) - https:\/\/yoast.com\/product\/yoast-seo-premium-wordpress\/ -->\n<title>P\u00e9rou: un syndicat proteste contre les violations des droits des travailleurs - industriall-union<\/title>\n<meta name=\"description\" content=\"Les n\u00e9gociations entre le syndicat, affili\u00e9 \u00e0 la f\u00e9d\u00e9ration FETRIMAP - CGTP, elle-m\u00eame affili\u00e9e \u00e0 IndustriALL Global Union, et le laboratoire\" \/>\n<meta name=\"robots\" content=\"index, follow, max-snippet:-1, max-image-preview:large, max-video-preview:-1\" \/>\n<link rel=\"canonical\" href=\"https:\/\/admin.industriall-union.org\/fr\/perou-un-syndicat-proteste-contre-les-violations-des-droits-des-travailleurs\/\" \/>\n<meta property=\"og:locale\" content=\"fr_FR\" \/>\n<meta property=\"og:type\" content=\"article\" \/>\n<meta property=\"og:title\" content=\"P\u00e9rou: un syndicat proteste contre les violations des droits des travailleurs\" \/>\n<meta property=\"og:description\" content=\"Les n\u00e9gociations entre le syndicat, affili\u00e9 \u00e0 la f\u00e9d\u00e9ration FETRIMAP - CGTP, elle-m\u00eame affili\u00e9e \u00e0 IndustriALL Global Union, et le laboratoire\" \/>\n<meta property=\"og:url\" content=\"https:\/\/admin.industriall-union.org\/fr\/perou-un-syndicat-proteste-contre-les-violations-des-droits-des-travailleurs\/\" \/>\n<meta property=\"og:site_name\" content=\"industriall-union\" \/>\n<meta property=\"article:modified_time\" content=\"2025-02-04T12:52:53+00:00\" \/>\n<meta name=\"twitter:card\" content=\"summary_large_image\" \/>\n<meta name=\"twitter:label1\" content=\"Est. reading time\" \/>\n\t<meta name=\"twitter:data1\" content=\"2 minutes\" \/>\n<script type=\"application\/ld+json\" class=\"yoast-schema-graph\">{\"@context\":\"https:\/\/schema.org\",\"@graph\":[{\"@type\":\"WebPage\",\"@id\":\"https:\/\/admin.industriall-union.org\/fr\/perou-un-syndicat-proteste-contre-les-violations-des-droits-des-travailleurs\/\",\"url\":\"https:\/\/admin.industriall-union.org\/fr\/perou-un-syndicat-proteste-contre-les-violations-des-droits-des-travailleurs\/\",\"name\":\"P\u00e9rou: un syndicat proteste contre les violations des droits des travailleurs - industriall-union\",\"isPartOf\":{\"@id\":\"https:\/\/admin.industriall-union.org\/#website\"},\"datePublished\":\"2018-02-20T15:38:38+00:00\",\"dateModified\":\"2025-02-04T12:52:53+00:00\",\"description\":\"Les n\u00e9gociations entre le syndicat, affili\u00e9 \u00e0 la f\u00e9d\u00e9ration FETRIMAP - CGTP, elle-m\u00eame affili\u00e9e \u00e0 IndustriALL Global Union, et le laboratoire\",\"breadcrumb\":{\"@id\":\"https:\/\/admin.industriall-union.org\/fr\/perou-un-syndicat-proteste-contre-les-violations-des-droits-des-travailleurs\/#breadcrumb\"},\"inLanguage\":\"fr-FR\",\"potentialAction\":[{\"@type\":\"ReadAction\",\"target\":[\"https:\/\/admin.industriall-union.org\/fr\/perou-un-syndicat-proteste-contre-les-violations-des-droits-des-travailleurs\/\"]}]},{\"@type\":\"BreadcrumbList\",\"@id\":\"https:\/\/admin.industriall-union.org\/fr\/perou-un-syndicat-proteste-contre-les-violations-des-droits-des-travailleurs\/#breadcrumb\",\"itemListElement\":[{\"@type\":\"ListItem\",\"position\":1,\"name\":\"Home\",\"item\":\"https:\/\/admin.industriall-union.org\/\"},{\"@type\":\"ListItem\",\"position\":2,\"name\":\"Articles\",\"item\":\"https:\/\/admin.industriall-union.org\/article\/\"},{\"@type\":\"ListItem\",\"position\":3,\"name\":\"P\u00e9rou: un syndicat proteste contre les violations des droits des travailleurs\"}]},{\"@type\":\"WebSite\",\"@id\":\"https:\/\/admin.industriall-union.org\/#website\",\"url\":\"https:\/\/admin.industriall-union.org\/\",\"name\":\"industriall-union\",\"description\":\"\",\"potentialAction\":[{\"@type\":\"SearchAction\",\"target\":{\"@type\":\"EntryPoint\",\"urlTemplate\":\"https:\/\/admin.industriall-union.org\/?s={search_term_string}\"},\"query-input\":{\"@type\":\"PropertyValueSpecification\",\"valueRequired\":true,\"valueName\":\"search_term_string\"}}],\"inLanguage\":\"fr-FR\"}]}<\/script>\n<!-- \/ Yoast SEO Premium plugin. -->","yoast_head_json":{"title":"P\u00e9rou: un syndicat proteste contre les violations des droits des travailleurs - industriall-union","description":"Les n\u00e9gociations entre le syndicat, affili\u00e9 \u00e0 la f\u00e9d\u00e9ration FETRIMAP - CGTP, elle-m\u00eame affili\u00e9e \u00e0 IndustriALL Global Union, et le laboratoire","robots":{"index":"index","follow":"follow","max-snippet":"max-snippet:-1","max-image-preview":"max-image-preview:large","max-video-preview":"max-video-preview:-1"},"canonical":"https:\/\/admin.industriall-union.org\/fr\/perou-un-syndicat-proteste-contre-les-violations-des-droits-des-travailleurs\/","og_locale":"fr_FR","og_type":"article","og_title":"P\u00e9rou: un syndicat proteste contre les violations des droits des travailleurs","og_description":"Les n\u00e9gociations entre le syndicat, affili\u00e9 \u00e0 la f\u00e9d\u00e9ration FETRIMAP - CGTP, elle-m\u00eame affili\u00e9e \u00e0 IndustriALL Global Union, et le laboratoire","og_url":"https:\/\/admin.industriall-union.org\/fr\/perou-un-syndicat-proteste-contre-les-violations-des-droits-des-travailleurs\/","og_site_name":"industriall-union","article_modified_time":"2025-02-04T12:52:53+00:00","twitter_card":"summary_large_image","twitter_misc":{"Est. reading time":"2 minutes"},"schema":{"@context":"https:\/\/schema.org","@graph":[{"@type":"WebPage","@id":"https:\/\/admin.industriall-union.org\/fr\/perou-un-syndicat-proteste-contre-les-violations-des-droits-des-travailleurs\/","url":"https:\/\/admin.industriall-union.org\/fr\/perou-un-syndicat-proteste-contre-les-violations-des-droits-des-travailleurs\/","name":"P\u00e9rou: un syndicat proteste contre les violations des droits des travailleurs - industriall-union","isPartOf":{"@id":"https:\/\/admin.industriall-union.org\/#website"},"datePublished":"2018-02-20T15:38:38+00:00","dateModified":"2025-02-04T12:52:53+00:00","description":"Les n\u00e9gociations entre le syndicat, affili\u00e9 \u00e0 la f\u00e9d\u00e9ration FETRIMAP - CGTP, elle-m\u00eame affili\u00e9e \u00e0 IndustriALL Global Union, et le laboratoire","breadcrumb":{"@id":"https:\/\/admin.industriall-union.org\/fr\/perou-un-syndicat-proteste-contre-les-violations-des-droits-des-travailleurs\/#breadcrumb"},"inLanguage":"fr-FR","potentialAction":[{"@type":"ReadAction","target":["https:\/\/admin.industriall-union.org\/fr\/perou-un-syndicat-proteste-contre-les-violations-des-droits-des-travailleurs\/"]}]},{"@type":"BreadcrumbList","@id":"https:\/\/admin.industriall-union.org\/fr\/perou-un-syndicat-proteste-contre-les-violations-des-droits-des-travailleurs\/#breadcrumb","itemListElement":[{"@type":"ListItem","position":1,"name":"Home","item":"https:\/\/admin.industriall-union.org\/"},{"@type":"ListItem","position":2,"name":"Articles","item":"https:\/\/admin.industriall-union.org\/article\/"},{"@type":"ListItem","position":3,"name":"P\u00e9rou: un syndicat proteste contre les violations des droits des travailleurs"}]},{"@type":"WebSite","@id":"https:\/\/admin.industriall-union.org\/#website","url":"https:\/\/admin.industriall-union.org\/","name":"industriall-union","description":"","potentialAction":[{"@type":"SearchAction","target":{"@type":"EntryPoint","urlTemplate":"https:\/\/admin.industriall-union.org\/?s={search_term_string}"},"query-input":{"@type":"PropertyValueSpecification","valueRequired":true,"valueName":"search_term_string"}}],"inLanguage":"fr-FR"}]}},"_links":{"self":[{"href":"https:\/\/admin.industriall-union.org\/fr\/wp-json\/wp\/v2\/article\/149027","targetHints":{"allow":["GET"]}}],"collection":[{"href":"https:\/\/admin.industriall-union.org\/fr\/wp-json\/wp\/v2\/article"}],"about":[{"href":"https:\/\/admin.industriall-union.org\/fr\/wp-json\/wp\/v2\/types\/article"}],"wp:attachment":[{"href":"https:\/\/admin.industriall-union.org\/fr\/wp-json\/wp\/v2\/media?parent=149027"}],"wp:term":[{"taxonomy":"issues","embeddable":true,"href":"https:\/\/admin.industriall-union.org\/fr\/wp-json\/wp\/v2\/issues?post=149027"},{"taxonomy":"companies","embeddable":true,"href":"https:\/\/admin.industriall-union.org\/fr\/wp-json\/wp\/v2\/companies?post=149027"},{"taxonomy":"regions","embeddable":true,"href":"https:\/\/admin.industriall-union.org\/fr\/wp-json\/wp\/v2\/regions?post=149027"},{"taxonomy":"sectors","embeddable":true,"href":"https:\/\/admin.industriall-union.org\/fr\/wp-json\/wp\/v2\/sectors?post=149027"},{"taxonomy":"article_tags","embeddable":true,"href":"https:\/\/admin.industriall-union.org\/fr\/wp-json\/wp\/v2\/article_tags?post=149027"}],"curies":[{"name":"wp","href":"https:\/\/api.w.org\/{rel}","templated":true}]}}