{"id":148998,"date":"2018-03-08T13:05:02","date_gmt":"2018-03-08T13:05:02","guid":{"rendered":"https:\/\/admin.industriall-union.org\/pourquoi-les-syndicats-doivent-agir-contre-la-violence-et-le-harcelement-a-l-egard-des-femmes\/"},"modified":"2025-02-04T12:03:38","modified_gmt":"2025-02-04T12:03:38","slug":"pourquoi-les-syndicats-doivent-agir-contre-la-violence-et-le-harcelement-a-l-egard-des-femmes","status":"publish","type":"article","link":"https:\/\/admin.industriall-union.org\/fr\/pourquoi-les-syndicats-doivent-agir-contre-la-violence-et-le-harcelement-a-l-egard-des-femmes\/","title":{"rendered":"Pourquoi les syndicats doivent agir contre la violence et le harc\u00e8lement \u00e0 l\u2019\u00e9gard des femmes"},"content":{"rendered":"<p><strong>La violence et le harc\u00e8lement \u00e0 l&rsquo;\u00e9gard des femmes sont des ph\u00e9nom\u00e8nes tr\u00e8s r\u00e9pandus<\/strong><\/p><p>Selon l&rsquo;Organisation mondiale de la Sant\u00e9 (OMS), 35 pour cent des femmes au niveau mondial, soit 818 millions d&rsquo;entre elles, \u00e2g\u00e9es de plus de 15 ans ont souffert de violence sexuelle et physique dans leur milieu familial, dans leurs communaut\u00e9s ou sur leur lieu de travail. Les syndicats doivent continuer \u00e0 sensibiliser sur la r\u00e9alit\u00e9 de la violence \u00e0 l&rsquo;\u00e9gard des femmes et sa pr\u00e9sence dans tous les milieux. &nbsp;&nbsp;<\/p><p><strong>La violence \u00e0 l&rsquo;\u00e9gard des femmes constitue une violation des droits de la personne humaine <\/strong><\/p><p>Selon la <a href=\"http:\/\/www.ohchr.org\/EN\/ProfessionalInterest\/Pages\/ViolenceAgainstWomen.aspx\" target=\"_blank\">D\u00e9claration sur l&rsquo;\u00e9limination de la violence \u00e0 l&rsquo;\u00e9gard des femmes<\/a>, les termes &laquo;&nbsp;violence \u00e0 l&rsquo;\u00e9gard des femmes&nbsp;&raquo; d\u00e9signent &laquo;&nbsp;tous actes de violence dirig\u00e9s contre le sexe f\u00e9minin, et causant ou pouvant causer aux femmes un pr\u00e9judice ou des souffrances physiques, sexuelles ou psychologiques, y compris la menace de tels actes, la contrainte ou la privation arbitraire de libert\u00e9, que ce soit dans la vie publique ou dans la vie priv\u00e9e.&nbsp;&raquo; Alors que cette D\u00e9claration reconna\u00eet que la violence \u00e0 l&rsquo;\u00e9gard des femmes viole les droits et les libert\u00e9s fondamentales des femmes,&nbsp;la&nbsp;<a href=\"http:\/\/www.ohchr.org\/EN\/ProfessionalInterest\/Pages\/Vienna.aspx\" target=\"_blank\">D\u00e9claration et le Programme d&rsquo;action de Vienne<\/a>&nbsp;reconnaissent que l&rsquo;\u00e9limination de la violence \u00e0 l&rsquo;\u00e9gard des femmes dans la vie publique et dans la vie priv\u00e9e est une obligation d\u00e9coulant des droits de la personne humaine.<\/p><p><strong>La violence \u00e0 l&rsquo;\u00e9gard des femmes est un obstacle \u00e0 l&rsquo;\u00e9galit\u00e9 entre les hommes et les femmes au travail<\/strong><\/p><p>Les femmes ont moins de chances de p\u00e9n\u00e9trer sur le march\u00e9 du travail que les hommes. La violence sexuelle et le harc\u00e8lement demeurent des obstacles \u00e0 l&rsquo;entr\u00e9e et \u00e0 l&rsquo;\u00e9volution des femmes sur les march\u00e9s du travail ou \u00e0 l&rsquo;exercice de certaines fonctions. En outre, la s\u00e9gr\u00e9gation continue des femmes dans les emplois et postes pr\u00e9caires, mal r\u00e9mun\u00e9r\u00e9s et peu valoris\u00e9s, contribue \u00e0 accro\u00eetre les risques encourus par ces travailleuses.<\/p><p><strong>Les syndicats ont un r\u00f4le fondamental dans la pr\u00e9vention et l&rsquo;\u00e9limination de la violence \u00e0 l&rsquo;\u00e9gard des femmes en milieu du travail<\/strong><\/p><p>Le <a href=\"http:\/\/www.ilo.org\/wcmsp5\/groups\/public\/---ed_dialogue\/---actrav\/documents\/publication\/wcms_546645.pdf\" target=\"_blank\">rapport<\/a> du Bureau des activit\u00e9s pour les travailleurs (ACTRAV) de l&rsquo;Organisation internationale du Travail (OIT) sur la violence \u00e0 l&rsquo;\u00e9gard des hommes et des femmes dans le monde du travail montre qu&rsquo;il existe un lien \u00e9troit entre l&rsquo;acc\u00e8s \u00e0 un travail d\u00e9cent, la non-discrimination et le fait d&rsquo;\u00eatre prot\u00e9g\u00e9 par un syndicat dans la pr\u00e9vention de la violence \u00e0 l&rsquo;\u00e9gard des femmes et des hommes au travail. Les syndicats jouent un r\u00f4le cl\u00e9 dans la sensibilisation de leurs membres sur le harc\u00e8lement sexuel, dans la n\u00e9gociation des politiques et des accords \u00e9tablissant les proc\u00e9dures de d\u00e9p\u00f4t et de traitement des plaintes, ainsi que dans la pr\u00e9vention contre le harc\u00e8lement sexuel.<\/p><p><strong>Nous avons besoin d&rsquo;une convention de l&rsquo;OIT sur la violence fond\u00e9e sur le genre<\/strong><\/p><p>Il n&rsquo;existe encore aucune loi au niveau international qui \u00e9tablisse une r\u00e8gle de base permettant de prendre des mesures pour \u00e9liminer la violence et le harc\u00e8lement, notamment la violence et le harc\u00e8lement fond\u00e9s sur le genre, dans le monde du travail. Nous avons besoin d&rsquo;une <a href=\"http:\/\/www.industriall-union.org\/fr\/proposition-de-convention-de-loit-contre-la-violence-sexiste-au-travail-agissez-maintenant\">Convention de l&rsquo;OIT globale<\/a>, compl\u00e9t\u00e9e par une Recommandation, portant principalement sur la question de pr\u00e9venir, traiter et rem\u00e9dier aux violences sexistes au travail.<\/p><p>IndustriALL invite tous ses affili\u00e9s \u00e0 se mobiliser&nbsp;le 8 mars pour montrer la d\u00e9termination des syndicats \u00e0 r\u00e9aliser l&rsquo;\u00e9galit\u00e9 des genres et dire non \u00e0 la violence \u00e0 l&rsquo;\u00e9gard des femmes. &nbsp;<\/p>","protected":false},"featured_media":0,"template":"","issues":[397],"companies":[],"regions":[],"sectors":[],"article_tags":[],"class_list":["post-148998","article","type-article","status-publish","hentry","issues-women"],"acf":[],"yoast_head":"<!-- This site is optimized with the Yoast SEO Premium plugin v27.1 (Yoast SEO v27.1) - https:\/\/yoast.com\/product\/yoast-seo-premium-wordpress\/ -->\n<title>Pourquoi les syndicats doivent agir contre la violence et le harc\u00e8lement \u00e0 l\u2019\u00e9gard des femmes - industriall-union<\/title>\n<meta name=\"description\" content=\"La violence et le harc\u00e8lement \u00e0 l&rsquo;\u00e9gard des femmes sont des ph\u00e9nom\u00e8nes tr\u00e8s r\u00e9pandusSelon l&rsquo;Organisation mondiale de la Sant\u00e9 (OMS), 35 pour\" \/>\n<meta name=\"robots\" content=\"index, follow, max-snippet:-1, max-image-preview:large, max-video-preview:-1\" \/>\n<link rel=\"canonical\" href=\"https:\/\/admin.industriall-union.org\/fr\/pourquoi-les-syndicats-doivent-agir-contre-la-violence-et-le-harcelement-a-l-egard-des-femmes\/\" \/>\n<meta property=\"og:locale\" content=\"fr_FR\" \/>\n<meta property=\"og:type\" content=\"article\" \/>\n<meta property=\"og:title\" content=\"Pourquoi les syndicats doivent agir contre la violence et le harc\u00e8lement \u00e0 l\u2019\u00e9gard des femmes\" \/>\n<meta property=\"og:description\" content=\"La violence et le harc\u00e8lement \u00e0 l&rsquo;\u00e9gard des femmes sont des ph\u00e9nom\u00e8nes tr\u00e8s r\u00e9pandusSelon l&rsquo;Organisation mondiale de la Sant\u00e9 (OMS), 35 pour\" \/>\n<meta property=\"og:url\" content=\"https:\/\/admin.industriall-union.org\/fr\/pourquoi-les-syndicats-doivent-agir-contre-la-violence-et-le-harcelement-a-l-egard-des-femmes\/\" \/>\n<meta property=\"og:site_name\" content=\"industriall-union\" \/>\n<meta property=\"article:modified_time\" content=\"2025-02-04T12:03:38+00:00\" \/>\n<meta name=\"twitter:card\" content=\"summary_large_image\" \/>\n<meta name=\"twitter:label1\" content=\"Est. reading time\" \/>\n\t<meta name=\"twitter:data1\" content=\"3 minutes\" \/>\n<script type=\"application\/ld+json\" class=\"yoast-schema-graph\">{\"@context\":\"https:\/\/schema.org\",\"@graph\":[{\"@type\":\"WebPage\",\"@id\":\"https:\/\/admin.industriall-union.org\/fr\/pourquoi-les-syndicats-doivent-agir-contre-la-violence-et-le-harcelement-a-l-egard-des-femmes\/\",\"url\":\"https:\/\/admin.industriall-union.org\/fr\/pourquoi-les-syndicats-doivent-agir-contre-la-violence-et-le-harcelement-a-l-egard-des-femmes\/\",\"name\":\"Pourquoi les syndicats doivent agir contre la violence et le harc\u00e8lement \u00e0 l\u2019\u00e9gard des femmes - industriall-union\",\"isPartOf\":{\"@id\":\"https:\/\/admin.industriall-union.org\/#website\"},\"datePublished\":\"2018-03-08T13:05:02+00:00\",\"dateModified\":\"2025-02-04T12:03:38+00:00\",\"description\":\"La violence et le harc\u00e8lement \u00e0 l&rsquo;\u00e9gard des femmes sont des ph\u00e9nom\u00e8nes tr\u00e8s r\u00e9pandusSelon l&rsquo;Organisation mondiale de la Sant\u00e9 (OMS), 35 pour\",\"breadcrumb\":{\"@id\":\"https:\/\/admin.industriall-union.org\/fr\/pourquoi-les-syndicats-doivent-agir-contre-la-violence-et-le-harcelement-a-l-egard-des-femmes\/#breadcrumb\"},\"inLanguage\":\"fr-FR\",\"potentialAction\":[{\"@type\":\"ReadAction\",\"target\":[\"https:\/\/admin.industriall-union.org\/fr\/pourquoi-les-syndicats-doivent-agir-contre-la-violence-et-le-harcelement-a-l-egard-des-femmes\/\"]}]},{\"@type\":\"BreadcrumbList\",\"@id\":\"https:\/\/admin.industriall-union.org\/fr\/pourquoi-les-syndicats-doivent-agir-contre-la-violence-et-le-harcelement-a-l-egard-des-femmes\/#breadcrumb\",\"itemListElement\":[{\"@type\":\"ListItem\",\"position\":1,\"name\":\"Home\",\"item\":\"https:\/\/admin.industriall-union.org\/\"},{\"@type\":\"ListItem\",\"position\":2,\"name\":\"Articles\",\"item\":\"https:\/\/admin.industriall-union.org\/article\/\"},{\"@type\":\"ListItem\",\"position\":3,\"name\":\"Pourquoi les syndicats doivent agir contre la violence et le harc\u00e8lement \u00e0 l\u2019\u00e9gard des femmes\"}]},{\"@type\":\"WebSite\",\"@id\":\"https:\/\/admin.industriall-union.org\/#website\",\"url\":\"https:\/\/admin.industriall-union.org\/\",\"name\":\"industriall-union\",\"description\":\"\",\"potentialAction\":[{\"@type\":\"SearchAction\",\"target\":{\"@type\":\"EntryPoint\",\"urlTemplate\":\"https:\/\/admin.industriall-union.org\/?s={search_term_string}\"},\"query-input\":{\"@type\":\"PropertyValueSpecification\",\"valueRequired\":true,\"valueName\":\"search_term_string\"}}],\"inLanguage\":\"fr-FR\"}]}<\/script>\n<!-- \/ Yoast SEO Premium plugin. -->","yoast_head_json":{"title":"Pourquoi les syndicats doivent agir contre la violence et le harc\u00e8lement \u00e0 l\u2019\u00e9gard des femmes - industriall-union","description":"La violence et le harc\u00e8lement \u00e0 l&rsquo;\u00e9gard des femmes sont des ph\u00e9nom\u00e8nes tr\u00e8s r\u00e9pandusSelon l&rsquo;Organisation mondiale de la Sant\u00e9 (OMS), 35 pour","robots":{"index":"index","follow":"follow","max-snippet":"max-snippet:-1","max-image-preview":"max-image-preview:large","max-video-preview":"max-video-preview:-1"},"canonical":"https:\/\/admin.industriall-union.org\/fr\/pourquoi-les-syndicats-doivent-agir-contre-la-violence-et-le-harcelement-a-l-egard-des-femmes\/","og_locale":"fr_FR","og_type":"article","og_title":"Pourquoi les syndicats doivent agir contre la violence et le harc\u00e8lement \u00e0 l\u2019\u00e9gard des femmes","og_description":"La violence et le harc\u00e8lement \u00e0 l&rsquo;\u00e9gard des femmes sont des ph\u00e9nom\u00e8nes tr\u00e8s r\u00e9pandusSelon l&rsquo;Organisation mondiale de la Sant\u00e9 (OMS), 35 pour","og_url":"https:\/\/admin.industriall-union.org\/fr\/pourquoi-les-syndicats-doivent-agir-contre-la-violence-et-le-harcelement-a-l-egard-des-femmes\/","og_site_name":"industriall-union","article_modified_time":"2025-02-04T12:03:38+00:00","twitter_card":"summary_large_image","twitter_misc":{"Est. reading time":"3 minutes"},"schema":{"@context":"https:\/\/schema.org","@graph":[{"@type":"WebPage","@id":"https:\/\/admin.industriall-union.org\/fr\/pourquoi-les-syndicats-doivent-agir-contre-la-violence-et-le-harcelement-a-l-egard-des-femmes\/","url":"https:\/\/admin.industriall-union.org\/fr\/pourquoi-les-syndicats-doivent-agir-contre-la-violence-et-le-harcelement-a-l-egard-des-femmes\/","name":"Pourquoi les syndicats doivent agir contre la violence et le harc\u00e8lement \u00e0 l\u2019\u00e9gard des femmes - industriall-union","isPartOf":{"@id":"https:\/\/admin.industriall-union.org\/#website"},"datePublished":"2018-03-08T13:05:02+00:00","dateModified":"2025-02-04T12:03:38+00:00","description":"La violence et le harc\u00e8lement \u00e0 l&rsquo;\u00e9gard des femmes sont des ph\u00e9nom\u00e8nes tr\u00e8s r\u00e9pandusSelon l&rsquo;Organisation mondiale de la Sant\u00e9 (OMS), 35 pour","breadcrumb":{"@id":"https:\/\/admin.industriall-union.org\/fr\/pourquoi-les-syndicats-doivent-agir-contre-la-violence-et-le-harcelement-a-l-egard-des-femmes\/#breadcrumb"},"inLanguage":"fr-FR","potentialAction":[{"@type":"ReadAction","target":["https:\/\/admin.industriall-union.org\/fr\/pourquoi-les-syndicats-doivent-agir-contre-la-violence-et-le-harcelement-a-l-egard-des-femmes\/"]}]},{"@type":"BreadcrumbList","@id":"https:\/\/admin.industriall-union.org\/fr\/pourquoi-les-syndicats-doivent-agir-contre-la-violence-et-le-harcelement-a-l-egard-des-femmes\/#breadcrumb","itemListElement":[{"@type":"ListItem","position":1,"name":"Home","item":"https:\/\/admin.industriall-union.org\/"},{"@type":"ListItem","position":2,"name":"Articles","item":"https:\/\/admin.industriall-union.org\/article\/"},{"@type":"ListItem","position":3,"name":"Pourquoi les syndicats doivent agir contre la violence et le harc\u00e8lement \u00e0 l\u2019\u00e9gard des femmes"}]},{"@type":"WebSite","@id":"https:\/\/admin.industriall-union.org\/#website","url":"https:\/\/admin.industriall-union.org\/","name":"industriall-union","description":"","potentialAction":[{"@type":"SearchAction","target":{"@type":"EntryPoint","urlTemplate":"https:\/\/admin.industriall-union.org\/?s={search_term_string}"},"query-input":{"@type":"PropertyValueSpecification","valueRequired":true,"valueName":"search_term_string"}}],"inLanguage":"fr-FR"}]}},"_links":{"self":[{"href":"https:\/\/admin.industriall-union.org\/fr\/wp-json\/wp\/v2\/article\/148998","targetHints":{"allow":["GET"]}}],"collection":[{"href":"https:\/\/admin.industriall-union.org\/fr\/wp-json\/wp\/v2\/article"}],"about":[{"href":"https:\/\/admin.industriall-union.org\/fr\/wp-json\/wp\/v2\/types\/article"}],"wp:attachment":[{"href":"https:\/\/admin.industriall-union.org\/fr\/wp-json\/wp\/v2\/media?parent=148998"}],"wp:term":[{"taxonomy":"issues","embeddable":true,"href":"https:\/\/admin.industriall-union.org\/fr\/wp-json\/wp\/v2\/issues?post=148998"},{"taxonomy":"companies","embeddable":true,"href":"https:\/\/admin.industriall-union.org\/fr\/wp-json\/wp\/v2\/companies?post=148998"},{"taxonomy":"regions","embeddable":true,"href":"https:\/\/admin.industriall-union.org\/fr\/wp-json\/wp\/v2\/regions?post=148998"},{"taxonomy":"sectors","embeddable":true,"href":"https:\/\/admin.industriall-union.org\/fr\/wp-json\/wp\/v2\/sectors?post=148998"},{"taxonomy":"article_tags","embeddable":true,"href":"https:\/\/admin.industriall-union.org\/fr\/wp-json\/wp\/v2\/article_tags?post=148998"}],"curies":[{"name":"wp","href":"https:\/\/api.w.org\/{rel}","templated":true}]}}