{"id":148956,"date":"2018-04-04T13:50:48","date_gmt":"2018-04-04T13:50:48","guid":{"rendered":"https:\/\/admin.industriall-union.org\/des-mineurs-ukrainiens-bloques-sous-terre-suite-a-une-coupure-d-electricite\/"},"modified":"2025-02-04T11:07:57","modified_gmt":"2025-02-04T11:07:57","slug":"des-mineurs-ukrainiens-bloques-sous-terre-suite-a-une-coupure-d-electricite","status":"publish","type":"article","link":"https:\/\/admin.industriall-union.org\/fr\/des-mineurs-ukrainiens-bloques-sous-terre-suite-a-une-coupure-d-electricite\/","title":{"rendered":"Des mineurs ukrainiens bloqu\u00e9s sous terre suite \u00e0 une coupure d\u2019\u00e9lectricit\u00e9"},"content":{"rendered":"<p>L&rsquo;alimentation \u00e9lectrique de secours a maintenu la ventilation et le pompage de l&rsquo;eau dans la mine. Finalement, l&rsquo;\u00e9lectricit\u00e9 a \u00e9t\u00e9 r\u00e9tablie pendant 80 minutes afin de permettre \u00e0 l&rsquo;ensemble des mineurs de remonter sains et saufs \u00e0 la surface.<\/p><p>Les 2 et 3 avril, l&rsquo;\u00e9lectricit\u00e9 a \u00e9t\u00e9 \u00e9galement coup\u00e9e dans 16 autres mines de charbon, dont celles situ\u00e9es \u00e0 Lisichanskuhillya, Selidovuhillya et Mirnograduhillya, mettant en p\u00e9ril le succ\u00e8s des op\u00e9rations. D&rsquo;autres pannes de courant pourraient se produire le 11 avril.<\/p><p>Les affili\u00e9s ukrainiens \u00e0 IndustriALL Global Union appellent le Minist\u00e8re de l&rsquo;\u00e9nergie et de l&rsquo;industrie houill\u00e8re d&rsquo;Ukraine, responsable de l&rsquo;approvisionnement en \u00e9lectricit\u00e9, \u00e0 traiter en urgence la question des pannes de courant d\u00e9lib\u00e9r\u00e9es. &nbsp;<\/p><p>Viktor Turmanov, pr\u00e9sident du syndicat des travailleurs de l&rsquo;industrie du charbon d&rsquo;Ukraine, a d\u00e9clar\u00e9:<\/p><blockquote><p>&laquo;&nbsp;En ce moment, plusieurs entreprises ne paient pas leurs factures d&rsquo;\u00e9lectricit\u00e9 par manque de ressources financi\u00e8res pour s&rsquo;en acquitter. Nous ne sommes pas d&rsquo;accord avec ce qui se passe \u00e0 la mine Gorskaya. Nous pensons que le Minist\u00e8re devrait \u00e9laborer un m\u00e9canisme qui prot\u00e8ge les entreprises et les mineurs. Il est vital de trouver des capitaux pour payer l&rsquo;\u00e9lectricit\u00e9 et \u00e9viter les ennuis&nbsp;&raquo;.<\/p><\/blockquote><p>Mychailo Volynets, pr\u00e9sident du syndicat ind\u00e9pendant des mineurs d&rsquo;Ukraine (NPGU), a indiqu\u00e9:<\/p><blockquote><p>&laquo;&nbsp;Les centrales thermiques ont \u00e9galement du retard dans le paiement des salaires des mineurs. Le Ministre ukrainien de l&rsquo;\u00e9nergie et du charbon, Igor Nasalik, est charg\u00e9 des mines publiques et des r\u00e9seaux \u00e9lectriques r\u00e9gionaux. Par cons\u00e9quent, les coupures d&rsquo;\u00e9lectricit\u00e9 ne peuvent pas \u00eatre effectu\u00e9es sans qu&rsquo;il le sache. Aussi, cette situation est criminelle: vous ne pouvez pas envoyer des gens travailler \u00e0 la mine et arr\u00eater le fonctionnement des engins de levage&nbsp;&raquo;.<\/p><\/blockquote><p>Selon le syndicat des mineurs de l&rsquo;industrie du charbon d&rsquo;Ukraine, le montant total de l&rsquo;endettement des entreprises publiques, comprenant non seulement les dettes relatives \u00e0 la consommation d&rsquo;\u00e9lectricit\u00e9 mais \u00e9galement celles relatives aux salaires, aux contributions \u00e0 l&rsquo;assurance-sant\u00e9 et aux cotisations de retraite, se monte \u00e0 24 milliards d&rsquo;UAH (915 millions de USD). Les fonds pour la reconstruction et la modernisation des entreprises sont uniquement affect\u00e9s aux besoins actuels.<\/p><p>L&rsquo;approvisionnement en \u00e9lectricit\u00e9 a \u00e9galement \u00e9t\u00e9 coup\u00e9 en d\u00e9cembre 2017 pour cause de dettes \u00e0 la mine Kurakhovskaya, appartenant \u00e0 l&rsquo;entreprise publique Selidovuhillya. Les 220 mineurs qui se trouvaient dans le puit ont d\u00fb marcher 4,5 kilom\u00e8tres le long d&rsquo;une voie inclin\u00e9e avant d&rsquo;atteindre la surface.<\/p><p>Kemal Ozkan, Secr\u00e9taire g\u00e9n\u00e9ral adjoint d&rsquo;IndustriALL, a d\u00e9clar\u00e9:<\/p><blockquote><p>&laquo;&nbsp;IndustriALL Global Union exhorte les autorit\u00e9s ukrainiennes \u00e0 faire attention \u00e0 la situation critique \u00e0 laquelle fait face l&rsquo;industrie houill\u00e8re et \u00e0 \u00e9couter les recommandations des syndicats. Les mineurs ne doivent pas \u00eatre expos\u00e9s \u00e0 un risque d\u00e9raisonnable en raison des dettes des entreprises&nbsp;&raquo;.<\/p><\/blockquote>","protected":false},"featured_media":0,"template":"","issues":[402],"companies":[],"regions":[252],"sectors":[495],"article_tags":[],"class_list":["post-148956","article","type-article","status-publish","hentry","issues-health-and-safety","regions-ukraine","sectors-mining"],"acf":[],"yoast_head":"<!-- This site is optimized with the Yoast SEO Premium plugin v27.1 (Yoast SEO v27.1) - https:\/\/yoast.com\/product\/yoast-seo-premium-wordpress\/ -->\n<title>Des mineurs ukrainiens bloqu\u00e9s sous terre suite \u00e0 une coupure d\u2019\u00e9lectricit\u00e9 - industriall-union<\/title>\n<meta name=\"description\" content=\"L&rsquo;alimentation \u00e9lectrique de secours a maintenu la ventilation et le pompage de l&rsquo;eau dans la mine. Finalement, l&rsquo;\u00e9lectricit\u00e9 a \u00e9t\u00e9\" \/>\n<meta name=\"robots\" content=\"index, follow, max-snippet:-1, max-image-preview:large, max-video-preview:-1\" \/>\n<link rel=\"canonical\" href=\"https:\/\/admin.industriall-union.org\/fr\/des-mineurs-ukrainiens-bloques-sous-terre-suite-a-une-coupure-d-electricite\/\" \/>\n<meta property=\"og:locale\" content=\"fr_FR\" \/>\n<meta property=\"og:type\" content=\"article\" \/>\n<meta property=\"og:title\" content=\"Des mineurs ukrainiens bloqu\u00e9s sous terre suite \u00e0 une coupure d\u2019\u00e9lectricit\u00e9\" \/>\n<meta property=\"og:description\" content=\"L&rsquo;alimentation \u00e9lectrique de secours a maintenu la ventilation et le pompage de l&rsquo;eau dans la mine. Finalement, l&rsquo;\u00e9lectricit\u00e9 a \u00e9t\u00e9\" \/>\n<meta property=\"og:url\" content=\"https:\/\/admin.industriall-union.org\/fr\/des-mineurs-ukrainiens-bloques-sous-terre-suite-a-une-coupure-d-electricite\/\" \/>\n<meta property=\"og:site_name\" content=\"industriall-union\" \/>\n<meta property=\"article:modified_time\" content=\"2025-02-04T11:07:57+00:00\" \/>\n<meta name=\"twitter:card\" content=\"summary_large_image\" \/>\n<meta name=\"twitter:label1\" content=\"Est. reading time\" \/>\n\t<meta name=\"twitter:data1\" content=\"3 minutes\" \/>\n<script type=\"application\/ld+json\" class=\"yoast-schema-graph\">{\"@context\":\"https:\/\/schema.org\",\"@graph\":[{\"@type\":\"WebPage\",\"@id\":\"https:\/\/admin.industriall-union.org\/fr\/des-mineurs-ukrainiens-bloques-sous-terre-suite-a-une-coupure-d-electricite\/\",\"url\":\"https:\/\/admin.industriall-union.org\/fr\/des-mineurs-ukrainiens-bloques-sous-terre-suite-a-une-coupure-d-electricite\/\",\"name\":\"Des mineurs ukrainiens bloqu\u00e9s sous terre suite \u00e0 une coupure d\u2019\u00e9lectricit\u00e9 - industriall-union\",\"isPartOf\":{\"@id\":\"https:\/\/admin.industriall-union.org\/#website\"},\"datePublished\":\"2018-04-04T13:50:48+00:00\",\"dateModified\":\"2025-02-04T11:07:57+00:00\",\"description\":\"L&rsquo;alimentation \u00e9lectrique de secours a maintenu la ventilation et le pompage de l&rsquo;eau dans la mine. Finalement, l&rsquo;\u00e9lectricit\u00e9 a \u00e9t\u00e9\",\"breadcrumb\":{\"@id\":\"https:\/\/admin.industriall-union.org\/fr\/des-mineurs-ukrainiens-bloques-sous-terre-suite-a-une-coupure-d-electricite\/#breadcrumb\"},\"inLanguage\":\"fr-FR\",\"potentialAction\":[{\"@type\":\"ReadAction\",\"target\":[\"https:\/\/admin.industriall-union.org\/fr\/des-mineurs-ukrainiens-bloques-sous-terre-suite-a-une-coupure-d-electricite\/\"]}]},{\"@type\":\"BreadcrumbList\",\"@id\":\"https:\/\/admin.industriall-union.org\/fr\/des-mineurs-ukrainiens-bloques-sous-terre-suite-a-une-coupure-d-electricite\/#breadcrumb\",\"itemListElement\":[{\"@type\":\"ListItem\",\"position\":1,\"name\":\"Home\",\"item\":\"https:\/\/admin.industriall-union.org\/\"},{\"@type\":\"ListItem\",\"position\":2,\"name\":\"Articles\",\"item\":\"https:\/\/admin.industriall-union.org\/article\/\"},{\"@type\":\"ListItem\",\"position\":3,\"name\":\"Des mineurs ukrainiens bloqu\u00e9s sous terre suite \u00e0 une coupure d\u2019\u00e9lectricit\u00e9\"}]},{\"@type\":\"WebSite\",\"@id\":\"https:\/\/admin.industriall-union.org\/#website\",\"url\":\"https:\/\/admin.industriall-union.org\/\",\"name\":\"industriall-union\",\"description\":\"\",\"potentialAction\":[{\"@type\":\"SearchAction\",\"target\":{\"@type\":\"EntryPoint\",\"urlTemplate\":\"https:\/\/admin.industriall-union.org\/?s={search_term_string}\"},\"query-input\":{\"@type\":\"PropertyValueSpecification\",\"valueRequired\":true,\"valueName\":\"search_term_string\"}}],\"inLanguage\":\"fr-FR\"}]}<\/script>\n<!-- \/ Yoast SEO Premium plugin. -->","yoast_head_json":{"title":"Des mineurs ukrainiens bloqu\u00e9s sous terre suite \u00e0 une coupure d\u2019\u00e9lectricit\u00e9 - industriall-union","description":"L&rsquo;alimentation \u00e9lectrique de secours a maintenu la ventilation et le pompage de l&rsquo;eau dans la mine. Finalement, l&rsquo;\u00e9lectricit\u00e9 a \u00e9t\u00e9","robots":{"index":"index","follow":"follow","max-snippet":"max-snippet:-1","max-image-preview":"max-image-preview:large","max-video-preview":"max-video-preview:-1"},"canonical":"https:\/\/admin.industriall-union.org\/fr\/des-mineurs-ukrainiens-bloques-sous-terre-suite-a-une-coupure-d-electricite\/","og_locale":"fr_FR","og_type":"article","og_title":"Des mineurs ukrainiens bloqu\u00e9s sous terre suite \u00e0 une coupure d\u2019\u00e9lectricit\u00e9","og_description":"L&rsquo;alimentation \u00e9lectrique de secours a maintenu la ventilation et le pompage de l&rsquo;eau dans la mine. Finalement, l&rsquo;\u00e9lectricit\u00e9 a \u00e9t\u00e9","og_url":"https:\/\/admin.industriall-union.org\/fr\/des-mineurs-ukrainiens-bloques-sous-terre-suite-a-une-coupure-d-electricite\/","og_site_name":"industriall-union","article_modified_time":"2025-02-04T11:07:57+00:00","twitter_card":"summary_large_image","twitter_misc":{"Est. reading time":"3 minutes"},"schema":{"@context":"https:\/\/schema.org","@graph":[{"@type":"WebPage","@id":"https:\/\/admin.industriall-union.org\/fr\/des-mineurs-ukrainiens-bloques-sous-terre-suite-a-une-coupure-d-electricite\/","url":"https:\/\/admin.industriall-union.org\/fr\/des-mineurs-ukrainiens-bloques-sous-terre-suite-a-une-coupure-d-electricite\/","name":"Des mineurs ukrainiens bloqu\u00e9s sous terre suite \u00e0 une coupure d\u2019\u00e9lectricit\u00e9 - industriall-union","isPartOf":{"@id":"https:\/\/admin.industriall-union.org\/#website"},"datePublished":"2018-04-04T13:50:48+00:00","dateModified":"2025-02-04T11:07:57+00:00","description":"L&rsquo;alimentation \u00e9lectrique de secours a maintenu la ventilation et le pompage de l&rsquo;eau dans la mine. Finalement, l&rsquo;\u00e9lectricit\u00e9 a \u00e9t\u00e9","breadcrumb":{"@id":"https:\/\/admin.industriall-union.org\/fr\/des-mineurs-ukrainiens-bloques-sous-terre-suite-a-une-coupure-d-electricite\/#breadcrumb"},"inLanguage":"fr-FR","potentialAction":[{"@type":"ReadAction","target":["https:\/\/admin.industriall-union.org\/fr\/des-mineurs-ukrainiens-bloques-sous-terre-suite-a-une-coupure-d-electricite\/"]}]},{"@type":"BreadcrumbList","@id":"https:\/\/admin.industriall-union.org\/fr\/des-mineurs-ukrainiens-bloques-sous-terre-suite-a-une-coupure-d-electricite\/#breadcrumb","itemListElement":[{"@type":"ListItem","position":1,"name":"Home","item":"https:\/\/admin.industriall-union.org\/"},{"@type":"ListItem","position":2,"name":"Articles","item":"https:\/\/admin.industriall-union.org\/article\/"},{"@type":"ListItem","position":3,"name":"Des mineurs ukrainiens bloqu\u00e9s sous terre suite \u00e0 une coupure d\u2019\u00e9lectricit\u00e9"}]},{"@type":"WebSite","@id":"https:\/\/admin.industriall-union.org\/#website","url":"https:\/\/admin.industriall-union.org\/","name":"industriall-union","description":"","potentialAction":[{"@type":"SearchAction","target":{"@type":"EntryPoint","urlTemplate":"https:\/\/admin.industriall-union.org\/?s={search_term_string}"},"query-input":{"@type":"PropertyValueSpecification","valueRequired":true,"valueName":"search_term_string"}}],"inLanguage":"fr-FR"}]}},"_links":{"self":[{"href":"https:\/\/admin.industriall-union.org\/fr\/wp-json\/wp\/v2\/article\/148956","targetHints":{"allow":["GET"]}}],"collection":[{"href":"https:\/\/admin.industriall-union.org\/fr\/wp-json\/wp\/v2\/article"}],"about":[{"href":"https:\/\/admin.industriall-union.org\/fr\/wp-json\/wp\/v2\/types\/article"}],"wp:attachment":[{"href":"https:\/\/admin.industriall-union.org\/fr\/wp-json\/wp\/v2\/media?parent=148956"}],"wp:term":[{"taxonomy":"issues","embeddable":true,"href":"https:\/\/admin.industriall-union.org\/fr\/wp-json\/wp\/v2\/issues?post=148956"},{"taxonomy":"companies","embeddable":true,"href":"https:\/\/admin.industriall-union.org\/fr\/wp-json\/wp\/v2\/companies?post=148956"},{"taxonomy":"regions","embeddable":true,"href":"https:\/\/admin.industriall-union.org\/fr\/wp-json\/wp\/v2\/regions?post=148956"},{"taxonomy":"sectors","embeddable":true,"href":"https:\/\/admin.industriall-union.org\/fr\/wp-json\/wp\/v2\/sectors?post=148956"},{"taxonomy":"article_tags","embeddable":true,"href":"https:\/\/admin.industriall-union.org\/fr\/wp-json\/wp\/v2\/article_tags?post=148956"}],"curies":[{"name":"wp","href":"https:\/\/api.w.org\/{rel}","templated":true}]}}