{"id":148949,"date":"2018-04-05T11:36:53","date_gmt":"2018-04-05T11:36:53","guid":{"rendered":"https:\/\/admin.industriall-union.org\/pakistan-11-travailleurs-tues-dans-une-serie-d-039-accidents-miniers\/"},"modified":"2025-02-04T11:02:25","modified_gmt":"2025-02-04T11:02:25","slug":"pakistan-11-travailleurs-tues-dans-une-serie-d-039-accidents-miniers","status":"publish","type":"article","link":"https:\/\/admin.industriall-union.org\/fr\/pakistan-11-travailleurs-tues-dans-une-serie-d-039-accidents-miniers\/","title":{"rendered":"Pakistan : 11 travailleurs tu\u00e9s dans une s\u00e9rie d&#039;accidents miniers"},"content":{"rendered":"<p>La crise meurtri\u00e8re de la s\u00e9curit\u00e9 dans les mines continue de faire des victimes parmi les travailleurs au Pakistan. Six auraient \u00e9t\u00e9 tu\u00e9s dans la nuit du 4 au 5 avril apr\u00e8s une explosion survenue dans un charbonnage de Sorab, dans la r\u00e9gion de Kalat, qui a lib\u00e9r\u00e9 un gaz mortel qui les a suffoqu\u00e9s.<\/p><p>Citant l&#039;Inspecteur en chef&nbsp; du D\u00e9partement des mines du gouvernement provincial du Baloutchistan, un journal r\u00e9v\u00e8le que cette mine \u00e9tait exploit\u00e9e ill\u00e9galement, sans la licence que d\u00e9livre obligatoirement le gouvernement.<\/p><p>Le 1<sup>er<\/sup> avril, une explosion chez Ali Mines, dans le district de Jhelum, a provoqu\u00e9 un effondrement de vo\u00fbte qui a pi\u00e9g\u00e9 six travailleurs sous les d\u00e9bris. D&#039;apr\u00e8s notre affili\u00e9 All Pakistan Federation of United Trade Unions, deux travailleurs ont pu \u00eatre ramen\u00e9s \u00e0 la surface, mais les quatre autres sont morts dans l&#039;accident. Les victimes sont Rehmatullah, Sabir Rehman et deux fr\u00e8res pr\u00e9nomm\u00e9s Naseebzada et Naseebullah, tous originaires du district de Shangla, dans la province de Khyber Pakhtunkhwa.<\/p><p>La Pakistan Central Mines Labour Federation, affili\u00e9e \u00e0 IndustriALL, indique que le 27 mars 2018, un mineur du nom de Fa\u00efz Ullah a \u00e9t\u00e9 tu\u00e9 pendant qu&#039;un autre, Uba\u00efd Ullah, a \u00e9t\u00e9 secouru apr\u00e8s avoir \u00e9t\u00e9 gri\u00e8vement bless\u00e9 dans un accident au charbonnage Sharigh Coal Mine.<\/p><p>Glen Mpufane, le Directeur d&#039;IndustriALL en charge des mines, a d\u00e9clar\u00e9 :<\/p><blockquote><p>&quot;Nous sommes choqu\u00e9s de l&#039;apathie et la n\u00e9gligence qui entourent la s\u00e9curit\u00e9 du secteur minier au Pakistan. En l&#039;espace de dix jours, les d\u00e9c\u00e8s de onze mineurs montrent que ni le gouvernement ni les propri\u00e9taires des mines ne se soucient vraiment de la s\u00e9curit\u00e9. Pour emp\u00eacher la r\u00e9p\u00e9tition de ces accidents mortels, le Pakistan doit agir promptement pour am\u00e9liorer la s\u00e9curit\u00e9 dans les mines, renforcer les m\u00e9canismes de contr\u00f4le et ch\u00e2tier les responsables de ces accidents. Le gouvernement devrait aussi collaborer avec les repr\u00e9sentants des travailleurs pour am\u00e9liorer la situation.&quot;<\/p><\/blockquote><p>Le 15 mars 2018, IndustriALL et ses affili\u00e9s pakistanais ont lanc\u00e9 une <a href=\"http:\/\/www.industriall-union.org\/fr\/industriall-lance-une-campagne-pour-la-sante-et-la-securite-dans-les-mines-au-pakistan\">campagne pour la sant\u00e9 et la s\u00e9curit\u00e9 dans les mines du Pakistan<\/a> et appel\u00e9 le gouvernement pakistanais \u00e0 ratifier et appliquer imm\u00e9diatement la convention 176 de l&#039;OIT sur la s\u00e9curit\u00e9 et la sant\u00e9 dans les mines.<\/p>","protected":false},"featured_media":0,"template":"","issues":[403,402],"companies":[],"regions":[155,182],"sectors":[494],"article_tags":[],"class_list":["post-148949","article","type-article","status-publish","hentry","issues-convention-176-mine-safety","issues-health-and-safety","regions-asia-pacific","regions-pakistan","sectors-mining-and-dgojp"],"acf":[],"yoast_head":"<!-- This site is optimized with the Yoast SEO Premium plugin v27.1 (Yoast SEO v27.1) - https:\/\/yoast.com\/product\/yoast-seo-premium-wordpress\/ -->\n<title>Pakistan : 11 travailleurs tu\u00e9s dans une s\u00e9rie d&#039;accidents miniers - industriall-union<\/title>\n<meta name=\"description\" content=\"La crise meurtri\u00e8re de la s\u00e9curit\u00e9 dans les mines continue de faire des victimes parmi les travailleurs au Pakistan. Six auraient \u00e9t\u00e9 tu\u00e9s dans la nuit du\" \/>\n<meta name=\"robots\" content=\"index, follow, max-snippet:-1, max-image-preview:large, max-video-preview:-1\" \/>\n<link rel=\"canonical\" href=\"https:\/\/admin.industriall-union.org\/fr\/pakistan-11-travailleurs-tues-dans-une-serie-d-039-accidents-miniers\/\" \/>\n<meta property=\"og:locale\" content=\"fr_FR\" \/>\n<meta property=\"og:type\" content=\"article\" \/>\n<meta property=\"og:title\" content=\"Pakistan : 11 travailleurs tu\u00e9s dans une s\u00e9rie d&#039;accidents miniers\" \/>\n<meta property=\"og:description\" content=\"La crise meurtri\u00e8re de la s\u00e9curit\u00e9 dans les mines continue de faire des victimes parmi les travailleurs au Pakistan. Six auraient \u00e9t\u00e9 tu\u00e9s dans la nuit du\" \/>\n<meta property=\"og:url\" content=\"https:\/\/admin.industriall-union.org\/fr\/pakistan-11-travailleurs-tues-dans-une-serie-d-039-accidents-miniers\/\" \/>\n<meta property=\"og:site_name\" content=\"industriall-union\" \/>\n<meta property=\"article:modified_time\" content=\"2025-02-04T11:02:25+00:00\" \/>\n<meta name=\"twitter:card\" content=\"summary_large_image\" \/>\n<meta name=\"twitter:label1\" content=\"Est. reading time\" \/>\n\t<meta name=\"twitter:data1\" content=\"2 minutes\" \/>\n<script type=\"application\/ld+json\" class=\"yoast-schema-graph\">{\"@context\":\"https:\/\/schema.org\",\"@graph\":[{\"@type\":\"WebPage\",\"@id\":\"https:\/\/admin.industriall-union.org\/fr\/pakistan-11-travailleurs-tues-dans-une-serie-d-039-accidents-miniers\/\",\"url\":\"https:\/\/admin.industriall-union.org\/fr\/pakistan-11-travailleurs-tues-dans-une-serie-d-039-accidents-miniers\/\",\"name\":\"Pakistan : 11 travailleurs tu\u00e9s dans une s\u00e9rie d&#039;accidents miniers - industriall-union\",\"isPartOf\":{\"@id\":\"https:\/\/admin.industriall-union.org\/#website\"},\"datePublished\":\"2018-04-05T11:36:53+00:00\",\"dateModified\":\"2025-02-04T11:02:25+00:00\",\"description\":\"La crise meurtri\u00e8re de la s\u00e9curit\u00e9 dans les mines continue de faire des victimes parmi les travailleurs au Pakistan. Six auraient \u00e9t\u00e9 tu\u00e9s dans la nuit du\",\"breadcrumb\":{\"@id\":\"https:\/\/admin.industriall-union.org\/fr\/pakistan-11-travailleurs-tues-dans-une-serie-d-039-accidents-miniers\/#breadcrumb\"},\"inLanguage\":\"fr-FR\",\"potentialAction\":[{\"@type\":\"ReadAction\",\"target\":[\"https:\/\/admin.industriall-union.org\/fr\/pakistan-11-travailleurs-tues-dans-une-serie-d-039-accidents-miniers\/\"]}]},{\"@type\":\"BreadcrumbList\",\"@id\":\"https:\/\/admin.industriall-union.org\/fr\/pakistan-11-travailleurs-tues-dans-une-serie-d-039-accidents-miniers\/#breadcrumb\",\"itemListElement\":[{\"@type\":\"ListItem\",\"position\":1,\"name\":\"Home\",\"item\":\"https:\/\/admin.industriall-union.org\/\"},{\"@type\":\"ListItem\",\"position\":2,\"name\":\"Articles\",\"item\":\"https:\/\/admin.industriall-union.org\/article\/\"},{\"@type\":\"ListItem\",\"position\":3,\"name\":\"Pakistan : 11 travailleurs tu\u00e9s dans une s\u00e9rie d&#039;accidents miniers\"}]},{\"@type\":\"WebSite\",\"@id\":\"https:\/\/admin.industriall-union.org\/#website\",\"url\":\"https:\/\/admin.industriall-union.org\/\",\"name\":\"industriall-union\",\"description\":\"\",\"potentialAction\":[{\"@type\":\"SearchAction\",\"target\":{\"@type\":\"EntryPoint\",\"urlTemplate\":\"https:\/\/admin.industriall-union.org\/?s={search_term_string}\"},\"query-input\":{\"@type\":\"PropertyValueSpecification\",\"valueRequired\":true,\"valueName\":\"search_term_string\"}}],\"inLanguage\":\"fr-FR\"}]}<\/script>\n<!-- \/ Yoast SEO Premium plugin. -->","yoast_head_json":{"title":"Pakistan : 11 travailleurs tu\u00e9s dans une s\u00e9rie d&#039;accidents miniers - industriall-union","description":"La crise meurtri\u00e8re de la s\u00e9curit\u00e9 dans les mines continue de faire des victimes parmi les travailleurs au Pakistan. Six auraient \u00e9t\u00e9 tu\u00e9s dans la nuit du","robots":{"index":"index","follow":"follow","max-snippet":"max-snippet:-1","max-image-preview":"max-image-preview:large","max-video-preview":"max-video-preview:-1"},"canonical":"https:\/\/admin.industriall-union.org\/fr\/pakistan-11-travailleurs-tues-dans-une-serie-d-039-accidents-miniers\/","og_locale":"fr_FR","og_type":"article","og_title":"Pakistan : 11 travailleurs tu\u00e9s dans une s\u00e9rie d&#039;accidents miniers","og_description":"La crise meurtri\u00e8re de la s\u00e9curit\u00e9 dans les mines continue de faire des victimes parmi les travailleurs au Pakistan. Six auraient \u00e9t\u00e9 tu\u00e9s dans la nuit du","og_url":"https:\/\/admin.industriall-union.org\/fr\/pakistan-11-travailleurs-tues-dans-une-serie-d-039-accidents-miniers\/","og_site_name":"industriall-union","article_modified_time":"2025-02-04T11:02:25+00:00","twitter_card":"summary_large_image","twitter_misc":{"Est. reading time":"2 minutes"},"schema":{"@context":"https:\/\/schema.org","@graph":[{"@type":"WebPage","@id":"https:\/\/admin.industriall-union.org\/fr\/pakistan-11-travailleurs-tues-dans-une-serie-d-039-accidents-miniers\/","url":"https:\/\/admin.industriall-union.org\/fr\/pakistan-11-travailleurs-tues-dans-une-serie-d-039-accidents-miniers\/","name":"Pakistan : 11 travailleurs tu\u00e9s dans une s\u00e9rie d&#039;accidents miniers - industriall-union","isPartOf":{"@id":"https:\/\/admin.industriall-union.org\/#website"},"datePublished":"2018-04-05T11:36:53+00:00","dateModified":"2025-02-04T11:02:25+00:00","description":"La crise meurtri\u00e8re de la s\u00e9curit\u00e9 dans les mines continue de faire des victimes parmi les travailleurs au Pakistan. Six auraient \u00e9t\u00e9 tu\u00e9s dans la nuit du","breadcrumb":{"@id":"https:\/\/admin.industriall-union.org\/fr\/pakistan-11-travailleurs-tues-dans-une-serie-d-039-accidents-miniers\/#breadcrumb"},"inLanguage":"fr-FR","potentialAction":[{"@type":"ReadAction","target":["https:\/\/admin.industriall-union.org\/fr\/pakistan-11-travailleurs-tues-dans-une-serie-d-039-accidents-miniers\/"]}]},{"@type":"BreadcrumbList","@id":"https:\/\/admin.industriall-union.org\/fr\/pakistan-11-travailleurs-tues-dans-une-serie-d-039-accidents-miniers\/#breadcrumb","itemListElement":[{"@type":"ListItem","position":1,"name":"Home","item":"https:\/\/admin.industriall-union.org\/"},{"@type":"ListItem","position":2,"name":"Articles","item":"https:\/\/admin.industriall-union.org\/article\/"},{"@type":"ListItem","position":3,"name":"Pakistan : 11 travailleurs tu\u00e9s dans une s\u00e9rie d&#039;accidents miniers"}]},{"@type":"WebSite","@id":"https:\/\/admin.industriall-union.org\/#website","url":"https:\/\/admin.industriall-union.org\/","name":"industriall-union","description":"","potentialAction":[{"@type":"SearchAction","target":{"@type":"EntryPoint","urlTemplate":"https:\/\/admin.industriall-union.org\/?s={search_term_string}"},"query-input":{"@type":"PropertyValueSpecification","valueRequired":true,"valueName":"search_term_string"}}],"inLanguage":"fr-FR"}]}},"_links":{"self":[{"href":"https:\/\/admin.industriall-union.org\/fr\/wp-json\/wp\/v2\/article\/148949","targetHints":{"allow":["GET"]}}],"collection":[{"href":"https:\/\/admin.industriall-union.org\/fr\/wp-json\/wp\/v2\/article"}],"about":[{"href":"https:\/\/admin.industriall-union.org\/fr\/wp-json\/wp\/v2\/types\/article"}],"wp:attachment":[{"href":"https:\/\/admin.industriall-union.org\/fr\/wp-json\/wp\/v2\/media?parent=148949"}],"wp:term":[{"taxonomy":"issues","embeddable":true,"href":"https:\/\/admin.industriall-union.org\/fr\/wp-json\/wp\/v2\/issues?post=148949"},{"taxonomy":"companies","embeddable":true,"href":"https:\/\/admin.industriall-union.org\/fr\/wp-json\/wp\/v2\/companies?post=148949"},{"taxonomy":"regions","embeddable":true,"href":"https:\/\/admin.industriall-union.org\/fr\/wp-json\/wp\/v2\/regions?post=148949"},{"taxonomy":"sectors","embeddable":true,"href":"https:\/\/admin.industriall-union.org\/fr\/wp-json\/wp\/v2\/sectors?post=148949"},{"taxonomy":"article_tags","embeddable":true,"href":"https:\/\/admin.industriall-union.org\/fr\/wp-json\/wp\/v2\/article_tags?post=148949"}],"curies":[{"name":"wp","href":"https:\/\/api.w.org\/{rel}","templated":true}]}}