{"id":148841,"date":"2018-05-02T15:50:26","date_gmt":"2018-05-02T15:50:26","guid":{"rendered":"https:\/\/admin.industriall-union.org\/le-comite-executif-appelle-a-une-plus-grande-solidarite\/"},"modified":"2025-02-04T09:25:54","modified_gmt":"2025-02-04T09:25:54","slug":"le-comite-executif-appelle-a-une-plus-grande-solidarite","status":"publish","type":"article","link":"https:\/\/admin.industriall-union.org\/fr\/le-comite-executif-appelle-a-une-plus-grande-solidarite\/","title":{"rendered":"Le Comit\u00e9 ex\u00e9cutif appelle \u00e0 une plus grande solidarit\u00e9"},"content":{"rendered":"<p>L&rsquo;assembl\u00e9e a entendu des dirigeants syndicaux qui sont directement concern\u00e9s par l&rsquo;oppression de leurs gouvernements, en Bi\u00e9lorussie et en Alg\u00e9rie. Des appels ont \u00e9galement \u00e9t\u00e9 lanc\u00e9s en vue de mieux mettre en \u0153uvre les accords-cadres mondiaux (ACM) au sein d&rsquo;entreprises qui contreviennent aux droits fondamentaux des travailleurs.<\/p><p>&ldquo;Nous devons nous servir des ACM pour confronter ces entreprises \u00e0 leurs d\u00e9clarations publiques par rapport \u00e0 la mani\u00e8re dont elles se comportent. Quoi qu&rsquo;il en soit, ils ne constituent pas une garantie, nous devons dans le m\u00eame temps faire preuve de solidarit\u00e9,&rdquo; a d\u00e9clar\u00e9 le Pr\u00e9sident d&rsquo;IndustriALL J\u00f6rg Hofmann.<\/p><p>\u00c0 la lumi\u00e8re de l&rsquo;imposition r\u00e9cente par le Pr\u00e9sident Trump de tarifs douaniers \u00e9lev\u00e9s sur l&rsquo;acier et l&rsquo;aluminium, J\u00f6rg Hofmann a appel\u00e9 \u00e0 des politiques commerciales qui b\u00e9n\u00e9ficient au plus grand nombre et non \u00e0 quelques privil\u00e9gi\u00e9s&nbsp;:<\/p><p>&ldquo;Le protectionnisme n&rsquo;est pas la solution pour prot\u00e9ger l&rsquo;emploi et les moyens d&rsquo;existence&#8230; Nous souhaitons que le commerce soit libre mais aussi qu&rsquo;il soit \u00e9quitable. Nous devons d\u00e9finir ce qu&rsquo;est le commerce \u00e9quitable et, aussi, comment y parvenir.&rdquo;<\/p><p>De faibles taux de croissance, un accroissement du travail pr\u00e9caire ainsi que la num\u00e9risation continuent \u00e0 affecter les syndicats. Les d\u00e9bats sur Industrie 4.0 ont soulign\u00e9 le besoin de strat\u00e9gies nationales et internationales en vue de pr\u00e9parer les travailleurs et travailleuses d&rsquo;aujourd&rsquo;hui aux emplois de demain.<\/p><p>&ldquo;Une politique forte est n\u00e9cessaire en faveur de la transition \u00e9nerg\u00e9tique qui soit une Transition juste, en particulier pour les secteurs du p\u00e9trole, du gaz et du charbon,&rdquo; a indiqu\u00e9 le Secr\u00e9taire g\u00e9n\u00e9ral d&rsquo;IndustriALL, Valter Sanches.<\/p><p>Il a \u00e9galement soulign\u00e9 le besoin pour IndustriALL d&rsquo;adopter une approche intersectorielle au sein de son travail et de se concentrer sur les cha\u00eenes d&rsquo;approvisionnement mondiales, o\u00f9 les secteurs s&rsquo;entrem\u00ealent de plus en plus, en particulier dans le cadre d&rsquo;Industrie 4.0.<\/p><p>L&rsquo;assembl\u00e9e a adopt\u00e9 deux r\u00e9solutions. La premi\u00e8re, en soutien \u00e0 l&rsquo;ancien Pr\u00e9sident br\u00e9silien Luiz In\u00e1cio Lula da Silva, a fait suite \u00e0 une <a href=\"http:\/\/www.industriall-union.org\/fr\/liberte-pour-lula\">manifestation de la part du Comit\u00e9 ex\u00e9cutif<\/a> devant les Nations Unies, pour revendiquer sa lib\u00e9ration de prison. La r\u00e9solution d\u00e9savoue son incarc\u00e9ration, qui est destin\u00e9e \u00e0 l&rsquo;emp\u00eacher de se pr\u00e9senter \u00e0 la pr\u00e9sidentielle.<\/p><p>Au cours de cette semaine, qui \u00e9tait celle du cinqui\u00e8me anniversaire de l&rsquo;effondrement du Rana Plaza au Bangladesh le 24 avril 2013, tuant 1.134 travailleurs et travailleuses de la confection, le Comit\u00e9 ex\u00e9cutif a adopt\u00e9 une deuxi\u00e8me r\u00e9solution sur la sant\u00e9 et la s\u00e9curit\u00e9 au travail, marquant le 28 avril, Journ\u00e9e internationale de comm\u00e9moration des travailleurs morts et bless\u00e9s.<\/p><p>La r\u00e9solution appelle IndustriALL \u00e0 renouveler ou poursuivre ses campagnes en faveur de la sant\u00e9 et de la s\u00e9curit\u00e9 sur les lieux de travail au b\u00e9n\u00e9fice de l&rsquo;ensemble des travailleurs et travailleuses au sein de toutes les industries, et notamment ses campagnes en faveur de la ratification de la Convention de l&rsquo;OIT sur la S\u00e9curit\u00e9 dans les mines (C176), de lieux de travail s\u00fbrs au Bangladesh, ainsi que ses campagnes contre l&rsquo;amiante, le sablage et les cancers professionnels.<\/p><p>Le Comit\u00e9 ex\u00e9cutif a aussi approuv\u00e9 une proposition des syndicats sud-africains d&rsquo;accueillir le Congr\u00e8s d&rsquo;IndustriALL en 2020.<\/p><p>Le Comit\u00e9 ex\u00e9cutif a entendu les d\u00e9clarations de Raouf Mellal, Pr\u00e9sident de notre affili\u00e9 alg\u00e9rien de l&rsquo;\u00e9nergie SNATEGS, qui a d\u00e9crit la <a href=\"http:\/\/www.industriall-union.org\/fr\/industriall-et-les-syndicats-mondiaux-protestent-contre-les-proces-de-dirigeants-syndicaux-algeriens\">pers\u00e9cution politique des syndicalistes en Alg\u00e9rie<\/a>. Mellal est sous la menace de 17 mois de prison du fait d&rsquo;accusations mont\u00e9es de toutes pi\u00e8ces.<\/p><p>Gennady Fedynich, Pr\u00e9sident du Syndicat des travailleurs de l&rsquo;industrie bi\u00e9lorusse de la radio et de l&rsquo;\u00e9lectronique (REP) et membre du Comit\u00e9 ex\u00e9cutif d&rsquo;IndustriALL, s&rsquo;est joint \u00e0 la r\u00e9union par visioconf\u00e9rence, s&rsquo;\u00e9tant vu refuser l&rsquo;autorisation de quitter le pays. Fedynich a indiqu\u00e9 que le gouvernement bi\u00e9lorusse essayait de d\u00e9manteler son syndicat parce qu&rsquo;il jouit d&rsquo;un grand respect parmi les travailleurs et travailleuses cols bleus.<\/p><p>IndustriALL a r\u00e9cemment conduit une <a href=\"http:\/\/www.industriall-union.org\/fr\/les-syndicats-mondiaux-exigent-que-soit-mis-fin-aux-violations-des-droits-des-travailleurs-en\">mission en Bi\u00e9lorussie<\/a> destin\u00e9e \u00e0 faire cesser les poursuites criminelles \u00e0 l&rsquo;encontre des dirigeants du REP et \u00e0 apporter sa solidarit\u00e9. &ldquo;Ce n&rsquo;est que par nos efforts communs que nous allons parvenir \u00e0 prot\u00e9ger les droits de nos adh\u00e9rents et de nos organisations,&rdquo; a d\u00e9clar\u00e9 Fedynich.<\/p><p>La prochaine r\u00e9union du Comit\u00e9 ex\u00e9cutif se tiendra \u00e0 Mexico City les 29 et 30 novembre 2018.<\/p>","protected":false},"featured_media":0,"template":"","issues":[393,403,407,402,422,391,409,413],"companies":[],"regions":[202,248],"sectors":[],"article_tags":[511],"class_list":["post-148841","article","type-article","status-publish","hentry","issues-climate-change-just-transition","issues-convention-176-mine-safety","issues-global-framework-agreements","issues-health-and-safety","issues-human-trade-union-rights","issues-industry-40","issues-multinational-companies-mncs","issues-trade","regions-europe","regions-switzerland","article_tags-industriall"],"acf":[],"yoast_head":"<!-- This site is optimized with the Yoast SEO Premium plugin v27.1 (Yoast SEO v27.1) - https:\/\/yoast.com\/product\/yoast-seo-premium-wordpress\/ -->\n<title>Le Comit\u00e9 ex\u00e9cutif appelle \u00e0 une plus grande solidarit\u00e9 - industriall-union<\/title>\n<meta name=\"description\" content=\"L&rsquo;assembl\u00e9e a entendu des dirigeants syndicaux qui sont directement concern\u00e9s par l&rsquo;oppression de leurs gouvernements, en Bi\u00e9lorussie et en\" \/>\n<meta name=\"robots\" content=\"index, follow, max-snippet:-1, max-image-preview:large, max-video-preview:-1\" \/>\n<link rel=\"canonical\" href=\"https:\/\/admin.industriall-union.org\/fr\/le-comite-executif-appelle-a-une-plus-grande-solidarite\/\" \/>\n<meta property=\"og:locale\" content=\"fr_FR\" \/>\n<meta property=\"og:type\" content=\"article\" \/>\n<meta property=\"og:title\" content=\"Le Comit\u00e9 ex\u00e9cutif appelle \u00e0 une plus grande solidarit\u00e9\" \/>\n<meta property=\"og:description\" content=\"L&rsquo;assembl\u00e9e a entendu des dirigeants syndicaux qui sont directement concern\u00e9s par l&rsquo;oppression de leurs gouvernements, en Bi\u00e9lorussie et en\" \/>\n<meta property=\"og:url\" content=\"https:\/\/admin.industriall-union.org\/fr\/le-comite-executif-appelle-a-une-plus-grande-solidarite\/\" \/>\n<meta property=\"og:site_name\" content=\"industriall-union\" \/>\n<meta property=\"article:modified_time\" content=\"2025-02-04T09:25:54+00:00\" \/>\n<meta name=\"twitter:card\" content=\"summary_large_image\" \/>\n<meta name=\"twitter:label1\" content=\"Est. reading time\" \/>\n\t<meta name=\"twitter:data1\" content=\"4 minutes\" \/>\n<script type=\"application\/ld+json\" class=\"yoast-schema-graph\">{\"@context\":\"https:\/\/schema.org\",\"@graph\":[{\"@type\":\"WebPage\",\"@id\":\"https:\/\/admin.industriall-union.org\/fr\/le-comite-executif-appelle-a-une-plus-grande-solidarite\/\",\"url\":\"https:\/\/admin.industriall-union.org\/fr\/le-comite-executif-appelle-a-une-plus-grande-solidarite\/\",\"name\":\"Le Comit\u00e9 ex\u00e9cutif appelle \u00e0 une plus grande solidarit\u00e9 - industriall-union\",\"isPartOf\":{\"@id\":\"https:\/\/admin.industriall-union.org\/#website\"},\"datePublished\":\"2018-05-02T15:50:26+00:00\",\"dateModified\":\"2025-02-04T09:25:54+00:00\",\"description\":\"L&rsquo;assembl\u00e9e a entendu des dirigeants syndicaux qui sont directement concern\u00e9s par l&rsquo;oppression de leurs gouvernements, en Bi\u00e9lorussie et en\",\"breadcrumb\":{\"@id\":\"https:\/\/admin.industriall-union.org\/fr\/le-comite-executif-appelle-a-une-plus-grande-solidarite\/#breadcrumb\"},\"inLanguage\":\"fr-FR\",\"potentialAction\":[{\"@type\":\"ReadAction\",\"target\":[\"https:\/\/admin.industriall-union.org\/fr\/le-comite-executif-appelle-a-une-plus-grande-solidarite\/\"]}]},{\"@type\":\"BreadcrumbList\",\"@id\":\"https:\/\/admin.industriall-union.org\/fr\/le-comite-executif-appelle-a-une-plus-grande-solidarite\/#breadcrumb\",\"itemListElement\":[{\"@type\":\"ListItem\",\"position\":1,\"name\":\"Home\",\"item\":\"https:\/\/admin.industriall-union.org\/\"},{\"@type\":\"ListItem\",\"position\":2,\"name\":\"Articles\",\"item\":\"https:\/\/admin.industriall-union.org\/article\/\"},{\"@type\":\"ListItem\",\"position\":3,\"name\":\"Le Comit\u00e9 ex\u00e9cutif appelle \u00e0 une plus grande solidarit\u00e9\"}]},{\"@type\":\"WebSite\",\"@id\":\"https:\/\/admin.industriall-union.org\/#website\",\"url\":\"https:\/\/admin.industriall-union.org\/\",\"name\":\"industriall-union\",\"description\":\"\",\"potentialAction\":[{\"@type\":\"SearchAction\",\"target\":{\"@type\":\"EntryPoint\",\"urlTemplate\":\"https:\/\/admin.industriall-union.org\/?s={search_term_string}\"},\"query-input\":{\"@type\":\"PropertyValueSpecification\",\"valueRequired\":true,\"valueName\":\"search_term_string\"}}],\"inLanguage\":\"fr-FR\"}]}<\/script>\n<!-- \/ Yoast SEO Premium plugin. -->","yoast_head_json":{"title":"Le Comit\u00e9 ex\u00e9cutif appelle \u00e0 une plus grande solidarit\u00e9 - industriall-union","description":"L&rsquo;assembl\u00e9e a entendu des dirigeants syndicaux qui sont directement concern\u00e9s par l&rsquo;oppression de leurs gouvernements, en Bi\u00e9lorussie et en","robots":{"index":"index","follow":"follow","max-snippet":"max-snippet:-1","max-image-preview":"max-image-preview:large","max-video-preview":"max-video-preview:-1"},"canonical":"https:\/\/admin.industriall-union.org\/fr\/le-comite-executif-appelle-a-une-plus-grande-solidarite\/","og_locale":"fr_FR","og_type":"article","og_title":"Le Comit\u00e9 ex\u00e9cutif appelle \u00e0 une plus grande solidarit\u00e9","og_description":"L&rsquo;assembl\u00e9e a entendu des dirigeants syndicaux qui sont directement concern\u00e9s par l&rsquo;oppression de leurs gouvernements, en Bi\u00e9lorussie et en","og_url":"https:\/\/admin.industriall-union.org\/fr\/le-comite-executif-appelle-a-une-plus-grande-solidarite\/","og_site_name":"industriall-union","article_modified_time":"2025-02-04T09:25:54+00:00","twitter_card":"summary_large_image","twitter_misc":{"Est. reading time":"4 minutes"},"schema":{"@context":"https:\/\/schema.org","@graph":[{"@type":"WebPage","@id":"https:\/\/admin.industriall-union.org\/fr\/le-comite-executif-appelle-a-une-plus-grande-solidarite\/","url":"https:\/\/admin.industriall-union.org\/fr\/le-comite-executif-appelle-a-une-plus-grande-solidarite\/","name":"Le Comit\u00e9 ex\u00e9cutif appelle \u00e0 une plus grande solidarit\u00e9 - industriall-union","isPartOf":{"@id":"https:\/\/admin.industriall-union.org\/#website"},"datePublished":"2018-05-02T15:50:26+00:00","dateModified":"2025-02-04T09:25:54+00:00","description":"L&rsquo;assembl\u00e9e a entendu des dirigeants syndicaux qui sont directement concern\u00e9s par l&rsquo;oppression de leurs gouvernements, en Bi\u00e9lorussie et en","breadcrumb":{"@id":"https:\/\/admin.industriall-union.org\/fr\/le-comite-executif-appelle-a-une-plus-grande-solidarite\/#breadcrumb"},"inLanguage":"fr-FR","potentialAction":[{"@type":"ReadAction","target":["https:\/\/admin.industriall-union.org\/fr\/le-comite-executif-appelle-a-une-plus-grande-solidarite\/"]}]},{"@type":"BreadcrumbList","@id":"https:\/\/admin.industriall-union.org\/fr\/le-comite-executif-appelle-a-une-plus-grande-solidarite\/#breadcrumb","itemListElement":[{"@type":"ListItem","position":1,"name":"Home","item":"https:\/\/admin.industriall-union.org\/"},{"@type":"ListItem","position":2,"name":"Articles","item":"https:\/\/admin.industriall-union.org\/article\/"},{"@type":"ListItem","position":3,"name":"Le Comit\u00e9 ex\u00e9cutif appelle \u00e0 une plus grande solidarit\u00e9"}]},{"@type":"WebSite","@id":"https:\/\/admin.industriall-union.org\/#website","url":"https:\/\/admin.industriall-union.org\/","name":"industriall-union","description":"","potentialAction":[{"@type":"SearchAction","target":{"@type":"EntryPoint","urlTemplate":"https:\/\/admin.industriall-union.org\/?s={search_term_string}"},"query-input":{"@type":"PropertyValueSpecification","valueRequired":true,"valueName":"search_term_string"}}],"inLanguage":"fr-FR"}]}},"_links":{"self":[{"href":"https:\/\/admin.industriall-union.org\/fr\/wp-json\/wp\/v2\/article\/148841","targetHints":{"allow":["GET"]}}],"collection":[{"href":"https:\/\/admin.industriall-union.org\/fr\/wp-json\/wp\/v2\/article"}],"about":[{"href":"https:\/\/admin.industriall-union.org\/fr\/wp-json\/wp\/v2\/types\/article"}],"wp:attachment":[{"href":"https:\/\/admin.industriall-union.org\/fr\/wp-json\/wp\/v2\/media?parent=148841"}],"wp:term":[{"taxonomy":"issues","embeddable":true,"href":"https:\/\/admin.industriall-union.org\/fr\/wp-json\/wp\/v2\/issues?post=148841"},{"taxonomy":"companies","embeddable":true,"href":"https:\/\/admin.industriall-union.org\/fr\/wp-json\/wp\/v2\/companies?post=148841"},{"taxonomy":"regions","embeddable":true,"href":"https:\/\/admin.industriall-union.org\/fr\/wp-json\/wp\/v2\/regions?post=148841"},{"taxonomy":"sectors","embeddable":true,"href":"https:\/\/admin.industriall-union.org\/fr\/wp-json\/wp\/v2\/sectors?post=148841"},{"taxonomy":"article_tags","embeddable":true,"href":"https:\/\/admin.industriall-union.org\/fr\/wp-json\/wp\/v2\/article_tags?post=148841"}],"curies":[{"name":"wp","href":"https:\/\/api.w.org\/{rel}","templated":true}]}}