{"id":148772,"date":"2018-05-10T02:26:32","date_gmt":"2018-05-10T02:26:32","guid":{"rendered":"https:\/\/admin.industriall-union.org\/un-reseau-syndical-ouvre-des-portes-a-deere\/"},"modified":"2025-02-04T08:59:56","modified_gmt":"2025-02-04T08:59:56","slug":"un-reseau-syndical-ouvre-des-portes-a-deere","status":"publish","type":"article","link":"https:\/\/admin.industriall-union.org\/fr\/un-reseau-syndical-ouvre-des-portes-a-deere\/","title":{"rendered":"Un r\u00e9seau syndical ouvre des portes \u00e0 Deere"},"content":{"rendered":"<p>Pour la premi\u00e8re fois, le r\u00e9seau syndical mondial, cr\u00e9\u00e9 en 2012, en Suisse, est parvenu \u00e0 \u00e9changer avec l&rsquo;\u00e9tat-major de la compagnie. Les affili\u00e9s d&rsquo;IndustriALL Global Union, \u00e0 savoir les travailleurs unis de l&rsquo;auto (UAW- United Auto Workers), ont d\u00fb d\u00e9ployer de nombreux efforts et avoir de nombreuses discussions pour gagner la confiance de la direction et franchir \u00e0 une telle \u00e9tape, montrant l&rsquo;engagement ferme de la compagnie \u00e0 poursuivre le dialogue avec ses employ\u00e9s et leurs syndicats dans le monde entier.<\/p><p>La r\u00e9union, organis\u00e9e au si\u00e8ge de Deere &amp; Company, situ\u00e9 \u00e0 Moline, dans l&rsquo;Illinois (USA), a commenc\u00e9 par la visite d&rsquo;une ferme, o\u00f9 les travailleurs de Deere ont pu voir leurs mat\u00e9riels en service et la mani\u00e8re dont leur travail facilite celui du client final, l&rsquo;agriculteur.<\/p><p>La compagnie a fait une visite guid\u00e9e de son installation \u00e0 Davenport, dans l&rsquo;Iowa, o\u00f9 la plupart des machines de construction et sylvicoles sont assembl\u00e9es. Une session conjointe avec les cadres sup\u00e9rieurs et les syndicats a suivi. Au cours de cette session, Max A. Guinn, pr\u00e9sident du secteur construction et foresterie au niveau mondial de John Deere, a fait un expos\u00e9 et r\u00e9pondu aux questions des syndicats.<\/p><p>Samuel R. Allen, pr\u00e9sident et PDG de la compagnie, a rejoint les d\u00e9l\u00e9gu\u00e9s au d\u00eener organis\u00e9 avec la direction et s&rsquo;est exprim\u00e9 au sujet du long processus de cr\u00e9ation du respect et de la confiance mutuels entre la direction de la compagnie et la direction du syndicat. Allen a \u00e9galement \u00e9voqu\u00e9 les bonnes relations de travail de longue dur\u00e9e avec le pr\u00e9sident de l&rsquo;UAW, Dennis Williams, sur le point de partir \u00e0 la retraite, pr\u00e9sent \u00e0 l&rsquo;\u00e9v\u00e9nement.<\/p><p>Dennis Williams a indiqu\u00e9:<\/p><blockquote><p>&laquo;&nbsp;Je me r\u00e9jouis de voir le succ\u00e8s auquel est parvenu ce r\u00e9seau aujourd&rsquo;hui et \u00e0 quel point il s&rsquo;est d\u00e9velopp\u00e9. Tout le monde est ici; mes coll\u00e8gues br\u00e9siliens et d&rsquo;autres coll\u00e8gues venus du monde entier. John Deere accueille cette r\u00e9union qui sera, j&rsquo;en suis s\u00fbre, une r\u00e9ussite &raquo;.<\/p><\/blockquote><p>Matthias Hartwich, directeur d&rsquo;IndustriALL pour le g\u00e9nie m\u00e9canique, a d\u00e9clar\u00e9:<\/p><blockquote><p>&laquo;&nbsp;Pour certaines compagnies, comprimer le personnel est la fa\u00e7on la plus facile de g\u00e9n\u00e9rer des profits. Ces entreprises pensent que les revenus des travailleurs sont toujours trop \u00e9lev\u00e9s et doivent \u00eatre diminu\u00e9s, c&rsquo;est pourquoi ils tentent de tenir \u00e0 l&rsquo;\u00e9cart les syndicats. Ce n&rsquo;est pas le cas \u00e0 Deere.<\/p><p>J&rsquo;esp\u00e8re que nous pourrons poursuivre le processus lanc\u00e9 cette ann\u00e9e. Instaurer la confiance entre les syndicats et le patronat prend toujours beaucoup de temps, mais je pense que nous avons fait un \u00e9norme pas en avant cette ann\u00e9e&nbsp;&raquo;. &nbsp;<\/p><\/blockquote><p>Les participants ont unanimement demand\u00e9 que le r\u00e9seau continue de tenir ses r\u00e9unions r\u00e9guli\u00e8res annuelles, et ont \u00e9galement exprim\u00e9 leur engagement syndical.<\/p><p>Deere and Company est une des multinationales leaders dans le secteur. La compagnie fabrique des \u00e9quipements agricoles et sylvicoles ainsi que du mat\u00e9riel de construction sous la principale marque John Deere.<\/p>","protected":false},"featured_media":0,"template":"","issues":[409],"companies":[81],"regions":[310],"sectors":[475],"article_tags":[],"class_list":["post-148772","article","type-article","status-publish","hentry","issues-multinational-companies-mncs","companies-john-deere","regions-usa","sectors-mechanical-engineering"],"acf":[],"yoast_head":"<!-- This site is optimized with the Yoast SEO Premium plugin v27.1 (Yoast SEO v27.1) - https:\/\/yoast.com\/product\/yoast-seo-premium-wordpress\/ -->\n<title>Un r\u00e9seau syndical ouvre des portes \u00e0 Deere - industriall-union<\/title>\n<meta name=\"description\" content=\"Pour la premi\u00e8re fois, le r\u00e9seau syndical mondial, cr\u00e9\u00e9 en 2012, en Suisse, est parvenu \u00e0 \u00e9changer avec l&rsquo;\u00e9tat-major de la compagnie. Les affili\u00e9s\" \/>\n<meta name=\"robots\" content=\"index, follow, max-snippet:-1, max-image-preview:large, max-video-preview:-1\" \/>\n<link rel=\"canonical\" href=\"https:\/\/admin.industriall-union.org\/fr\/un-reseau-syndical-ouvre-des-portes-a-deere\/\" \/>\n<meta property=\"og:locale\" content=\"fr_FR\" \/>\n<meta property=\"og:type\" content=\"article\" \/>\n<meta property=\"og:title\" content=\"Un r\u00e9seau syndical ouvre des portes \u00e0 Deere\" \/>\n<meta property=\"og:description\" content=\"Pour la premi\u00e8re fois, le r\u00e9seau syndical mondial, cr\u00e9\u00e9 en 2012, en Suisse, est parvenu \u00e0 \u00e9changer avec l&rsquo;\u00e9tat-major de la compagnie. Les affili\u00e9s\" \/>\n<meta property=\"og:url\" content=\"https:\/\/admin.industriall-union.org\/fr\/un-reseau-syndical-ouvre-des-portes-a-deere\/\" \/>\n<meta property=\"og:site_name\" content=\"industriall-union\" \/>\n<meta property=\"article:modified_time\" content=\"2025-02-04T08:59:56+00:00\" \/>\n<meta name=\"twitter:card\" content=\"summary_large_image\" \/>\n<meta name=\"twitter:label1\" content=\"Est. reading time\" \/>\n\t<meta name=\"twitter:data1\" content=\"3 minutes\" \/>\n<script type=\"application\/ld+json\" class=\"yoast-schema-graph\">{\"@context\":\"https:\/\/schema.org\",\"@graph\":[{\"@type\":\"WebPage\",\"@id\":\"https:\/\/admin.industriall-union.org\/fr\/un-reseau-syndical-ouvre-des-portes-a-deere\/\",\"url\":\"https:\/\/admin.industriall-union.org\/fr\/un-reseau-syndical-ouvre-des-portes-a-deere\/\",\"name\":\"Un r\u00e9seau syndical ouvre des portes \u00e0 Deere - industriall-union\",\"isPartOf\":{\"@id\":\"https:\/\/admin.industriall-union.org\/#website\"},\"datePublished\":\"2018-05-10T02:26:32+00:00\",\"dateModified\":\"2025-02-04T08:59:56+00:00\",\"description\":\"Pour la premi\u00e8re fois, le r\u00e9seau syndical mondial, cr\u00e9\u00e9 en 2012, en Suisse, est parvenu \u00e0 \u00e9changer avec l&rsquo;\u00e9tat-major de la compagnie. Les affili\u00e9s\",\"breadcrumb\":{\"@id\":\"https:\/\/admin.industriall-union.org\/fr\/un-reseau-syndical-ouvre-des-portes-a-deere\/#breadcrumb\"},\"inLanguage\":\"fr-FR\",\"potentialAction\":[{\"@type\":\"ReadAction\",\"target\":[\"https:\/\/admin.industriall-union.org\/fr\/un-reseau-syndical-ouvre-des-portes-a-deere\/\"]}]},{\"@type\":\"BreadcrumbList\",\"@id\":\"https:\/\/admin.industriall-union.org\/fr\/un-reseau-syndical-ouvre-des-portes-a-deere\/#breadcrumb\",\"itemListElement\":[{\"@type\":\"ListItem\",\"position\":1,\"name\":\"Home\",\"item\":\"https:\/\/admin.industriall-union.org\/\"},{\"@type\":\"ListItem\",\"position\":2,\"name\":\"Articles\",\"item\":\"https:\/\/admin.industriall-union.org\/article\/\"},{\"@type\":\"ListItem\",\"position\":3,\"name\":\"Un r\u00e9seau syndical ouvre des portes \u00e0 Deere\"}]},{\"@type\":\"WebSite\",\"@id\":\"https:\/\/admin.industriall-union.org\/#website\",\"url\":\"https:\/\/admin.industriall-union.org\/\",\"name\":\"industriall-union\",\"description\":\"\",\"potentialAction\":[{\"@type\":\"SearchAction\",\"target\":{\"@type\":\"EntryPoint\",\"urlTemplate\":\"https:\/\/admin.industriall-union.org\/?s={search_term_string}\"},\"query-input\":{\"@type\":\"PropertyValueSpecification\",\"valueRequired\":true,\"valueName\":\"search_term_string\"}}],\"inLanguage\":\"fr-FR\"}]}<\/script>\n<!-- \/ Yoast SEO Premium plugin. -->","yoast_head_json":{"title":"Un r\u00e9seau syndical ouvre des portes \u00e0 Deere - industriall-union","description":"Pour la premi\u00e8re fois, le r\u00e9seau syndical mondial, cr\u00e9\u00e9 en 2012, en Suisse, est parvenu \u00e0 \u00e9changer avec l&rsquo;\u00e9tat-major de la compagnie. Les affili\u00e9s","robots":{"index":"index","follow":"follow","max-snippet":"max-snippet:-1","max-image-preview":"max-image-preview:large","max-video-preview":"max-video-preview:-1"},"canonical":"https:\/\/admin.industriall-union.org\/fr\/un-reseau-syndical-ouvre-des-portes-a-deere\/","og_locale":"fr_FR","og_type":"article","og_title":"Un r\u00e9seau syndical ouvre des portes \u00e0 Deere","og_description":"Pour la premi\u00e8re fois, le r\u00e9seau syndical mondial, cr\u00e9\u00e9 en 2012, en Suisse, est parvenu \u00e0 \u00e9changer avec l&rsquo;\u00e9tat-major de la compagnie. Les affili\u00e9s","og_url":"https:\/\/admin.industriall-union.org\/fr\/un-reseau-syndical-ouvre-des-portes-a-deere\/","og_site_name":"industriall-union","article_modified_time":"2025-02-04T08:59:56+00:00","twitter_card":"summary_large_image","twitter_misc":{"Est. reading time":"3 minutes"},"schema":{"@context":"https:\/\/schema.org","@graph":[{"@type":"WebPage","@id":"https:\/\/admin.industriall-union.org\/fr\/un-reseau-syndical-ouvre-des-portes-a-deere\/","url":"https:\/\/admin.industriall-union.org\/fr\/un-reseau-syndical-ouvre-des-portes-a-deere\/","name":"Un r\u00e9seau syndical ouvre des portes \u00e0 Deere - industriall-union","isPartOf":{"@id":"https:\/\/admin.industriall-union.org\/#website"},"datePublished":"2018-05-10T02:26:32+00:00","dateModified":"2025-02-04T08:59:56+00:00","description":"Pour la premi\u00e8re fois, le r\u00e9seau syndical mondial, cr\u00e9\u00e9 en 2012, en Suisse, est parvenu \u00e0 \u00e9changer avec l&rsquo;\u00e9tat-major de la compagnie. Les affili\u00e9s","breadcrumb":{"@id":"https:\/\/admin.industriall-union.org\/fr\/un-reseau-syndical-ouvre-des-portes-a-deere\/#breadcrumb"},"inLanguage":"fr-FR","potentialAction":[{"@type":"ReadAction","target":["https:\/\/admin.industriall-union.org\/fr\/un-reseau-syndical-ouvre-des-portes-a-deere\/"]}]},{"@type":"BreadcrumbList","@id":"https:\/\/admin.industriall-union.org\/fr\/un-reseau-syndical-ouvre-des-portes-a-deere\/#breadcrumb","itemListElement":[{"@type":"ListItem","position":1,"name":"Home","item":"https:\/\/admin.industriall-union.org\/"},{"@type":"ListItem","position":2,"name":"Articles","item":"https:\/\/admin.industriall-union.org\/article\/"},{"@type":"ListItem","position":3,"name":"Un r\u00e9seau syndical ouvre des portes \u00e0 Deere"}]},{"@type":"WebSite","@id":"https:\/\/admin.industriall-union.org\/#website","url":"https:\/\/admin.industriall-union.org\/","name":"industriall-union","description":"","potentialAction":[{"@type":"SearchAction","target":{"@type":"EntryPoint","urlTemplate":"https:\/\/admin.industriall-union.org\/?s={search_term_string}"},"query-input":{"@type":"PropertyValueSpecification","valueRequired":true,"valueName":"search_term_string"}}],"inLanguage":"fr-FR"}]}},"_links":{"self":[{"href":"https:\/\/admin.industriall-union.org\/fr\/wp-json\/wp\/v2\/article\/148772","targetHints":{"allow":["GET"]}}],"collection":[{"href":"https:\/\/admin.industriall-union.org\/fr\/wp-json\/wp\/v2\/article"}],"about":[{"href":"https:\/\/admin.industriall-union.org\/fr\/wp-json\/wp\/v2\/types\/article"}],"wp:attachment":[{"href":"https:\/\/admin.industriall-union.org\/fr\/wp-json\/wp\/v2\/media?parent=148772"}],"wp:term":[{"taxonomy":"issues","embeddable":true,"href":"https:\/\/admin.industriall-union.org\/fr\/wp-json\/wp\/v2\/issues?post=148772"},{"taxonomy":"companies","embeddable":true,"href":"https:\/\/admin.industriall-union.org\/fr\/wp-json\/wp\/v2\/companies?post=148772"},{"taxonomy":"regions","embeddable":true,"href":"https:\/\/admin.industriall-union.org\/fr\/wp-json\/wp\/v2\/regions?post=148772"},{"taxonomy":"sectors","embeddable":true,"href":"https:\/\/admin.industriall-union.org\/fr\/wp-json\/wp\/v2\/sectors?post=148772"},{"taxonomy":"article_tags","embeddable":true,"href":"https:\/\/admin.industriall-union.org\/fr\/wp-json\/wp\/v2\/article_tags?post=148772"}],"curies":[{"name":"wp","href":"https:\/\/api.w.org\/{rel}","templated":true}]}}