{"id":148697,"date":"2018-05-24T07:40:07","date_gmt":"2018-05-24T07:40:07","guid":{"rendered":"https:\/\/admin.industriall-union.org\/la-region-amerique-latine-et-caraibes-active-son-plan-strategique\/"},"modified":"2025-02-04T08:25:15","modified_gmt":"2025-02-04T08:25:15","slug":"la-region-amerique-latine-et-caraibes-active-son-plan-strategique","status":"publish","type":"article","link":"https:\/\/admin.industriall-union.org\/fr\/la-region-amerique-latine-et-caraibes-active-son-plan-strategique\/","title":{"rendered":"La R\u00e9gion Am\u00e9rique latine et Cara\u00efbes active son plan strat\u00e9gique"},"content":{"rendered":"<p><em>&ldquo;Le th\u00e8me de la conf\u00e9rence, &laquo;&nbsp;D\u00e9mocratie et Justice sociale&nbsp;&raquo;, se penche sur la situation actuelle du continent. Des menaces envers la d\u00e9mocratie persistent, avec le retour du n\u00e9o-lib\u00e9ralisme en Argentine et au Br\u00e9sil, des coups d&rsquo;\u00c9tat au Honduras, au Paraguay et au Br\u00e9sil, des fraudes \u00e9lectorales au Honduras et au Mexique ainsi qu&rsquo;un besoin pressant d&rsquo;\u00e9lire des gouvernements progressistes en Colombie et au Mexique.&rdquo;<\/em><\/p><p>a expliqu\u00e9 le Secr\u00e9taire g\u00e9n\u00e9ral d&rsquo;IndustriALL Valter Sanches \u00e0 l&rsquo;entame de la r\u00e9union.<\/p><p>La conf\u00e9rence a vu la participation de la Vice-ministre du Travail et du D\u00e9veloppement professionnel, Zulphy Santamaria, qui a soulign\u00e9 que, \u00e0 l&rsquo;inverse de ces r\u00e9alit\u00e9s, le Panama avait un engagement envers le dialogue social et tripartite afin d&rsquo;assurer le respect des droits syndicaux.<\/p><p>Valter Sanches a ensuite ouvert le d\u00e9bat sur les accords commerciaux et leur impact sur les travailleurs et travailleuses. La conclusion a \u00e9t\u00e9 que les syndicats devaient influencer ces accords et assurer l&rsquo;emploi d\u00e9cent.<\/p><p>La n\u00e9cessit\u00e9 d&rsquo;actions de solidarit\u00e9 a \u00e9t\u00e9 soulign\u00e9e pour des pays o\u00f9 de graves violations des droits syndicaux persistent encore. Un cort\u00e8ge a d\u00e9fil\u00e9 dans les rues pour la d\u00e9fense de la d\u00e9mocratie au Br\u00e9sil et en faveur du retour de l&rsquo;\u00e9tat de droit avec un appel \u00e0 la lib\u00e9ration de l&rsquo;ancien Pr\u00e9sident Lula da Silva. Aussi, un engagement a \u00e9t\u00e9 pris en vue d&rsquo;aider solidairement les travailleurs et travailleuses de Goodyear au Mexique.<\/p><p>Les d\u00e9l\u00e9gu\u00e9(e)s ont soulign\u00e9 l&rsquo;importance d&rsquo;\u00e9tendre la campagne d&rsquo;IndustriALL destin\u00e9e \u00e0 combattre la violence faite aux femmes et ont \u00e0 cet \u00e9gard sign\u00e9 la d\u00e9claration au nom de tous les syndicats pr\u00e9sents. Le besoin d&rsquo;atteindre un quota de 40% de participation des femmes au Comit\u00e9 ex\u00e9cutif d&rsquo;IndustriALL ainsi qu&rsquo;\u00e0 son Congr\u00e8s mondial de 2020 a \u00e9t\u00e9 r\u00e9affirm\u00e9.<\/p><p>En outre, une session a \u00e9t\u00e9 consacr\u00e9e \u00e0 Industrie 4.0 ainsi qu&rsquo;au besoin croissant de promouvoir les syndicats en tant qu&rsquo;acteurs politiques et sociaux en vue d&rsquo;obtenir une industrie durable et de parvenir \u00e0 la transition \u00e9nerg\u00e9tique.<\/p><p>Le Secr\u00e9taire g\u00e9n\u00e9ral adjoint Kemal \u00d6zkan a pr\u00e9sent\u00e9 le nouveau document d&rsquo;IndustriALL sur <a href=\"\/wp-content\/uploads\/documents\/2017\/SWITZERLAND\/Industry4point0Conf\/industry_4_en_web.pdf\">les d\u00e9fis d&rsquo;Industrie 4.0<\/a>. Il a expliqu\u00e9 que les syndicats, les employeurs et les gouvernements devaient promouvoir des technologies centr\u00e9es sur l&rsquo;humain et cr\u00e9er un meilleur contexte pour les travailleurs et travailleuses.<\/p><p>Dans le m\u00eame temps, le Secr\u00e9taire r\u00e9gional Marino Vani a pr\u00e9sent\u00e9 une nouvelle structure organisationnelle constitu\u00e9e de quatre grands secteurs g\u00e9n\u00e9ralistes (l&rsquo;industrie l\u00e9g\u00e8re, la mobilit\u00e9, l&rsquo;\u00e9nergie et les produits manufactur\u00e9s), qui associent les 14 secteurs repr\u00e9sent\u00e9s par IndustriALL. Le but est de renforcer la syndicalisation et la n\u00e9gociation collective et d&rsquo;assurer le suivi de l&rsquo;application conforme des accords-cadre mondiaux ainsi que des r\u00e9seaux syndicaux au sein des cha\u00eenes d&rsquo;approvisionnement.<\/p><p>Ensuite, Valter Sanches a annonc\u00e9 que le troisi\u00e8me Congr\u00e8s d&rsquo;IndustriALL se tiendrait en Afrique du Sud et a indiqu\u00e9 que lors de la r\u00e9union de novembre du Comit\u00e9 ex\u00e9cutif \u00e0 Mexico, les groupes de travail pour l&rsquo;\u00e9laboration de son programme y seraient d\u00e9finis.<\/p><p>Enfin, il a soulign\u00e9 que la r\u00e9gion aurait une participation active et pro\u00e9minente lors de la r\u00e9union de Mexico, o\u00f9 il allait donner un coup de projecteur sur les transformations op\u00e9r\u00e9es dans les diff\u00e9rents pays.<\/p>","protected":false},"featured_media":0,"template":"","issues":[396,422,401,412,415,392,397],"companies":[],"regions":[254,277],"sectors":[],"article_tags":[511,513],"class_list":["post-148697","article","type-article","status-publish","hentry","issues-building-strong-unions","issues-human-trade-union-rights","issues-projects","issues-social-justice-and-globalization","issues-stop-precarious-work","issues-sustainable-industrial-policy","issues-women","regions-latin-america-and-the-caribbean","regions-panama","article_tags-industriall","article_tags-labour-laws"],"acf":[],"yoast_head":"<!-- This site is optimized with the Yoast SEO Premium plugin v27.1 (Yoast SEO v27.1) - https:\/\/yoast.com\/product\/yoast-seo-premium-wordpress\/ -->\n<title>La R\u00e9gion Am\u00e9rique latine et Cara\u00efbes active son plan strat\u00e9gique - industriall-union<\/title>\n<meta name=\"description\" content=\"&ldquo;Le th\u00e8me de la conf\u00e9rence, &laquo;&nbsp;D\u00e9mocratie et Justice sociale&nbsp;&raquo;, se penche sur la situation actuelle du continent. Des menaces\" \/>\n<meta name=\"robots\" content=\"index, follow, max-snippet:-1, max-image-preview:large, max-video-preview:-1\" \/>\n<link rel=\"canonical\" href=\"https:\/\/admin.industriall-union.org\/fr\/la-region-amerique-latine-et-caraibes-active-son-plan-strategique\/\" \/>\n<meta property=\"og:locale\" content=\"fr_FR\" \/>\n<meta property=\"og:type\" content=\"article\" \/>\n<meta property=\"og:title\" content=\"La R\u00e9gion Am\u00e9rique latine et Cara\u00efbes active son plan strat\u00e9gique\" \/>\n<meta property=\"og:description\" content=\"&ldquo;Le th\u00e8me de la conf\u00e9rence, &laquo;&nbsp;D\u00e9mocratie et Justice sociale&nbsp;&raquo;, se penche sur la situation actuelle du continent. Des menaces\" \/>\n<meta property=\"og:url\" content=\"https:\/\/admin.industriall-union.org\/fr\/la-region-amerique-latine-et-caraibes-active-son-plan-strategique\/\" \/>\n<meta property=\"og:site_name\" content=\"industriall-union\" \/>\n<meta property=\"article:modified_time\" content=\"2025-02-04T08:25:15+00:00\" \/>\n<meta name=\"twitter:card\" content=\"summary_large_image\" \/>\n<meta name=\"twitter:label1\" content=\"Est. reading time\" \/>\n\t<meta name=\"twitter:data1\" content=\"3 minutes\" \/>\n<script type=\"application\/ld+json\" class=\"yoast-schema-graph\">{\"@context\":\"https:\/\/schema.org\",\"@graph\":[{\"@type\":\"WebPage\",\"@id\":\"https:\/\/admin.industriall-union.org\/fr\/la-region-amerique-latine-et-caraibes-active-son-plan-strategique\/\",\"url\":\"https:\/\/admin.industriall-union.org\/fr\/la-region-amerique-latine-et-caraibes-active-son-plan-strategique\/\",\"name\":\"La R\u00e9gion Am\u00e9rique latine et Cara\u00efbes active son plan strat\u00e9gique - industriall-union\",\"isPartOf\":{\"@id\":\"https:\/\/admin.industriall-union.org\/#website\"},\"datePublished\":\"2018-05-24T07:40:07+00:00\",\"dateModified\":\"2025-02-04T08:25:15+00:00\",\"description\":\"&ldquo;Le th\u00e8me de la conf\u00e9rence, &laquo;&nbsp;D\u00e9mocratie et Justice sociale&nbsp;&raquo;, se penche sur la situation actuelle du continent. Des menaces\",\"breadcrumb\":{\"@id\":\"https:\/\/admin.industriall-union.org\/fr\/la-region-amerique-latine-et-caraibes-active-son-plan-strategique\/#breadcrumb\"},\"inLanguage\":\"fr-FR\",\"potentialAction\":[{\"@type\":\"ReadAction\",\"target\":[\"https:\/\/admin.industriall-union.org\/fr\/la-region-amerique-latine-et-caraibes-active-son-plan-strategique\/\"]}]},{\"@type\":\"BreadcrumbList\",\"@id\":\"https:\/\/admin.industriall-union.org\/fr\/la-region-amerique-latine-et-caraibes-active-son-plan-strategique\/#breadcrumb\",\"itemListElement\":[{\"@type\":\"ListItem\",\"position\":1,\"name\":\"Home\",\"item\":\"https:\/\/admin.industriall-union.org\/\"},{\"@type\":\"ListItem\",\"position\":2,\"name\":\"Articles\",\"item\":\"https:\/\/admin.industriall-union.org\/article\/\"},{\"@type\":\"ListItem\",\"position\":3,\"name\":\"La R\u00e9gion Am\u00e9rique latine et Cara\u00efbes active son plan strat\u00e9gique\"}]},{\"@type\":\"WebSite\",\"@id\":\"https:\/\/admin.industriall-union.org\/#website\",\"url\":\"https:\/\/admin.industriall-union.org\/\",\"name\":\"industriall-union\",\"description\":\"\",\"potentialAction\":[{\"@type\":\"SearchAction\",\"target\":{\"@type\":\"EntryPoint\",\"urlTemplate\":\"https:\/\/admin.industriall-union.org\/?s={search_term_string}\"},\"query-input\":{\"@type\":\"PropertyValueSpecification\",\"valueRequired\":true,\"valueName\":\"search_term_string\"}}],\"inLanguage\":\"fr-FR\"}]}<\/script>\n<!-- \/ Yoast SEO Premium plugin. -->","yoast_head_json":{"title":"La R\u00e9gion Am\u00e9rique latine et Cara\u00efbes active son plan strat\u00e9gique - industriall-union","description":"&ldquo;Le th\u00e8me de la conf\u00e9rence, &laquo;&nbsp;D\u00e9mocratie et Justice sociale&nbsp;&raquo;, se penche sur la situation actuelle du continent. Des menaces","robots":{"index":"index","follow":"follow","max-snippet":"max-snippet:-1","max-image-preview":"max-image-preview:large","max-video-preview":"max-video-preview:-1"},"canonical":"https:\/\/admin.industriall-union.org\/fr\/la-region-amerique-latine-et-caraibes-active-son-plan-strategique\/","og_locale":"fr_FR","og_type":"article","og_title":"La R\u00e9gion Am\u00e9rique latine et Cara\u00efbes active son plan strat\u00e9gique","og_description":"&ldquo;Le th\u00e8me de la conf\u00e9rence, &laquo;&nbsp;D\u00e9mocratie et Justice sociale&nbsp;&raquo;, se penche sur la situation actuelle du continent. Des menaces","og_url":"https:\/\/admin.industriall-union.org\/fr\/la-region-amerique-latine-et-caraibes-active-son-plan-strategique\/","og_site_name":"industriall-union","article_modified_time":"2025-02-04T08:25:15+00:00","twitter_card":"summary_large_image","twitter_misc":{"Est. reading time":"3 minutes"},"schema":{"@context":"https:\/\/schema.org","@graph":[{"@type":"WebPage","@id":"https:\/\/admin.industriall-union.org\/fr\/la-region-amerique-latine-et-caraibes-active-son-plan-strategique\/","url":"https:\/\/admin.industriall-union.org\/fr\/la-region-amerique-latine-et-caraibes-active-son-plan-strategique\/","name":"La R\u00e9gion Am\u00e9rique latine et Cara\u00efbes active son plan strat\u00e9gique - industriall-union","isPartOf":{"@id":"https:\/\/admin.industriall-union.org\/#website"},"datePublished":"2018-05-24T07:40:07+00:00","dateModified":"2025-02-04T08:25:15+00:00","description":"&ldquo;Le th\u00e8me de la conf\u00e9rence, &laquo;&nbsp;D\u00e9mocratie et Justice sociale&nbsp;&raquo;, se penche sur la situation actuelle du continent. Des menaces","breadcrumb":{"@id":"https:\/\/admin.industriall-union.org\/fr\/la-region-amerique-latine-et-caraibes-active-son-plan-strategique\/#breadcrumb"},"inLanguage":"fr-FR","potentialAction":[{"@type":"ReadAction","target":["https:\/\/admin.industriall-union.org\/fr\/la-region-amerique-latine-et-caraibes-active-son-plan-strategique\/"]}]},{"@type":"BreadcrumbList","@id":"https:\/\/admin.industriall-union.org\/fr\/la-region-amerique-latine-et-caraibes-active-son-plan-strategique\/#breadcrumb","itemListElement":[{"@type":"ListItem","position":1,"name":"Home","item":"https:\/\/admin.industriall-union.org\/"},{"@type":"ListItem","position":2,"name":"Articles","item":"https:\/\/admin.industriall-union.org\/article\/"},{"@type":"ListItem","position":3,"name":"La R\u00e9gion Am\u00e9rique latine et Cara\u00efbes active son plan strat\u00e9gique"}]},{"@type":"WebSite","@id":"https:\/\/admin.industriall-union.org\/#website","url":"https:\/\/admin.industriall-union.org\/","name":"industriall-union","description":"","potentialAction":[{"@type":"SearchAction","target":{"@type":"EntryPoint","urlTemplate":"https:\/\/admin.industriall-union.org\/?s={search_term_string}"},"query-input":{"@type":"PropertyValueSpecification","valueRequired":true,"valueName":"search_term_string"}}],"inLanguage":"fr-FR"}]}},"_links":{"self":[{"href":"https:\/\/admin.industriall-union.org\/fr\/wp-json\/wp\/v2\/article\/148697","targetHints":{"allow":["GET"]}}],"collection":[{"href":"https:\/\/admin.industriall-union.org\/fr\/wp-json\/wp\/v2\/article"}],"about":[{"href":"https:\/\/admin.industriall-union.org\/fr\/wp-json\/wp\/v2\/types\/article"}],"wp:attachment":[{"href":"https:\/\/admin.industriall-union.org\/fr\/wp-json\/wp\/v2\/media?parent=148697"}],"wp:term":[{"taxonomy":"issues","embeddable":true,"href":"https:\/\/admin.industriall-union.org\/fr\/wp-json\/wp\/v2\/issues?post=148697"},{"taxonomy":"companies","embeddable":true,"href":"https:\/\/admin.industriall-union.org\/fr\/wp-json\/wp\/v2\/companies?post=148697"},{"taxonomy":"regions","embeddable":true,"href":"https:\/\/admin.industriall-union.org\/fr\/wp-json\/wp\/v2\/regions?post=148697"},{"taxonomy":"sectors","embeddable":true,"href":"https:\/\/admin.industriall-union.org\/fr\/wp-json\/wp\/v2\/sectors?post=148697"},{"taxonomy":"article_tags","embeddable":true,"href":"https:\/\/admin.industriall-union.org\/fr\/wp-json\/wp\/v2\/article_tags?post=148697"}],"curies":[{"name":"wp","href":"https:\/\/api.w.org\/{rel}","templated":true}]}}