{"id":148672,"date":"2018-05-29T11:31:06","date_gmt":"2018-05-29T11:31:06","guid":{"rendered":"https:\/\/admin.industriall-union.org\/industriall-et-isp-signent-un-nouvel-accord-mondial-d-employeur-responsable-avec-edf\/"},"modified":"2025-02-04T08:13:01","modified_gmt":"2025-02-04T08:13:01","slug":"industriall-et-isp-signent-un-nouvel-accord-mondial-d-employeur-responsable-avec-edf","status":"publish","type":"article","link":"https:\/\/admin.industriall-union.org\/fr\/industriall-et-isp-signent-un-nouvel-accord-mondial-d-employeur-responsable-avec-edf\/","title":{"rendered":"IndustriALL et ISP signent un nouvel accord mondial d\u2019employeur responsable avec EDF"},"content":{"rendered":"<p>Le mardi 29 mai, au si\u00e8ge de l&rsquo;Organisation Internationale du Travail \u00e0 Gen\u00e8ve, et en pr\u00e9sence de Guy Ryder, le Directeur g\u00e9n\u00e9ral de l&rsquo;OIT, Jean-Bernard L\u00e9vy, Pr\u00e9sident Directeur G\u00e9n\u00e9ral du Groupe EDF, a sign\u00e9 avec les secr\u00e9taires g\u00e9n\u00e9raux de deux f\u00e9d\u00e9rations syndicales mondiales, Valter Sanches pour IndustriAll Global Union et Rosa Pavanelli pour l&rsquo;Internationale des Services Publics (ISP), un <a href=\"http:\/\/www.industriall-union.org\/fr\/edf\">nouvel accord mondial d&rsquo;employeur responsable<\/a>. Les syndicats fran\u00e7ais CFE-CGC et CFDT, afilli\u00e9s \u00e0 IndustriALL, \u00e9taient aussi presents.<\/p><p>Cet accord international est le fruit de l&rsquo;engagement de toutes les parties prenantes dans la n\u00e9gociation. Il r\u00e9sulte d&rsquo;une m\u00e9thode de co-construction et de n\u00e9gociation avec 11 f\u00e9d\u00e9rations syndicales nationales des soci\u00e9t\u00e9s du Groupe EDF et deux f\u00e9d\u00e9rations syndicales mondiales, IndustriALL Global Union et ISP. Les 13 f\u00e9d\u00e9rations seront signataires de cet accord.<\/p><p>Il comprend plusieurs engagements importants et innovants en mati\u00e8re de responsabilit\u00e9 sociale, comme par exemple<\/p><ul><li>la transparence fiscale<\/li><li>la protection des lanceurs d&rsquo;alerte<\/li><li>la lutte contre la corruption et les fraudes<\/li><li>la lutte contre la violence et le harc\u00e8lement au travail<\/li><li>le devoir de vigilance \u00e0 l&rsquo;attention des sous-traitants et des fournisseurs<\/li><li>l&rsquo;\u00e9galit\u00e9 entre les femmes et les hommes<\/li><li>la lutte contre les discriminations relatives \u00e0 l&rsquo;orientation sexuelle<\/li><\/ul><p>Plus globalement cet accord promeut les droits humains, la diversit\u00e9, la sant\u00e9-s\u00e9curit\u00e9, le d\u00e9veloppement des comp\u00e9tences, ou encore la protection sociale des salari\u00e9s et des sous-traitants partout o\u00f9 le Groupe est implant\u00e9, ainsi que le principe d&rsquo;une transition juste vers des \u00e9conomies \u00e9cologiquement durables.<\/p><p>Ce nouvel accord Groupe vient remplacer un pr\u00e9c\u00e9dent accord sur la responsabilit\u00e9 sociale et environnementale d&rsquo;EDF sign\u00e9 en 2005 et renouvel\u00e9 en 2009. EDF \u00e9tait alors l&rsquo;une des premi\u00e8res multinationales \u00e0 se doter d&rsquo;un tel dispositif. L&rsquo;objectif de ce nouveau texte est d&rsquo;int\u00e9grer de nouvelles exigences sociales pour les salari\u00e9s, et d&rsquo;accompagner le d\u00e9veloppement international d&rsquo;EDF, en coh\u00e9rence avec les valeurs de service public de l&rsquo;entreprise. Il est compl\u00e9mentaire des 6 objectifs de responsabilit\u00e9 d&rsquo;entreprise d&rsquo;EDF en faveur de la transition \u00e9nerg\u00e9tique et de la strat\u00e9gie du Groupe Cap 2030. La mise en application de l&rsquo;accord sera garantie par un comit\u00e9 de suivi mondial.<\/p><p>A l&rsquo;issue de la signature, Jean-Bernard L\u00e9vy a d\u00e9clar\u00e9&nbsp;:<\/p><blockquote><p>Je suis convaincu que notre d\u00e9marche RSE est un facteur de performance durable pour le Groupe EDF. Cet accord en t\u00e9moigne. Le Groupe r\u00e9affirme l&rsquo;attention qu&rsquo;il porte au d\u00e9veloppement \u00e9quilibr\u00e9 de ses activit\u00e9s dans le monde. Les droits humains, la diversit\u00e9, la sant\u00e9-s\u00e9curit\u00e9, le d\u00e9veloppement des comp\u00e9tences et la protection sociale des salari\u00e9s et des sous-traitants de l&rsquo;entreprise forment le socle de cet engagement.<\/p><\/blockquote><p>Valter Sanches, secr\u00e9taire g\u00e9n\u00e9ral d&rsquo;IndustriALL Global Union a d\u00e9clar\u00e9&nbsp;:<\/p><blockquote><p>Le processus de renouvellement de l&#039;Accord Cadre Mondial (ACM) avec EDF s&#039;est d\u00e9roul\u00e9 de mani\u00e8re franche, transparente et inclusive. L&rsquo;ACM est un bon exemple d&rsquo;un travail commun dans lequel toutes les parties ont \u00e9t\u00e9 impliqu\u00e9es et qui s&#039;est traduit par des engagements clairs sur la gestion de la cha\u00eene d&#039;approvisionnement, ainsi que la mise en \u0153uvre active et le suivi de l&#039;accord mondial. Nous devons maintenant le mettre en \u0153uvre et veiller \u00e0 ce que l&rsquo;ACM soit b\u00e9n\u00e9fique pour nous tous.<\/p><\/blockquote><p>Rosa Pavanelli, secr\u00e9taire g\u00e9n\u00e9ral de l&rsquo;Internationale des Services Publics a d\u00e9clar\u00e9&nbsp;:<\/p><blockquote><p>Avec ce nouvel accord, le groupe EDF s&#039;engage \u00e0 respecter un haut niveau de droits humains et syndicaux partout o\u00f9 il est pr\u00e9sent. La prochaine \u00e9tape consiste \u00e0 mettre en place efficacement ces engagements sur le lieu de travail et \u00e0 garantir l&#039;appropriation de l&rsquo;accord par les directions locales, en coop\u00e9ration avec les repr\u00e9sentants syndicaux. Ce texte ren\u00e9goci\u00e9 ent\u00e9rine \u00e9galement l&#039;un des premiers engagements de l&rsquo;entreprise qui \u00e9tait d&rsquo;\u00e9tablir un reporting fiscal pays par pays.<\/p><p>Cet accord inclut des dispositions sur la participation syndicale aux programmes de l&#039;entreprise pour assurer la protection des lanceurs d&rsquo;alertes. Nous allons surveiller de pr\u00e8s et sans rel\u00e2che la mise en \u0153uvre effective et le suivi de tous les engagements de cet accord en travaillant avec nos membres au niveau mondial et nos alli\u00e9s.<\/p><\/blockquote>","protected":false},"featured_media":0,"template":"","issues":[407],"companies":[35],"regions":[217,248],"sectors":[483],"article_tags":[],"class_list":["post-148672","article","type-article","status-publish","hentry","issues-global-framework-agreements","companies-edf","regions-france","regions-switzerland","sectors-energy-oil-gas-electricity-and-nuclear"],"acf":[],"yoast_head":"<!-- This site is optimized with the Yoast SEO Premium plugin v27.1 (Yoast SEO v27.1) - https:\/\/yoast.com\/product\/yoast-seo-premium-wordpress\/ -->\n<title>IndustriALL et ISP signent un nouvel accord mondial d\u2019employeur responsable avec EDF - industriall-union<\/title>\n<meta name=\"description\" content=\"Le mardi 29 mai, au si\u00e8ge de l&rsquo;Organisation Internationale du Travail \u00e0 Gen\u00e8ve, et en pr\u00e9sence de Guy Ryder, le Directeur g\u00e9n\u00e9ral de l&rsquo;OIT,\" \/>\n<meta name=\"robots\" content=\"index, follow, max-snippet:-1, max-image-preview:large, max-video-preview:-1\" \/>\n<link rel=\"canonical\" href=\"https:\/\/admin.industriall-union.org\/fr\/industriall-et-isp-signent-un-nouvel-accord-mondial-d-employeur-responsable-avec-edf\/\" \/>\n<meta property=\"og:locale\" content=\"fr_FR\" \/>\n<meta property=\"og:type\" content=\"article\" \/>\n<meta property=\"og:title\" content=\"IndustriALL et ISP signent un nouvel accord mondial d\u2019employeur responsable avec EDF\" \/>\n<meta property=\"og:description\" content=\"Le mardi 29 mai, au si\u00e8ge de l&rsquo;Organisation Internationale du Travail \u00e0 Gen\u00e8ve, et en pr\u00e9sence de Guy Ryder, le Directeur g\u00e9n\u00e9ral de l&rsquo;OIT,\" \/>\n<meta property=\"og:url\" content=\"https:\/\/admin.industriall-union.org\/fr\/industriall-et-isp-signent-un-nouvel-accord-mondial-d-employeur-responsable-avec-edf\/\" \/>\n<meta property=\"og:site_name\" content=\"industriall-union\" \/>\n<meta property=\"article:modified_time\" content=\"2025-02-04T08:13:01+00:00\" \/>\n<meta name=\"twitter:card\" content=\"summary_large_image\" \/>\n<meta name=\"twitter:label1\" content=\"Est. reading time\" \/>\n\t<meta name=\"twitter:data1\" content=\"4 minutes\" \/>\n<script type=\"application\/ld+json\" class=\"yoast-schema-graph\">{\"@context\":\"https:\/\/schema.org\",\"@graph\":[{\"@type\":\"WebPage\",\"@id\":\"https:\/\/admin.industriall-union.org\/fr\/industriall-et-isp-signent-un-nouvel-accord-mondial-d-employeur-responsable-avec-edf\/\",\"url\":\"https:\/\/admin.industriall-union.org\/fr\/industriall-et-isp-signent-un-nouvel-accord-mondial-d-employeur-responsable-avec-edf\/\",\"name\":\"IndustriALL et ISP signent un nouvel accord mondial d\u2019employeur responsable avec EDF - industriall-union\",\"isPartOf\":{\"@id\":\"https:\/\/admin.industriall-union.org\/#website\"},\"datePublished\":\"2018-05-29T11:31:06+00:00\",\"dateModified\":\"2025-02-04T08:13:01+00:00\",\"description\":\"Le mardi 29 mai, au si\u00e8ge de l&rsquo;Organisation Internationale du Travail \u00e0 Gen\u00e8ve, et en pr\u00e9sence de Guy Ryder, le Directeur g\u00e9n\u00e9ral de l&rsquo;OIT,\",\"breadcrumb\":{\"@id\":\"https:\/\/admin.industriall-union.org\/fr\/industriall-et-isp-signent-un-nouvel-accord-mondial-d-employeur-responsable-avec-edf\/#breadcrumb\"},\"inLanguage\":\"fr-FR\",\"potentialAction\":[{\"@type\":\"ReadAction\",\"target\":[\"https:\/\/admin.industriall-union.org\/fr\/industriall-et-isp-signent-un-nouvel-accord-mondial-d-employeur-responsable-avec-edf\/\"]}]},{\"@type\":\"BreadcrumbList\",\"@id\":\"https:\/\/admin.industriall-union.org\/fr\/industriall-et-isp-signent-un-nouvel-accord-mondial-d-employeur-responsable-avec-edf\/#breadcrumb\",\"itemListElement\":[{\"@type\":\"ListItem\",\"position\":1,\"name\":\"Home\",\"item\":\"https:\/\/admin.industriall-union.org\/\"},{\"@type\":\"ListItem\",\"position\":2,\"name\":\"Articles\",\"item\":\"https:\/\/admin.industriall-union.org\/article\/\"},{\"@type\":\"ListItem\",\"position\":3,\"name\":\"IndustriALL et ISP signent un nouvel accord mondial d\u2019employeur responsable avec EDF\"}]},{\"@type\":\"WebSite\",\"@id\":\"https:\/\/admin.industriall-union.org\/#website\",\"url\":\"https:\/\/admin.industriall-union.org\/\",\"name\":\"industriall-union\",\"description\":\"\",\"potentialAction\":[{\"@type\":\"SearchAction\",\"target\":{\"@type\":\"EntryPoint\",\"urlTemplate\":\"https:\/\/admin.industriall-union.org\/?s={search_term_string}\"},\"query-input\":{\"@type\":\"PropertyValueSpecification\",\"valueRequired\":true,\"valueName\":\"search_term_string\"}}],\"inLanguage\":\"fr-FR\"}]}<\/script>\n<!-- \/ Yoast SEO Premium plugin. -->","yoast_head_json":{"title":"IndustriALL et ISP signent un nouvel accord mondial d\u2019employeur responsable avec EDF - industriall-union","description":"Le mardi 29 mai, au si\u00e8ge de l&rsquo;Organisation Internationale du Travail \u00e0 Gen\u00e8ve, et en pr\u00e9sence de Guy Ryder, le Directeur g\u00e9n\u00e9ral de l&rsquo;OIT,","robots":{"index":"index","follow":"follow","max-snippet":"max-snippet:-1","max-image-preview":"max-image-preview:large","max-video-preview":"max-video-preview:-1"},"canonical":"https:\/\/admin.industriall-union.org\/fr\/industriall-et-isp-signent-un-nouvel-accord-mondial-d-employeur-responsable-avec-edf\/","og_locale":"fr_FR","og_type":"article","og_title":"IndustriALL et ISP signent un nouvel accord mondial d\u2019employeur responsable avec EDF","og_description":"Le mardi 29 mai, au si\u00e8ge de l&rsquo;Organisation Internationale du Travail \u00e0 Gen\u00e8ve, et en pr\u00e9sence de Guy Ryder, le Directeur g\u00e9n\u00e9ral de l&rsquo;OIT,","og_url":"https:\/\/admin.industriall-union.org\/fr\/industriall-et-isp-signent-un-nouvel-accord-mondial-d-employeur-responsable-avec-edf\/","og_site_name":"industriall-union","article_modified_time":"2025-02-04T08:13:01+00:00","twitter_card":"summary_large_image","twitter_misc":{"Est. reading time":"4 minutes"},"schema":{"@context":"https:\/\/schema.org","@graph":[{"@type":"WebPage","@id":"https:\/\/admin.industriall-union.org\/fr\/industriall-et-isp-signent-un-nouvel-accord-mondial-d-employeur-responsable-avec-edf\/","url":"https:\/\/admin.industriall-union.org\/fr\/industriall-et-isp-signent-un-nouvel-accord-mondial-d-employeur-responsable-avec-edf\/","name":"IndustriALL et ISP signent un nouvel accord mondial d\u2019employeur responsable avec EDF - industriall-union","isPartOf":{"@id":"https:\/\/admin.industriall-union.org\/#website"},"datePublished":"2018-05-29T11:31:06+00:00","dateModified":"2025-02-04T08:13:01+00:00","description":"Le mardi 29 mai, au si\u00e8ge de l&rsquo;Organisation Internationale du Travail \u00e0 Gen\u00e8ve, et en pr\u00e9sence de Guy Ryder, le Directeur g\u00e9n\u00e9ral de l&rsquo;OIT,","breadcrumb":{"@id":"https:\/\/admin.industriall-union.org\/fr\/industriall-et-isp-signent-un-nouvel-accord-mondial-d-employeur-responsable-avec-edf\/#breadcrumb"},"inLanguage":"fr-FR","potentialAction":[{"@type":"ReadAction","target":["https:\/\/admin.industriall-union.org\/fr\/industriall-et-isp-signent-un-nouvel-accord-mondial-d-employeur-responsable-avec-edf\/"]}]},{"@type":"BreadcrumbList","@id":"https:\/\/admin.industriall-union.org\/fr\/industriall-et-isp-signent-un-nouvel-accord-mondial-d-employeur-responsable-avec-edf\/#breadcrumb","itemListElement":[{"@type":"ListItem","position":1,"name":"Home","item":"https:\/\/admin.industriall-union.org\/"},{"@type":"ListItem","position":2,"name":"Articles","item":"https:\/\/admin.industriall-union.org\/article\/"},{"@type":"ListItem","position":3,"name":"IndustriALL et ISP signent un nouvel accord mondial d\u2019employeur responsable avec EDF"}]},{"@type":"WebSite","@id":"https:\/\/admin.industriall-union.org\/#website","url":"https:\/\/admin.industriall-union.org\/","name":"industriall-union","description":"","potentialAction":[{"@type":"SearchAction","target":{"@type":"EntryPoint","urlTemplate":"https:\/\/admin.industriall-union.org\/?s={search_term_string}"},"query-input":{"@type":"PropertyValueSpecification","valueRequired":true,"valueName":"search_term_string"}}],"inLanguage":"fr-FR"}]}},"_links":{"self":[{"href":"https:\/\/admin.industriall-union.org\/fr\/wp-json\/wp\/v2\/article\/148672","targetHints":{"allow":["GET"]}}],"collection":[{"href":"https:\/\/admin.industriall-union.org\/fr\/wp-json\/wp\/v2\/article"}],"about":[{"href":"https:\/\/admin.industriall-union.org\/fr\/wp-json\/wp\/v2\/types\/article"}],"wp:attachment":[{"href":"https:\/\/admin.industriall-union.org\/fr\/wp-json\/wp\/v2\/media?parent=148672"}],"wp:term":[{"taxonomy":"issues","embeddable":true,"href":"https:\/\/admin.industriall-union.org\/fr\/wp-json\/wp\/v2\/issues?post=148672"},{"taxonomy":"companies","embeddable":true,"href":"https:\/\/admin.industriall-union.org\/fr\/wp-json\/wp\/v2\/companies?post=148672"},{"taxonomy":"regions","embeddable":true,"href":"https:\/\/admin.industriall-union.org\/fr\/wp-json\/wp\/v2\/regions?post=148672"},{"taxonomy":"sectors","embeddable":true,"href":"https:\/\/admin.industriall-union.org\/fr\/wp-json\/wp\/v2\/sectors?post=148672"},{"taxonomy":"article_tags","embeddable":true,"href":"https:\/\/admin.industriall-union.org\/fr\/wp-json\/wp\/v2\/article_tags?post=148672"}],"curies":[{"name":"wp","href":"https:\/\/api.w.org\/{rel}","templated":true}]}}