{"id":148656,"date":"2018-06-04T14:11:40","date_gmt":"2018-06-04T14:11:40","guid":{"rendered":"https:\/\/admin.industriall-union.org\/des-mecanicien-ne-s-de-boeing-en-caroline-du-sud-se-prononcent-pour-rejoindre-le-syndicat-des-machinistes\/"},"modified":"2025-02-04T07:57:41","modified_gmt":"2025-02-04T07:57:41","slug":"des-mecanicien-ne-s-de-boeing-en-caroline-du-sud-se-prononcent-pour-rejoindre-le-syndicat-des-machinistes","status":"publish","type":"article","link":"https:\/\/admin.industriall-union.org\/fr\/des-mecanicien-ne-s-de-boeing-en-caroline-du-sud-se-prononcent-pour-rejoindre-le-syndicat-des-machinistes\/","title":{"rendered":"Des m\u00e9canicien(ne)s de Boeing en Caroline du Sud se prononcent pour rejoindre le Syndicat des Machinistes"},"content":{"rendered":"<p>Une section de m\u00e9canicien(ne)s a\u00e9ronautiques, qui ont pour mission de s&rsquo;assurer que les Dreamliner 787 construits dans cette usine sont en ordre de vol, a vot\u00e9 pour rejoindre l&rsquo;IAM. Ces 176 travailleurs et travailleuses constituent une partie des 7.000 personnes qui sont occup\u00e9es sur le site de Caroline du Sud et cette victoire ouvre une t\u00eate de pont significative dans la bataille de longue haleine en vue de syndiquer l&rsquo;endroit.<\/p><p>Cette d\u00e9cision ent\u00e9rin\u00e9e par l&rsquo;autorit\u00e9 nationale comp\u00e9tente pour les relations sociales, le NLRB, signifie que des groupes particuliers, des &ldquo;micro-unit\u00e9s&rdquo;, peuvent n\u00e9gocier des conventions collectives via leur syndicat si leurs conditions d&rsquo;emploi remplissent certains crit\u00e8res. Le syndicat esp\u00e8re avoir marqu\u00e9 avec cette micro-unit\u00e9 un pr\u00e9c\u00e9dent qui encouragera d&rsquo;autres cat\u00e9gories de personnel \u00e0 se syndiquer.<\/p><p>L&rsquo;IAM repr\u00e9sente 35.000 travailleurs et travailleuses de Boeing au sein de 24 sites aux \u00c9tats-Unis, mais l&rsquo;entreprise avait toujours r\u00e9ussi jusqu&rsquo;ici \u00e0 repousser avec succ\u00e8s les efforts en vue de syndiquer en Caroline du Sud. Le Sud des \u00c9tats-Unis est tristement r\u00e9put\u00e9 pour son anti-syndicalisme et la Caroline du Sud poss\u00e8de la plus faible densit\u00e9 syndicale du secteur priv\u00e9 des \u00c9tats-Unis. Des tentatives pr\u00e9c\u00e9dentes en vue de syndiquer l&rsquo;usine avaient \u00e9chou\u00e9, dont une effectu\u00e9e en 2015, alors que la campagne anti-syndicale avait \u00e9t\u00e9 men\u00e9e par le Gouverneur de l&rsquo;\u00c9tat, Nikki Hailey, actuellement Ambassadeur des \u00c9tats-Unis aupr\u00e8s des Nations Unies.<\/p><p>Boeing a \u00e9galement combattu la campagne de syndicalisation actuelle, en engageant des consultants sp\u00e9cialis\u00e9s en anti-syndicalisme et en for\u00e7ant les salari\u00e9s \u00e0 assister \u00e0 des r\u00e9unions anti-syndicales. L&rsquo;entreprise a d\u00e9pos\u00e9 en derni\u00e8re minute une requ\u00eate \u00e0 l&rsquo;encontre du scrutin et tent\u00e9 de faire saisir les urnes. Lorsque le r\u00e9sultat a \u00e9t\u00e9 annonc\u00e9, l&rsquo;entreprise a exprim\u00e9 sa d\u00e9ception et s&rsquo;est jur\u00e9e de tenter de faire d\u00e9clarer ce scrutin ill\u00e9gal.<\/p><p>Mike Evans de l&rsquo;IAM, qui est la personne qui a dirig\u00e9 la campagne de syndicalisation sur le site, a d\u00e9clar\u00e9&nbsp;:<\/p><blockquote><p>&ldquo;Ce vote n&rsquo;a jamais concern\u00e9 que les salaires uniquement. Ces hommes et ces femmes voulaient de la dignit\u00e9 et de la coh\u00e9rence sur leur lieu de travail. Et ce scrutin les rapproche de cet objectif. Nous esp\u00e9rons que Boeing va agir comme il se doit en acceptant de s&rsquo;asseoir \u00e0 la table pour n\u00e9gocier de bonne foi avec ces d\u00e9vou\u00e9s techniciens pr\u00e9parateurs de vol.&rdquo;&nbsp;<\/p><\/blockquote><p>Le Directeur d&rsquo;IndustriALL pour le secteur a\u00e9rospatial, Georg Leutert, indique&nbsp;:<\/p><blockquote><p>&ldquo;Dans le Sud, les employeurs, le gouvernement et les Membres du Congr\u00e8s collaborent pour cr\u00e9er un environnement tr\u00e8s hostile aux syndicats. Boeing a tout essay\u00e9 pour emp\u00eacher ces travailleurs et travailleuses de se syndiquer, cependant leur d\u00e9cision a \u00e9t\u00e9 de se ranger du c\u00f4t\u00e9 de la dignit\u00e9 et du respect au travail. C&rsquo;est une avanc\u00e9e majeure et nous esp\u00e9rons que d&rsquo;autres suivront. Nous f\u00e9licitons l&rsquo;IAM.<\/p><p>&ldquo;Il est temps pour Boeing de faire preuve de maturit\u00e9 et de mettre en place une relation productive avec le syndicat.&rdquo;<\/p><\/blockquote><p>L&rsquo;IAM repr\u00e9sente 600.000 adh\u00e9rents au sein d&rsquo;entreprises parmi lesquelles figurent Boeing, Lockheed-Martin, General Electric, United Airlines et Harley-Davidson.<\/p>","protected":false},"featured_media":0,"template":"","issues":[],"companies":[20],"regions":[308,310],"sectors":[488],"article_tags":[],"class_list":["post-148656","article","type-article","status-publish","hentry","companies-boeing","regions-north-america","regions-usa","sectors-aerospace"],"acf":[],"yoast_head":"<!-- This site is optimized with the Yoast SEO Premium plugin v27.1 (Yoast SEO v27.1) - https:\/\/yoast.com\/product\/yoast-seo-premium-wordpress\/ -->\n<title>Des m\u00e9canicien(ne)s de Boeing en Caroline du Sud se prononcent pour rejoindre le Syndicat des Machinistes - industriall-union<\/title>\n<meta name=\"description\" content=\"Une section de m\u00e9canicien(ne)s a\u00e9ronautiques, qui ont pour mission de s&rsquo;assurer que les Dreamliner 787 construits dans cette usine sont en ordre de\" \/>\n<meta name=\"robots\" content=\"index, follow, max-snippet:-1, max-image-preview:large, max-video-preview:-1\" \/>\n<link rel=\"canonical\" href=\"https:\/\/admin.industriall-union.org\/fr\/des-mecanicien-ne-s-de-boeing-en-caroline-du-sud-se-prononcent-pour-rejoindre-le-syndicat-des-machinistes\/\" \/>\n<meta property=\"og:locale\" content=\"fr_FR\" \/>\n<meta property=\"og:type\" content=\"article\" \/>\n<meta property=\"og:title\" content=\"Des m\u00e9canicien(ne)s de Boeing en Caroline du Sud se prononcent pour rejoindre le Syndicat des Machinistes\" \/>\n<meta property=\"og:description\" content=\"Une section de m\u00e9canicien(ne)s a\u00e9ronautiques, qui ont pour mission de s&rsquo;assurer que les Dreamliner 787 construits dans cette usine sont en ordre de\" \/>\n<meta property=\"og:url\" content=\"https:\/\/admin.industriall-union.org\/fr\/des-mecanicien-ne-s-de-boeing-en-caroline-du-sud-se-prononcent-pour-rejoindre-le-syndicat-des-machinistes\/\" \/>\n<meta property=\"og:site_name\" content=\"industriall-union\" \/>\n<meta property=\"article:modified_time\" content=\"2025-02-04T07:57:41+00:00\" \/>\n<meta name=\"twitter:card\" content=\"summary_large_image\" \/>\n<meta name=\"twitter:label1\" content=\"Est. reading time\" \/>\n\t<meta name=\"twitter:data1\" content=\"3 minutes\" \/>\n<script type=\"application\/ld+json\" class=\"yoast-schema-graph\">{\"@context\":\"https:\/\/schema.org\",\"@graph\":[{\"@type\":\"WebPage\",\"@id\":\"https:\/\/admin.industriall-union.org\/fr\/des-mecanicien-ne-s-de-boeing-en-caroline-du-sud-se-prononcent-pour-rejoindre-le-syndicat-des-machinistes\/\",\"url\":\"https:\/\/admin.industriall-union.org\/fr\/des-mecanicien-ne-s-de-boeing-en-caroline-du-sud-se-prononcent-pour-rejoindre-le-syndicat-des-machinistes\/\",\"name\":\"Des m\u00e9canicien(ne)s de Boeing en Caroline du Sud se prononcent pour rejoindre le Syndicat des Machinistes - industriall-union\",\"isPartOf\":{\"@id\":\"https:\/\/admin.industriall-union.org\/#website\"},\"datePublished\":\"2018-06-04T14:11:40+00:00\",\"dateModified\":\"2025-02-04T07:57:41+00:00\",\"description\":\"Une section de m\u00e9canicien(ne)s a\u00e9ronautiques, qui ont pour mission de s&rsquo;assurer que les Dreamliner 787 construits dans cette usine sont en ordre de\",\"breadcrumb\":{\"@id\":\"https:\/\/admin.industriall-union.org\/fr\/des-mecanicien-ne-s-de-boeing-en-caroline-du-sud-se-prononcent-pour-rejoindre-le-syndicat-des-machinistes\/#breadcrumb\"},\"inLanguage\":\"fr-FR\",\"potentialAction\":[{\"@type\":\"ReadAction\",\"target\":[\"https:\/\/admin.industriall-union.org\/fr\/des-mecanicien-ne-s-de-boeing-en-caroline-du-sud-se-prononcent-pour-rejoindre-le-syndicat-des-machinistes\/\"]}]},{\"@type\":\"BreadcrumbList\",\"@id\":\"https:\/\/admin.industriall-union.org\/fr\/des-mecanicien-ne-s-de-boeing-en-caroline-du-sud-se-prononcent-pour-rejoindre-le-syndicat-des-machinistes\/#breadcrumb\",\"itemListElement\":[{\"@type\":\"ListItem\",\"position\":1,\"name\":\"Home\",\"item\":\"https:\/\/admin.industriall-union.org\/\"},{\"@type\":\"ListItem\",\"position\":2,\"name\":\"Articles\",\"item\":\"https:\/\/admin.industriall-union.org\/article\/\"},{\"@type\":\"ListItem\",\"position\":3,\"name\":\"Des m\u00e9canicien(ne)s de Boeing en Caroline du Sud se prononcent pour rejoindre le Syndicat des Machinistes\"}]},{\"@type\":\"WebSite\",\"@id\":\"https:\/\/admin.industriall-union.org\/#website\",\"url\":\"https:\/\/admin.industriall-union.org\/\",\"name\":\"industriall-union\",\"description\":\"\",\"potentialAction\":[{\"@type\":\"SearchAction\",\"target\":{\"@type\":\"EntryPoint\",\"urlTemplate\":\"https:\/\/admin.industriall-union.org\/?s={search_term_string}\"},\"query-input\":{\"@type\":\"PropertyValueSpecification\",\"valueRequired\":true,\"valueName\":\"search_term_string\"}}],\"inLanguage\":\"fr-FR\"}]}<\/script>\n<!-- \/ Yoast SEO Premium plugin. -->","yoast_head_json":{"title":"Des m\u00e9canicien(ne)s de Boeing en Caroline du Sud se prononcent pour rejoindre le Syndicat des Machinistes - industriall-union","description":"Une section de m\u00e9canicien(ne)s a\u00e9ronautiques, qui ont pour mission de s&rsquo;assurer que les Dreamliner 787 construits dans cette usine sont en ordre de","robots":{"index":"index","follow":"follow","max-snippet":"max-snippet:-1","max-image-preview":"max-image-preview:large","max-video-preview":"max-video-preview:-1"},"canonical":"https:\/\/admin.industriall-union.org\/fr\/des-mecanicien-ne-s-de-boeing-en-caroline-du-sud-se-prononcent-pour-rejoindre-le-syndicat-des-machinistes\/","og_locale":"fr_FR","og_type":"article","og_title":"Des m\u00e9canicien(ne)s de Boeing en Caroline du Sud se prononcent pour rejoindre le Syndicat des Machinistes","og_description":"Une section de m\u00e9canicien(ne)s a\u00e9ronautiques, qui ont pour mission de s&rsquo;assurer que les Dreamliner 787 construits dans cette usine sont en ordre de","og_url":"https:\/\/admin.industriall-union.org\/fr\/des-mecanicien-ne-s-de-boeing-en-caroline-du-sud-se-prononcent-pour-rejoindre-le-syndicat-des-machinistes\/","og_site_name":"industriall-union","article_modified_time":"2025-02-04T07:57:41+00:00","twitter_card":"summary_large_image","twitter_misc":{"Est. reading time":"3 minutes"},"schema":{"@context":"https:\/\/schema.org","@graph":[{"@type":"WebPage","@id":"https:\/\/admin.industriall-union.org\/fr\/des-mecanicien-ne-s-de-boeing-en-caroline-du-sud-se-prononcent-pour-rejoindre-le-syndicat-des-machinistes\/","url":"https:\/\/admin.industriall-union.org\/fr\/des-mecanicien-ne-s-de-boeing-en-caroline-du-sud-se-prononcent-pour-rejoindre-le-syndicat-des-machinistes\/","name":"Des m\u00e9canicien(ne)s de Boeing en Caroline du Sud se prononcent pour rejoindre le Syndicat des Machinistes - industriall-union","isPartOf":{"@id":"https:\/\/admin.industriall-union.org\/#website"},"datePublished":"2018-06-04T14:11:40+00:00","dateModified":"2025-02-04T07:57:41+00:00","description":"Une section de m\u00e9canicien(ne)s a\u00e9ronautiques, qui ont pour mission de s&rsquo;assurer que les Dreamliner 787 construits dans cette usine sont en ordre de","breadcrumb":{"@id":"https:\/\/admin.industriall-union.org\/fr\/des-mecanicien-ne-s-de-boeing-en-caroline-du-sud-se-prononcent-pour-rejoindre-le-syndicat-des-machinistes\/#breadcrumb"},"inLanguage":"fr-FR","potentialAction":[{"@type":"ReadAction","target":["https:\/\/admin.industriall-union.org\/fr\/des-mecanicien-ne-s-de-boeing-en-caroline-du-sud-se-prononcent-pour-rejoindre-le-syndicat-des-machinistes\/"]}]},{"@type":"BreadcrumbList","@id":"https:\/\/admin.industriall-union.org\/fr\/des-mecanicien-ne-s-de-boeing-en-caroline-du-sud-se-prononcent-pour-rejoindre-le-syndicat-des-machinistes\/#breadcrumb","itemListElement":[{"@type":"ListItem","position":1,"name":"Home","item":"https:\/\/admin.industriall-union.org\/"},{"@type":"ListItem","position":2,"name":"Articles","item":"https:\/\/admin.industriall-union.org\/article\/"},{"@type":"ListItem","position":3,"name":"Des m\u00e9canicien(ne)s de Boeing en Caroline du Sud se prononcent pour rejoindre le Syndicat des Machinistes"}]},{"@type":"WebSite","@id":"https:\/\/admin.industriall-union.org\/#website","url":"https:\/\/admin.industriall-union.org\/","name":"industriall-union","description":"","potentialAction":[{"@type":"SearchAction","target":{"@type":"EntryPoint","urlTemplate":"https:\/\/admin.industriall-union.org\/?s={search_term_string}"},"query-input":{"@type":"PropertyValueSpecification","valueRequired":true,"valueName":"search_term_string"}}],"inLanguage":"fr-FR"}]}},"_links":{"self":[{"href":"https:\/\/admin.industriall-union.org\/fr\/wp-json\/wp\/v2\/article\/148656","targetHints":{"allow":["GET"]}}],"collection":[{"href":"https:\/\/admin.industriall-union.org\/fr\/wp-json\/wp\/v2\/article"}],"about":[{"href":"https:\/\/admin.industriall-union.org\/fr\/wp-json\/wp\/v2\/types\/article"}],"wp:attachment":[{"href":"https:\/\/admin.industriall-union.org\/fr\/wp-json\/wp\/v2\/media?parent=148656"}],"wp:term":[{"taxonomy":"issues","embeddable":true,"href":"https:\/\/admin.industriall-union.org\/fr\/wp-json\/wp\/v2\/issues?post=148656"},{"taxonomy":"companies","embeddable":true,"href":"https:\/\/admin.industriall-union.org\/fr\/wp-json\/wp\/v2\/companies?post=148656"},{"taxonomy":"regions","embeddable":true,"href":"https:\/\/admin.industriall-union.org\/fr\/wp-json\/wp\/v2\/regions?post=148656"},{"taxonomy":"sectors","embeddable":true,"href":"https:\/\/admin.industriall-union.org\/fr\/wp-json\/wp\/v2\/sectors?post=148656"},{"taxonomy":"article_tags","embeddable":true,"href":"https:\/\/admin.industriall-union.org\/fr\/wp-json\/wp\/v2\/article_tags?post=148656"}],"curies":[{"name":"wp","href":"https:\/\/api.w.org\/{rel}","templated":true}]}}