{"id":148637,"date":"2018-06-15T12:22:16","date_gmt":"2018-06-15T12:22:16","guid":{"rendered":"https:\/\/admin.industriall-union.org\/perou-les-travailleurs-et-travailleuses-protestent-contre-les-abus-de-protisa\/"},"modified":"2025-02-04T07:33:14","modified_gmt":"2025-02-04T07:33:14","slug":"perou-les-travailleurs-et-travailleuses-protestent-contre-les-abus-de-protisa","status":"publish","type":"article","link":"https:\/\/admin.industriall-union.org\/fr\/perou-les-travailleurs-et-travailleuses-protestent-contre-les-abus-de-protisa\/","title":{"rendered":"P\u00e9rou : les travailleurs et travailleuses protestent contre les abus de Protisa"},"content":{"rendered":"<p>Sutraprotisa, affili\u00e9 \u00e0 la FETRMAP (F\u00e9d\u00e9ration p\u00e9ruvienne des travailleurs des manufactures), elle-m\u00eame affili\u00e9e \u00e0 IndustriALL Global Union, a organis\u00e9 une manifestation pour d\u00e9noncer une pers\u00e9cution anti-syndicale, pour r\u00e9clamer le versement dans les temps des salaires ainsi qu&rsquo;un changement dans la gestion des ressources humaines.<\/p><p>Les travailleurs et travailleuses se sont rassembl\u00e9s devant les grilles de l&rsquo;usine Protisa (Compa\u00f1\u00eda de Productos Tissue Per\u00fa SA) dans la province de Lima. Les manifestants soutiennent que le d\u00e9partement des ressources humaines s&rsquo;est rendu coupable d&rsquo;abus r\u00e9p\u00e9t\u00e9s \u00e0 l&rsquo;encontre de travailleurs et travailleuses syndiqu\u00e9s.<\/p><p>Comme le d\u00e9nonce les adh\u00e9rents, l&rsquo;entreprise op\u00e8re une claire distinction entre les personnes selon qu&rsquo;elles sont ou non syndiqu\u00e9es. Par exemple, on attend des premi\u00e8res qu&rsquo;elles portent des charges allant de 80 \u00e0 90 kg, ce qui repr\u00e9sente un risque de sant\u00e9 et provoque des maux de dos, de l&rsquo;arthrose aux genoux ainsi que des probl\u00e8mes cardiovasculaires.<\/p><p>De plus, cette attente est en contravention avec la Recommandation 128 de l&rsquo;OIT s&rsquo;agissant du poids maximum qu&rsquo;un travailleur est cens\u00e9 porter et qui ne devrait pas exc\u00e9der 55 kg.<\/p><p>Le syndicat indique \u00e9galement que des accidents du travail, allant de l&rsquo;\u00e9lectrocution \u00e0 la perte de membres, se produisent tous les mois en raison de m\u00e9diocres pratiques en mati\u00e8re de s\u00e9curit\u00e9 professionnelle. De plus, le d\u00e9partement RH met la pression pour que de longs temps de travail soient prest\u00e9s.<\/p><p>En compl\u00e9ment de son action de protestation, le syndicat a annonc\u00e9 que le Secr\u00e9taire g\u00e9n\u00e9ral de la CGTP (Conf\u00e9d\u00e9ration g\u00e9n\u00e9rale des travailleurs p\u00e9ruviens), Ger\u00f3nimo L\u00f3pez, pr\u00e9senterait le dossier \u00e0 la Commission du Travail du Congr\u00e8s pour attirer l&rsquo;attention sur les mauvaises pratiques de l&rsquo;entreprise.<\/p><p>Protisa est une entreprise chilienne qui op\u00e8re au P\u00e9rou depuis 1995 et fabrique des produits du domaine des mouchoirs. Elle fait \u00e0 son tour partie de la CMPC (Compa\u00f1\u00eda Manufacturera de Papeles y Cartones), le plus grand producteur mondial de p\u00e2te \u00e0 papier et l&rsquo;une des plus grandes entreprise d&rsquo;Am\u00e9rique latine.<\/p><p>Des syndicats affil\u00e9s \u00e0 IndustriALL en Argentine, au Br\u00e9sil, au Chili, au P\u00e9rou et en Uruguay font tous partie du r\u00e9seau syndical CMPC.<\/p><p>Tom Grinter, responsable pour la p\u00e2te et le papier chez IndustriALL, indique&nbsp;:<\/p><blockquote><p>Les syndicats du secteur de la p\u00e2te et du papier de la r\u00e9gion, ainsi qu&rsquo;IndustriALL, soutiennent les actions de Sutraprotisa.<\/p><\/blockquote><blockquote><p>Le r\u00e9seau syndical CMPC d&rsquo;IndustriALL a demand\u00e9 \u00e0 la multinationale chilienne de mettre en place des relations sociales officielles. Cependant, si l&rsquo;entreprise continue \u00e0 afficher un manque de respect pour ses membres, le r\u00e9seau est pr\u00eat \u00e0 adopter une approche plus conflictuelle. Nous exprimons notre solidarit\u00e9 avec nos camarades de Sutraprotisa.<\/p><\/blockquote>","protected":false},"featured_media":0,"template":"","issues":[402,422,420,415],"companies":[],"regions":[254,279],"sectors":[474],"article_tags":[527],"class_list":["post-148637","article","type-article","status-publish","hentry","issues-health-and-safety","issues-human-trade-union-rights","issues-solidarity","issues-stop-precarious-work","regions-latin-america-and-the-caribbean","regions-peru","sectors-pulp-and-paper","article_tags-social-protection"],"acf":[],"yoast_head":"<!-- This site is optimized with the Yoast SEO Premium plugin v27.1 (Yoast SEO v27.1) - https:\/\/yoast.com\/product\/yoast-seo-premium-wordpress\/ -->\n<title>P\u00e9rou : les travailleurs et travailleuses protestent contre les abus de Protisa - industriall-union<\/title>\n<meta name=\"description\" content=\"Sutraprotisa, affili\u00e9 \u00e0 la FETRMAP (F\u00e9d\u00e9ration p\u00e9ruvienne des travailleurs des manufactures), elle-m\u00eame affili\u00e9e \u00e0 IndustriALL Global Union, a organis\u00e9\" \/>\n<meta name=\"robots\" content=\"index, follow, max-snippet:-1, max-image-preview:large, max-video-preview:-1\" \/>\n<link rel=\"canonical\" href=\"https:\/\/admin.industriall-union.org\/fr\/perou-les-travailleurs-et-travailleuses-protestent-contre-les-abus-de-protisa\/\" \/>\n<meta property=\"og:locale\" content=\"fr_FR\" \/>\n<meta property=\"og:type\" content=\"article\" \/>\n<meta property=\"og:title\" content=\"P\u00e9rou : les travailleurs et travailleuses protestent contre les abus de Protisa\" \/>\n<meta property=\"og:description\" content=\"Sutraprotisa, affili\u00e9 \u00e0 la FETRMAP (F\u00e9d\u00e9ration p\u00e9ruvienne des travailleurs des manufactures), elle-m\u00eame affili\u00e9e \u00e0 IndustriALL Global Union, a organis\u00e9\" \/>\n<meta property=\"og:url\" content=\"https:\/\/admin.industriall-union.org\/fr\/perou-les-travailleurs-et-travailleuses-protestent-contre-les-abus-de-protisa\/\" \/>\n<meta property=\"og:site_name\" content=\"industriall-union\" \/>\n<meta property=\"article:modified_time\" content=\"2025-02-04T07:33:14+00:00\" \/>\n<meta name=\"twitter:card\" content=\"summary_large_image\" \/>\n<meta name=\"twitter:label1\" content=\"Est. reading time\" \/>\n\t<meta name=\"twitter:data1\" content=\"3 minutes\" \/>\n<script type=\"application\/ld+json\" class=\"yoast-schema-graph\">{\"@context\":\"https:\/\/schema.org\",\"@graph\":[{\"@type\":\"WebPage\",\"@id\":\"https:\/\/admin.industriall-union.org\/fr\/perou-les-travailleurs-et-travailleuses-protestent-contre-les-abus-de-protisa\/\",\"url\":\"https:\/\/admin.industriall-union.org\/fr\/perou-les-travailleurs-et-travailleuses-protestent-contre-les-abus-de-protisa\/\",\"name\":\"P\u00e9rou : les travailleurs et travailleuses protestent contre les abus de Protisa - industriall-union\",\"isPartOf\":{\"@id\":\"https:\/\/admin.industriall-union.org\/#website\"},\"datePublished\":\"2018-06-15T12:22:16+00:00\",\"dateModified\":\"2025-02-04T07:33:14+00:00\",\"description\":\"Sutraprotisa, affili\u00e9 \u00e0 la FETRMAP (F\u00e9d\u00e9ration p\u00e9ruvienne des travailleurs des manufactures), elle-m\u00eame affili\u00e9e \u00e0 IndustriALL Global Union, a organis\u00e9\",\"breadcrumb\":{\"@id\":\"https:\/\/admin.industriall-union.org\/fr\/perou-les-travailleurs-et-travailleuses-protestent-contre-les-abus-de-protisa\/#breadcrumb\"},\"inLanguage\":\"fr-FR\",\"potentialAction\":[{\"@type\":\"ReadAction\",\"target\":[\"https:\/\/admin.industriall-union.org\/fr\/perou-les-travailleurs-et-travailleuses-protestent-contre-les-abus-de-protisa\/\"]}]},{\"@type\":\"BreadcrumbList\",\"@id\":\"https:\/\/admin.industriall-union.org\/fr\/perou-les-travailleurs-et-travailleuses-protestent-contre-les-abus-de-protisa\/#breadcrumb\",\"itemListElement\":[{\"@type\":\"ListItem\",\"position\":1,\"name\":\"Home\",\"item\":\"https:\/\/admin.industriall-union.org\/\"},{\"@type\":\"ListItem\",\"position\":2,\"name\":\"Articles\",\"item\":\"https:\/\/admin.industriall-union.org\/article\/\"},{\"@type\":\"ListItem\",\"position\":3,\"name\":\"P\u00e9rou : les travailleurs et travailleuses protestent contre les abus de Protisa\"}]},{\"@type\":\"WebSite\",\"@id\":\"https:\/\/admin.industriall-union.org\/#website\",\"url\":\"https:\/\/admin.industriall-union.org\/\",\"name\":\"industriall-union\",\"description\":\"\",\"potentialAction\":[{\"@type\":\"SearchAction\",\"target\":{\"@type\":\"EntryPoint\",\"urlTemplate\":\"https:\/\/admin.industriall-union.org\/?s={search_term_string}\"},\"query-input\":{\"@type\":\"PropertyValueSpecification\",\"valueRequired\":true,\"valueName\":\"search_term_string\"}}],\"inLanguage\":\"fr-FR\"}]}<\/script>\n<!-- \/ Yoast SEO Premium plugin. -->","yoast_head_json":{"title":"P\u00e9rou : les travailleurs et travailleuses protestent contre les abus de Protisa - industriall-union","description":"Sutraprotisa, affili\u00e9 \u00e0 la FETRMAP (F\u00e9d\u00e9ration p\u00e9ruvienne des travailleurs des manufactures), elle-m\u00eame affili\u00e9e \u00e0 IndustriALL Global Union, a organis\u00e9","robots":{"index":"index","follow":"follow","max-snippet":"max-snippet:-1","max-image-preview":"max-image-preview:large","max-video-preview":"max-video-preview:-1"},"canonical":"https:\/\/admin.industriall-union.org\/fr\/perou-les-travailleurs-et-travailleuses-protestent-contre-les-abus-de-protisa\/","og_locale":"fr_FR","og_type":"article","og_title":"P\u00e9rou : les travailleurs et travailleuses protestent contre les abus de Protisa","og_description":"Sutraprotisa, affili\u00e9 \u00e0 la FETRMAP (F\u00e9d\u00e9ration p\u00e9ruvienne des travailleurs des manufactures), elle-m\u00eame affili\u00e9e \u00e0 IndustriALL Global Union, a organis\u00e9","og_url":"https:\/\/admin.industriall-union.org\/fr\/perou-les-travailleurs-et-travailleuses-protestent-contre-les-abus-de-protisa\/","og_site_name":"industriall-union","article_modified_time":"2025-02-04T07:33:14+00:00","twitter_card":"summary_large_image","twitter_misc":{"Est. reading time":"3 minutes"},"schema":{"@context":"https:\/\/schema.org","@graph":[{"@type":"WebPage","@id":"https:\/\/admin.industriall-union.org\/fr\/perou-les-travailleurs-et-travailleuses-protestent-contre-les-abus-de-protisa\/","url":"https:\/\/admin.industriall-union.org\/fr\/perou-les-travailleurs-et-travailleuses-protestent-contre-les-abus-de-protisa\/","name":"P\u00e9rou : les travailleurs et travailleuses protestent contre les abus de Protisa - industriall-union","isPartOf":{"@id":"https:\/\/admin.industriall-union.org\/#website"},"datePublished":"2018-06-15T12:22:16+00:00","dateModified":"2025-02-04T07:33:14+00:00","description":"Sutraprotisa, affili\u00e9 \u00e0 la FETRMAP (F\u00e9d\u00e9ration p\u00e9ruvienne des travailleurs des manufactures), elle-m\u00eame affili\u00e9e \u00e0 IndustriALL Global Union, a organis\u00e9","breadcrumb":{"@id":"https:\/\/admin.industriall-union.org\/fr\/perou-les-travailleurs-et-travailleuses-protestent-contre-les-abus-de-protisa\/#breadcrumb"},"inLanguage":"fr-FR","potentialAction":[{"@type":"ReadAction","target":["https:\/\/admin.industriall-union.org\/fr\/perou-les-travailleurs-et-travailleuses-protestent-contre-les-abus-de-protisa\/"]}]},{"@type":"BreadcrumbList","@id":"https:\/\/admin.industriall-union.org\/fr\/perou-les-travailleurs-et-travailleuses-protestent-contre-les-abus-de-protisa\/#breadcrumb","itemListElement":[{"@type":"ListItem","position":1,"name":"Home","item":"https:\/\/admin.industriall-union.org\/"},{"@type":"ListItem","position":2,"name":"Articles","item":"https:\/\/admin.industriall-union.org\/article\/"},{"@type":"ListItem","position":3,"name":"P\u00e9rou : les travailleurs et travailleuses protestent contre les abus de Protisa"}]},{"@type":"WebSite","@id":"https:\/\/admin.industriall-union.org\/#website","url":"https:\/\/admin.industriall-union.org\/","name":"industriall-union","description":"","potentialAction":[{"@type":"SearchAction","target":{"@type":"EntryPoint","urlTemplate":"https:\/\/admin.industriall-union.org\/?s={search_term_string}"},"query-input":{"@type":"PropertyValueSpecification","valueRequired":true,"valueName":"search_term_string"}}],"inLanguage":"fr-FR"}]}},"_links":{"self":[{"href":"https:\/\/admin.industriall-union.org\/fr\/wp-json\/wp\/v2\/article\/148637","targetHints":{"allow":["GET"]}}],"collection":[{"href":"https:\/\/admin.industriall-union.org\/fr\/wp-json\/wp\/v2\/article"}],"about":[{"href":"https:\/\/admin.industriall-union.org\/fr\/wp-json\/wp\/v2\/types\/article"}],"wp:attachment":[{"href":"https:\/\/admin.industriall-union.org\/fr\/wp-json\/wp\/v2\/media?parent=148637"}],"wp:term":[{"taxonomy":"issues","embeddable":true,"href":"https:\/\/admin.industriall-union.org\/fr\/wp-json\/wp\/v2\/issues?post=148637"},{"taxonomy":"companies","embeddable":true,"href":"https:\/\/admin.industriall-union.org\/fr\/wp-json\/wp\/v2\/companies?post=148637"},{"taxonomy":"regions","embeddable":true,"href":"https:\/\/admin.industriall-union.org\/fr\/wp-json\/wp\/v2\/regions?post=148637"},{"taxonomy":"sectors","embeddable":true,"href":"https:\/\/admin.industriall-union.org\/fr\/wp-json\/wp\/v2\/sectors?post=148637"},{"taxonomy":"article_tags","embeddable":true,"href":"https:\/\/admin.industriall-union.org\/fr\/wp-json\/wp\/v2\/article_tags?post=148637"}],"curies":[{"name":"wp","href":"https:\/\/api.w.org\/{rel}","templated":true}]}}