{"id":148594,"date":"2018-07-05T09:33:03","date_gmt":"2018-07-05T09:33:03","guid":{"rendered":"https:\/\/admin.industriall-union.org\/mexique-los-mineros-obtient-le-droit-de-representer-les-travailleurs-a-teksid-apres-4-ans-de-lutte\/"},"modified":"2025-02-04T06:34:01","modified_gmt":"2025-02-04T06:34:01","slug":"mexique-los-mineros-obtient-le-droit-de-representer-les-travailleurs-a-teksid-apres-4-ans-de-lutte","status":"publish","type":"article","link":"https:\/\/admin.industriall-union.org\/fr\/mexique-los-mineros-obtient-le-droit-de-representer-les-travailleurs-a-teksid-apres-4-ans-de-lutte\/","title":{"rendered":"Mexique: Los Mineros obtient le droit de repr\u00e9senter les travailleurs \u00e0 Teksid apr\u00e8s 4 ans de lutte"},"content":{"rendered":"<p>L&rsquo;affili\u00e9 \u00e0&nbsp;IndustriALL Global Union, Los Mineros, a battu la Conf\u00e9d\u00e9ration des travailleurs mexicains, dirig\u00e9e par le corrompu Tereso Medina, par 238 voix contre 145, obtenant ainsi le droit exclusif de n\u00e9gocier une convention collective avec Teksid Hierro, une entreprise \u00e9tablie \u00e0 Monclova, dans l&rsquo;\u00e9tat de Coahuila.<\/p><p>Il s&rsquo;agit de l&rsquo;une des plus importantes victoires remport\u00e9es par Los Mineros. Le syndicat a gagn\u00e9 malgr\u00e9 la tentative du Conseil f\u00e9d\u00e9ral de conciliation et d&rsquo;arbitrage de faire \u00e9chouer sa candidature en annon\u00e7ant seulement 24 heures \u00e0 l&rsquo;avance le d\u00e9roulement des \u00e9lections, pensant faire battre Los Mineros juste avant l&rsquo;\u00e9lection pr\u00e9sidentielle.<\/p><p>En outre, le pr\u00e9sident du Conseil f\u00e9d\u00e9ral de conciliation et d&rsquo;arbitrage a accept\u00e9 la liste modifi\u00e9e des membres b\u00e9n\u00e9ficiant du droit de vote, rempla\u00e7ant la liste des 703 travailleurs membres du syndicat Los Mineros par celle soumise par l&rsquo;entreprise et la Conf\u00e9d\u00e9ration des travailleurs mexicains contenant les noms de 401 employ\u00e9s et travailleurs sous-trait\u00e9s de confiance.<\/p><p>Les travailleurs de l&rsquo;entreprise italienne, qui fait partie du groupe Fiat Chrysler, demandent \u00e0 \u00eatre repr\u00e9sent\u00e9s par Los Mineros depuis 2014. Au cours de ces quatre derni\u00e8res ann\u00e9es, ils ont subi de nombreuses agressions de la part des durs de la Conf\u00e9d\u00e9ration des travailleurs mexicains pour avoir exprim\u00e9 leur pr\u00e9f\u00e9rence pour Los Mineros. Par ailleurs, selon ce dernier, un grand nombre des 100 travailleurs licenci\u00e9s&nbsp;pendant cette p\u00e9riode auraient perdu leurs emplois pour avoir organis\u00e9 des gr\u00e8ves en guise de protestation contre le manque de repr\u00e9sentation d\u00e9mocratique de la Conf\u00e9d\u00e9ration des travailleurs mexicains, qui dispose d&rsquo;un contrat de protection.<\/p><blockquote><p>&laquo;&nbsp;Les choses n&rsquo;ont pas \u00e9t\u00e9 faciles. Nous avons subi 4 ans de r\u00e9pression, de menaces et de souffrance. De nombreux travailleurs ont \u00e9t\u00e9 licenci\u00e9s sans motif valable.&nbsp;Les travailleurs ont fait preuve de bravoure et de dignit\u00e9 dans leur combat pour faire valoir leurs droits et dans la poursuite de leur lutte, commenc\u00e9e en 2014 lorsqu&rsquo;ils ont exprim\u00e9 leur volont\u00e9 d&rsquo;adh\u00e9rer \u00e0 Los Mineros&nbsp;&raquo;,<\/p><\/blockquote><p>a indiqu\u00e9 le d\u00e9l\u00e9gu\u00e9 syndical de Los Mineros, Manuel Alfonso Prince, lors d&rsquo;une conf\u00e9rence de presse.<\/p><p>Prince a \u00e9galement ajout\u00e9 qu&rsquo;avec sa victoire aux \u00e9lections repr\u00e9sentatives, le syndicat \u0153uvrera pour que soient r\u00e9int\u00e9gr\u00e9s les pr\u00e8s de 100 travailleurs licenci\u00e9s pour avoir d\u00e9fendu leurs droits, et proc\u00e9dera \u00e0 l&rsquo;\u00e9lection des nouveaux dirigeants du comit\u00e9 local.<\/p><blockquote><p>&laquo;&nbsp;Nous f\u00e9licitons les travailleurs employ\u00e9s \u00e0 Teksid pour leur t\u00e9nacit\u00e9 et leur capacit\u00e9 \u00e0 se battre et \u00e0 tenir bon. Cette victoire dans l&rsquo;industrie des pi\u00e8ces automobiles repr\u00e9sente un nouvel espoir pour des milliers d&rsquo;autres travailleurs dans l&rsquo;\u00e9tat de Coahuila qui demandent que leurs droits soient repr\u00e9sent\u00e9s par le syndicat dirig\u00e9 par Napole\u00f3n G\u00f3mez Urrutia.&nbsp; IndustriALL continuera \u00e0 soutenir le juste combat des travailleurs mexicains pour leurs droits&nbsp;&raquo;,<\/p><\/blockquote><p>a d\u00e9clar\u00e9 Kemal \u00d6zkan, Secr\u00e9taire g\u00e9n\u00e9ral adjoint d&rsquo;IndustriALL.<\/p>","protected":false},"featured_media":0,"template":"","issues":[422,420,398,425],"companies":[],"regions":[254,275],"sectors":[495],"article_tags":[505,533],"class_list":["post-148594","article","type-article","status-publish","hentry","issues-human-trade-union-rights","issues-solidarity","issues-union-win","issues-workers-rights","regions-latin-america-and-the-caribbean","regions-mexico","sectors-mining","article_tags-collective-bargaining","article_tags-unemployment"],"acf":[],"yoast_head":"<!-- This site is optimized with the Yoast SEO Premium plugin v27.1 (Yoast SEO v27.1) - https:\/\/yoast.com\/product\/yoast-seo-premium-wordpress\/ -->\n<title>Mexique: Los Mineros obtient le droit de repr\u00e9senter les travailleurs \u00e0 Teksid apr\u00e8s 4 ans de lutte - industriall-union<\/title>\n<meta name=\"description\" content=\"L&rsquo;affili\u00e9 \u00e0&nbsp;IndustriALL Global Union, Los Mineros, a battu la Conf\u00e9d\u00e9ration des travailleurs mexicains, dirig\u00e9e par le corrompu Tereso Medina,\" \/>\n<meta name=\"robots\" content=\"index, follow, max-snippet:-1, max-image-preview:large, max-video-preview:-1\" \/>\n<link rel=\"canonical\" href=\"https:\/\/admin.industriall-union.org\/fr\/mexique-los-mineros-obtient-le-droit-de-representer-les-travailleurs-a-teksid-apres-4-ans-de-lutte\/\" \/>\n<meta property=\"og:locale\" content=\"fr_FR\" \/>\n<meta property=\"og:type\" content=\"article\" \/>\n<meta property=\"og:title\" content=\"Mexique: Los Mineros obtient le droit de repr\u00e9senter les travailleurs \u00e0 Teksid apr\u00e8s 4 ans de lutte\" \/>\n<meta property=\"og:description\" content=\"L&rsquo;affili\u00e9 \u00e0&nbsp;IndustriALL Global Union, Los Mineros, a battu la Conf\u00e9d\u00e9ration des travailleurs mexicains, dirig\u00e9e par le corrompu Tereso Medina,\" \/>\n<meta property=\"og:url\" content=\"https:\/\/admin.industriall-union.org\/fr\/mexique-los-mineros-obtient-le-droit-de-representer-les-travailleurs-a-teksid-apres-4-ans-de-lutte\/\" \/>\n<meta property=\"og:site_name\" content=\"industriall-union\" \/>\n<meta property=\"article:modified_time\" content=\"2025-02-04T06:34:01+00:00\" \/>\n<meta name=\"twitter:card\" content=\"summary_large_image\" \/>\n<meta name=\"twitter:label1\" content=\"Est. reading time\" \/>\n\t<meta name=\"twitter:data1\" content=\"3 minutes\" \/>\n<script type=\"application\/ld+json\" class=\"yoast-schema-graph\">{\"@context\":\"https:\/\/schema.org\",\"@graph\":[{\"@type\":\"WebPage\",\"@id\":\"https:\/\/admin.industriall-union.org\/fr\/mexique-los-mineros-obtient-le-droit-de-representer-les-travailleurs-a-teksid-apres-4-ans-de-lutte\/\",\"url\":\"https:\/\/admin.industriall-union.org\/fr\/mexique-los-mineros-obtient-le-droit-de-representer-les-travailleurs-a-teksid-apres-4-ans-de-lutte\/\",\"name\":\"Mexique: Los Mineros obtient le droit de repr\u00e9senter les travailleurs \u00e0 Teksid apr\u00e8s 4 ans de lutte - industriall-union\",\"isPartOf\":{\"@id\":\"https:\/\/admin.industriall-union.org\/#website\"},\"datePublished\":\"2018-07-05T09:33:03+00:00\",\"dateModified\":\"2025-02-04T06:34:01+00:00\",\"description\":\"L&rsquo;affili\u00e9 \u00e0&nbsp;IndustriALL Global Union, Los Mineros, a battu la Conf\u00e9d\u00e9ration des travailleurs mexicains, dirig\u00e9e par le corrompu Tereso Medina,\",\"breadcrumb\":{\"@id\":\"https:\/\/admin.industriall-union.org\/fr\/mexique-los-mineros-obtient-le-droit-de-representer-les-travailleurs-a-teksid-apres-4-ans-de-lutte\/#breadcrumb\"},\"inLanguage\":\"fr-FR\",\"potentialAction\":[{\"@type\":\"ReadAction\",\"target\":[\"https:\/\/admin.industriall-union.org\/fr\/mexique-los-mineros-obtient-le-droit-de-representer-les-travailleurs-a-teksid-apres-4-ans-de-lutte\/\"]}]},{\"@type\":\"BreadcrumbList\",\"@id\":\"https:\/\/admin.industriall-union.org\/fr\/mexique-los-mineros-obtient-le-droit-de-representer-les-travailleurs-a-teksid-apres-4-ans-de-lutte\/#breadcrumb\",\"itemListElement\":[{\"@type\":\"ListItem\",\"position\":1,\"name\":\"Home\",\"item\":\"https:\/\/admin.industriall-union.org\/\"},{\"@type\":\"ListItem\",\"position\":2,\"name\":\"Articles\",\"item\":\"https:\/\/admin.industriall-union.org\/article\/\"},{\"@type\":\"ListItem\",\"position\":3,\"name\":\"Mexique: Los Mineros obtient le droit de repr\u00e9senter les travailleurs \u00e0 Teksid apr\u00e8s 4 ans de lutte\"}]},{\"@type\":\"WebSite\",\"@id\":\"https:\/\/admin.industriall-union.org\/#website\",\"url\":\"https:\/\/admin.industriall-union.org\/\",\"name\":\"industriall-union\",\"description\":\"\",\"potentialAction\":[{\"@type\":\"SearchAction\",\"target\":{\"@type\":\"EntryPoint\",\"urlTemplate\":\"https:\/\/admin.industriall-union.org\/?s={search_term_string}\"},\"query-input\":{\"@type\":\"PropertyValueSpecification\",\"valueRequired\":true,\"valueName\":\"search_term_string\"}}],\"inLanguage\":\"fr-FR\"}]}<\/script>\n<!-- \/ Yoast SEO Premium plugin. -->","yoast_head_json":{"title":"Mexique: Los Mineros obtient le droit de repr\u00e9senter les travailleurs \u00e0 Teksid apr\u00e8s 4 ans de lutte - industriall-union","description":"L&rsquo;affili\u00e9 \u00e0&nbsp;IndustriALL Global Union, Los Mineros, a battu la Conf\u00e9d\u00e9ration des travailleurs mexicains, dirig\u00e9e par le corrompu Tereso Medina,","robots":{"index":"index","follow":"follow","max-snippet":"max-snippet:-1","max-image-preview":"max-image-preview:large","max-video-preview":"max-video-preview:-1"},"canonical":"https:\/\/admin.industriall-union.org\/fr\/mexique-los-mineros-obtient-le-droit-de-representer-les-travailleurs-a-teksid-apres-4-ans-de-lutte\/","og_locale":"fr_FR","og_type":"article","og_title":"Mexique: Los Mineros obtient le droit de repr\u00e9senter les travailleurs \u00e0 Teksid apr\u00e8s 4 ans de lutte","og_description":"L&rsquo;affili\u00e9 \u00e0&nbsp;IndustriALL Global Union, Los Mineros, a battu la Conf\u00e9d\u00e9ration des travailleurs mexicains, dirig\u00e9e par le corrompu Tereso Medina,","og_url":"https:\/\/admin.industriall-union.org\/fr\/mexique-los-mineros-obtient-le-droit-de-representer-les-travailleurs-a-teksid-apres-4-ans-de-lutte\/","og_site_name":"industriall-union","article_modified_time":"2025-02-04T06:34:01+00:00","twitter_card":"summary_large_image","twitter_misc":{"Est. reading time":"3 minutes"},"schema":{"@context":"https:\/\/schema.org","@graph":[{"@type":"WebPage","@id":"https:\/\/admin.industriall-union.org\/fr\/mexique-los-mineros-obtient-le-droit-de-representer-les-travailleurs-a-teksid-apres-4-ans-de-lutte\/","url":"https:\/\/admin.industriall-union.org\/fr\/mexique-los-mineros-obtient-le-droit-de-representer-les-travailleurs-a-teksid-apres-4-ans-de-lutte\/","name":"Mexique: Los Mineros obtient le droit de repr\u00e9senter les travailleurs \u00e0 Teksid apr\u00e8s 4 ans de lutte - industriall-union","isPartOf":{"@id":"https:\/\/admin.industriall-union.org\/#website"},"datePublished":"2018-07-05T09:33:03+00:00","dateModified":"2025-02-04T06:34:01+00:00","description":"L&rsquo;affili\u00e9 \u00e0&nbsp;IndustriALL Global Union, Los Mineros, a battu la Conf\u00e9d\u00e9ration des travailleurs mexicains, dirig\u00e9e par le corrompu Tereso Medina,","breadcrumb":{"@id":"https:\/\/admin.industriall-union.org\/fr\/mexique-los-mineros-obtient-le-droit-de-representer-les-travailleurs-a-teksid-apres-4-ans-de-lutte\/#breadcrumb"},"inLanguage":"fr-FR","potentialAction":[{"@type":"ReadAction","target":["https:\/\/admin.industriall-union.org\/fr\/mexique-los-mineros-obtient-le-droit-de-representer-les-travailleurs-a-teksid-apres-4-ans-de-lutte\/"]}]},{"@type":"BreadcrumbList","@id":"https:\/\/admin.industriall-union.org\/fr\/mexique-los-mineros-obtient-le-droit-de-representer-les-travailleurs-a-teksid-apres-4-ans-de-lutte\/#breadcrumb","itemListElement":[{"@type":"ListItem","position":1,"name":"Home","item":"https:\/\/admin.industriall-union.org\/"},{"@type":"ListItem","position":2,"name":"Articles","item":"https:\/\/admin.industriall-union.org\/article\/"},{"@type":"ListItem","position":3,"name":"Mexique: Los Mineros obtient le droit de repr\u00e9senter les travailleurs \u00e0 Teksid apr\u00e8s 4 ans de lutte"}]},{"@type":"WebSite","@id":"https:\/\/admin.industriall-union.org\/#website","url":"https:\/\/admin.industriall-union.org\/","name":"industriall-union","description":"","potentialAction":[{"@type":"SearchAction","target":{"@type":"EntryPoint","urlTemplate":"https:\/\/admin.industriall-union.org\/?s={search_term_string}"},"query-input":{"@type":"PropertyValueSpecification","valueRequired":true,"valueName":"search_term_string"}}],"inLanguage":"fr-FR"}]}},"_links":{"self":[{"href":"https:\/\/admin.industriall-union.org\/fr\/wp-json\/wp\/v2\/article\/148594","targetHints":{"allow":["GET"]}}],"collection":[{"href":"https:\/\/admin.industriall-union.org\/fr\/wp-json\/wp\/v2\/article"}],"about":[{"href":"https:\/\/admin.industriall-union.org\/fr\/wp-json\/wp\/v2\/types\/article"}],"wp:attachment":[{"href":"https:\/\/admin.industriall-union.org\/fr\/wp-json\/wp\/v2\/media?parent=148594"}],"wp:term":[{"taxonomy":"issues","embeddable":true,"href":"https:\/\/admin.industriall-union.org\/fr\/wp-json\/wp\/v2\/issues?post=148594"},{"taxonomy":"companies","embeddable":true,"href":"https:\/\/admin.industriall-union.org\/fr\/wp-json\/wp\/v2\/companies?post=148594"},{"taxonomy":"regions","embeddable":true,"href":"https:\/\/admin.industriall-union.org\/fr\/wp-json\/wp\/v2\/regions?post=148594"},{"taxonomy":"sectors","embeddable":true,"href":"https:\/\/admin.industriall-union.org\/fr\/wp-json\/wp\/v2\/sectors?post=148594"},{"taxonomy":"article_tags","embeddable":true,"href":"https:\/\/admin.industriall-union.org\/fr\/wp-json\/wp\/v2\/article_tags?post=148594"}],"curies":[{"name":"wp","href":"https:\/\/api.w.org\/{rel}","templated":true}]}}