{"id":148558,"date":"2018-07-25T05:50:55","date_gmt":"2018-07-25T05:50:55","guid":{"rendered":"https:\/\/admin.industriall-union.org\/des-politiques-energetiques-durables-sont-vitales-indiquent-les-syndicats-de-l-electricite-et-du-nucleaire\/"},"modified":"2025-02-04T05:47:54","modified_gmt":"2025-02-04T05:47:54","slug":"des-politiques-energetiques-durables-sont-vitales-indiquent-les-syndicats-de-l-electricite-et-du-nucleaire","status":"publish","type":"article","link":"https:\/\/admin.industriall-union.org\/fr\/des-politiques-energetiques-durables-sont-vitales-indiquent-les-syndicats-de-l-electricite-et-du-nucleaire\/","title":{"rendered":"Des politiques \u00e9nerg\u00e9tiques durables sont vitales, indiquent les syndicats de l\u2019\u00e9lectricit\u00e9 et du nucl\u00e9aire"},"content":{"rendered":"<p>Youri Ofitserov, pr\u00e9sident du Syndicat pan-russe de l&rsquo;\u00e9lectricit\u00e9, a accueilli les plus de 100 participants venus de 25 pays \u00e0 la r\u00e9union mondiale d&rsquo;IndustriALL pour les secteurs de l&rsquo;\u00e9lectricit\u00e9 et du nucl\u00e9aire.<\/p><p>Les politiques \u00e9nerg\u00e9tiques doivent \u00eatre constantes et ne peuvent varier avec chaque gouvernement, ont indiqu\u00e9 les syndicats pr\u00e9sents \u00e0 la r\u00e9union.<\/p><p>La consommation d&rsquo;\u00e9lectricit\u00e9 a plus que doubl\u00e9 depuis 1990 et on compte toujours 1,1 milliard de personnes sans acc\u00e8s \u00e0 l&rsquo;\u00e9lectricit\u00e9. Cependant, en d\u00e9pit de la demande croissante d&rsquo;\u00e9lectricit\u00e9, il faudra de moins en moins de travailleurs qu&rsquo;auparavant. De nombreux participants ont point\u00e9 l&rsquo;assurance d&rsquo;une Transition juste pour les travailleurs et travailleuses dont les emplois sont menac\u00e9s comme un d\u00e9fi majeur.<\/p><p>Les d\u00e9l\u00e9gu\u00e9s ont d\u00e9battu des impacts de la d\u00e9r\u00e9glementation, de la privatisation et de la lib\u00e9ralisation sur l&rsquo;emploi et sur les syndicats. Avant la privatisation, on ne comptait que dix compagnies dans le secteur de l&rsquo;\u00e9lectricit\u00e9 au Japon, il y en a maintenant cinq cents, alors que les prix de l&rsquo;\u00e9lectricit\u00e9 ont augment\u00e9 de 16% pour les m\u00e9nages et de 21% pour les entreprises.<\/p><p>Au Mexique, 44.000 travailleurs et travailleuses ont perdu leur emploi lorsque la fourniture d&rsquo;\u00e9lectricit\u00e9 a \u00e9t\u00e9 privatis\u00e9e en 2009. Les syndicats se battent contre cette d\u00e9cision depuis lors. Ailleurs, au Zimbabwe, 30.000 travailleurs et travailleuses ont \u00e9t\u00e9 licenci\u00e9s \u00e0 la suite de la privatisation et les personnes qui ont \u00e9t\u00e9 maintenues en poste sont pour la plupart jeunes, inexp\u00e9riment\u00e9es et titulaires de bas salaires.<\/p><p>Le deuxi\u00e8me moiti\u00e9 de la r\u00e9union a \u00e9t\u00e9 consacr\u00e9e \u00e0 l&rsquo;\u00e9nergie nucl\u00e9aire, qui g\u00e9n\u00e8re 10,6% de l&rsquo;\u00e9nergie mondiale. Cependant, dans certains pays, l&rsquo;\u00e9nergie nucl\u00e9aire domine, comme en France, o\u00f9 220.000 personnes sont employ\u00e9es dans le secteur. Quoi qu&rsquo;il en soit, financements et investissements sont n\u00e9cessaires pour maintenir les centrales et les emplois et la France cherche \u00e0 diminuer sa d\u00e9pendance vis-\u00e0-vis de l&rsquo;\u00e9nergie nucl\u00e9aire.<\/p><p>Alors que la Turquie est sur le point de construire trois nouvelles centrales, ailleurs, les autres pays abandonnent progressivement l&rsquo;\u00e9nergie nucl\u00e9aire. Par exemple, en Belgique, 7.000 emplois seront perdus lorsque les trois centrales seront d\u00e9class\u00e9es, d&rsquo;ici \u00e0 2025.<\/p><p>Igor Fomichov, du Syndicat russe des travailleurs de l&rsquo;industrie et de l&rsquo;\u00e9nergie nucl\u00e9aire, a pr\u00e9cis\u00e9 que les travailleurs et travailleuses du secteur, qui est enti\u00e8rement aux mains de l&rsquo;\u00c9tat, sont hautement qualifi\u00e9s et ont des r\u00e9mun\u00e9rations sup\u00e9rieures \u00e0 la moyenne. Le secteur g\u00e9n\u00e8re \u00e9galement de nombreux emplois au niveau de la construction d&rsquo;infrastructures pour les centrales. Il a indiqu\u00e9 que le gouvernement devait s&rsquo;assurer que les centrales nucl\u00e9aires soient s\u00fbres parce que l&rsquo;humanit\u00e9 ne pardonnerait jamais une nouvelle catastrophe.<\/p><p>Ryouichi Hagiwara du syndicat Denryoku Soren, du Japon, a indiqu\u00e9 qu&rsquo;il y avait eu des progr\u00e8s consid\u00e9rables au niveau de l&rsquo;assainissement, sept ans apr\u00e8s la catastrophe nucl\u00e9aire de Fukushima. Il a soulign\u00e9 le besoin de concevoir et de construire de meilleures centrales et d&rsquo;avoir un processus ad\u00e9quat de d\u00e9mant\u00e8lement.<\/p><p>Dans un d\u00e9bat concernant le R\u00e9seau syndical international des travailleurs du nucl\u00e9aire (INWUN), le Secr\u00e9taire g\u00e9n\u00e9ral adjoint d&rsquo;IndustriALL, Kemal \u00d6zkan, a indiqu\u00e9 que son r\u00f4le devrait \u00eatre \u00e9largi pour incorporer l&rsquo;ensemble de la cha\u00eene d&rsquo;approvisionnement du secteur nucl\u00e9aire, y compris les pays o\u00f9 l&rsquo;uranium est produit. Le besoin existe \u00e9galement d&rsquo;un \u00e9change d&rsquo;information entre les pays qui exploitent l&rsquo;\u00e9nergie nucl\u00e9aire et ceux qui d\u00e9butent en la mati\u00e8re, comme la Turquie et le Kazakhstan.<\/p><p>Livrant ses r\u00e9flexions sur la r\u00e9union, qui s&rsquo;est tenue \u00e0 la veille de la Conf\u00e9rence de l&rsquo;\u00e9nergie d&rsquo;IndustriALL, \u00e9galement \u00e0 Saint-P\u00e9tersbourg, Kemal \u00d6zkan, a indiqu\u00e9&nbsp;:<\/p><blockquote><p>&ldquo;C&rsquo;est la strat\u00e9gie d&rsquo;IndustriALL de construire une puissance syndicale dans les sous-secteurs de l&rsquo;\u00e9nergie par le biais des r\u00e9seaux. Nos affili\u00e9s des secteurs de l&rsquo;\u00e9lectricit\u00e9 et du nucl\u00e9aire affichent un engagement sans \u00e9quivoque en faveur de la coop\u00e9ration internationale et de la solidarit\u00e9 au sein de ces pans importants de l&rsquo;industrie de l&rsquo;\u00e9nergie. Au vu de la grande qualit\u00e9 des interventions et des d\u00e9bats d&rsquo;aujourd&rsquo;hui, la voie s&rsquo;ouvre clairement devant nous pour faire avancer la cause de la solidarit\u00e9 internationale au sein du secteur du nucl\u00e9aire et de sa cha\u00eene d&rsquo;approvisionnement.&rdquo;<\/p><\/blockquote>","protected":false},"featured_media":0,"template":"","issues":[402,392,399,425],"companies":[],"regions":[202,242],"sectors":[483],"article_tags":[511,530],"class_list":["post-148558","article","type-article","status-publish","hentry","issues-health-and-safety","issues-sustainable-industrial-policy","issues-union-building","issues-workers-rights","regions-europe","regions-russia","sectors-energy-oil-gas-electricity-and-nuclear","article_tags-industriall","article_tags-supply-chains"],"acf":[],"yoast_head":"<!-- This site is optimized with the Yoast SEO Premium plugin v27.1 (Yoast SEO v27.1) - https:\/\/yoast.com\/product\/yoast-seo-premium-wordpress\/ -->\n<title>Des politiques \u00e9nerg\u00e9tiques durables sont vitales, indiquent les syndicats de l\u2019\u00e9lectricit\u00e9 et du nucl\u00e9aire - industriall-union<\/title>\n<meta name=\"description\" content=\"Youri Ofitserov, pr\u00e9sident du Syndicat pan-russe de l&rsquo;\u00e9lectricit\u00e9, a accueilli les plus de 100 participants venus de 25 pays \u00e0 la r\u00e9union mondiale\" \/>\n<meta name=\"robots\" content=\"index, follow, max-snippet:-1, max-image-preview:large, max-video-preview:-1\" \/>\n<link rel=\"canonical\" href=\"https:\/\/admin.industriall-union.org\/fr\/des-politiques-energetiques-durables-sont-vitales-indiquent-les-syndicats-de-l-electricite-et-du-nucleaire\/\" \/>\n<meta property=\"og:locale\" content=\"fr_FR\" \/>\n<meta property=\"og:type\" content=\"article\" \/>\n<meta property=\"og:title\" content=\"Des politiques \u00e9nerg\u00e9tiques durables sont vitales, indiquent les syndicats de l\u2019\u00e9lectricit\u00e9 et du nucl\u00e9aire\" \/>\n<meta property=\"og:description\" content=\"Youri Ofitserov, pr\u00e9sident du Syndicat pan-russe de l&rsquo;\u00e9lectricit\u00e9, a accueilli les plus de 100 participants venus de 25 pays \u00e0 la r\u00e9union mondiale\" \/>\n<meta property=\"og:url\" content=\"https:\/\/admin.industriall-union.org\/fr\/des-politiques-energetiques-durables-sont-vitales-indiquent-les-syndicats-de-l-electricite-et-du-nucleaire\/\" \/>\n<meta property=\"og:site_name\" content=\"industriall-union\" \/>\n<meta property=\"article:modified_time\" content=\"2025-02-04T05:47:54+00:00\" \/>\n<meta name=\"twitter:card\" content=\"summary_large_image\" \/>\n<meta name=\"twitter:label1\" content=\"Est. reading time\" \/>\n\t<meta name=\"twitter:data1\" content=\"4 minutes\" \/>\n<script type=\"application\/ld+json\" class=\"yoast-schema-graph\">{\"@context\":\"https:\/\/schema.org\",\"@graph\":[{\"@type\":\"WebPage\",\"@id\":\"https:\/\/admin.industriall-union.org\/fr\/des-politiques-energetiques-durables-sont-vitales-indiquent-les-syndicats-de-l-electricite-et-du-nucleaire\/\",\"url\":\"https:\/\/admin.industriall-union.org\/fr\/des-politiques-energetiques-durables-sont-vitales-indiquent-les-syndicats-de-l-electricite-et-du-nucleaire\/\",\"name\":\"Des politiques \u00e9nerg\u00e9tiques durables sont vitales, indiquent les syndicats de l\u2019\u00e9lectricit\u00e9 et du nucl\u00e9aire - industriall-union\",\"isPartOf\":{\"@id\":\"https:\/\/admin.industriall-union.org\/#website\"},\"datePublished\":\"2018-07-25T05:50:55+00:00\",\"dateModified\":\"2025-02-04T05:47:54+00:00\",\"description\":\"Youri Ofitserov, pr\u00e9sident du Syndicat pan-russe de l&rsquo;\u00e9lectricit\u00e9, a accueilli les plus de 100 participants venus de 25 pays \u00e0 la r\u00e9union mondiale\",\"breadcrumb\":{\"@id\":\"https:\/\/admin.industriall-union.org\/fr\/des-politiques-energetiques-durables-sont-vitales-indiquent-les-syndicats-de-l-electricite-et-du-nucleaire\/#breadcrumb\"},\"inLanguage\":\"fr-FR\",\"potentialAction\":[{\"@type\":\"ReadAction\",\"target\":[\"https:\/\/admin.industriall-union.org\/fr\/des-politiques-energetiques-durables-sont-vitales-indiquent-les-syndicats-de-l-electricite-et-du-nucleaire\/\"]}]},{\"@type\":\"BreadcrumbList\",\"@id\":\"https:\/\/admin.industriall-union.org\/fr\/des-politiques-energetiques-durables-sont-vitales-indiquent-les-syndicats-de-l-electricite-et-du-nucleaire\/#breadcrumb\",\"itemListElement\":[{\"@type\":\"ListItem\",\"position\":1,\"name\":\"Home\",\"item\":\"https:\/\/admin.industriall-union.org\/\"},{\"@type\":\"ListItem\",\"position\":2,\"name\":\"Articles\",\"item\":\"https:\/\/admin.industriall-union.org\/article\/\"},{\"@type\":\"ListItem\",\"position\":3,\"name\":\"Des politiques \u00e9nerg\u00e9tiques durables sont vitales, indiquent les syndicats de l\u2019\u00e9lectricit\u00e9 et du nucl\u00e9aire\"}]},{\"@type\":\"WebSite\",\"@id\":\"https:\/\/admin.industriall-union.org\/#website\",\"url\":\"https:\/\/admin.industriall-union.org\/\",\"name\":\"industriall-union\",\"description\":\"\",\"potentialAction\":[{\"@type\":\"SearchAction\",\"target\":{\"@type\":\"EntryPoint\",\"urlTemplate\":\"https:\/\/admin.industriall-union.org\/?s={search_term_string}\"},\"query-input\":{\"@type\":\"PropertyValueSpecification\",\"valueRequired\":true,\"valueName\":\"search_term_string\"}}],\"inLanguage\":\"fr-FR\"}]}<\/script>\n<!-- \/ Yoast SEO Premium plugin. -->","yoast_head_json":{"title":"Des politiques \u00e9nerg\u00e9tiques durables sont vitales, indiquent les syndicats de l\u2019\u00e9lectricit\u00e9 et du nucl\u00e9aire - industriall-union","description":"Youri Ofitserov, pr\u00e9sident du Syndicat pan-russe de l&rsquo;\u00e9lectricit\u00e9, a accueilli les plus de 100 participants venus de 25 pays \u00e0 la r\u00e9union mondiale","robots":{"index":"index","follow":"follow","max-snippet":"max-snippet:-1","max-image-preview":"max-image-preview:large","max-video-preview":"max-video-preview:-1"},"canonical":"https:\/\/admin.industriall-union.org\/fr\/des-politiques-energetiques-durables-sont-vitales-indiquent-les-syndicats-de-l-electricite-et-du-nucleaire\/","og_locale":"fr_FR","og_type":"article","og_title":"Des politiques \u00e9nerg\u00e9tiques durables sont vitales, indiquent les syndicats de l\u2019\u00e9lectricit\u00e9 et du nucl\u00e9aire","og_description":"Youri Ofitserov, pr\u00e9sident du Syndicat pan-russe de l&rsquo;\u00e9lectricit\u00e9, a accueilli les plus de 100 participants venus de 25 pays \u00e0 la r\u00e9union mondiale","og_url":"https:\/\/admin.industriall-union.org\/fr\/des-politiques-energetiques-durables-sont-vitales-indiquent-les-syndicats-de-l-electricite-et-du-nucleaire\/","og_site_name":"industriall-union","article_modified_time":"2025-02-04T05:47:54+00:00","twitter_card":"summary_large_image","twitter_misc":{"Est. reading time":"4 minutes"},"schema":{"@context":"https:\/\/schema.org","@graph":[{"@type":"WebPage","@id":"https:\/\/admin.industriall-union.org\/fr\/des-politiques-energetiques-durables-sont-vitales-indiquent-les-syndicats-de-l-electricite-et-du-nucleaire\/","url":"https:\/\/admin.industriall-union.org\/fr\/des-politiques-energetiques-durables-sont-vitales-indiquent-les-syndicats-de-l-electricite-et-du-nucleaire\/","name":"Des politiques \u00e9nerg\u00e9tiques durables sont vitales, indiquent les syndicats de l\u2019\u00e9lectricit\u00e9 et du nucl\u00e9aire - industriall-union","isPartOf":{"@id":"https:\/\/admin.industriall-union.org\/#website"},"datePublished":"2018-07-25T05:50:55+00:00","dateModified":"2025-02-04T05:47:54+00:00","description":"Youri Ofitserov, pr\u00e9sident du Syndicat pan-russe de l&rsquo;\u00e9lectricit\u00e9, a accueilli les plus de 100 participants venus de 25 pays \u00e0 la r\u00e9union mondiale","breadcrumb":{"@id":"https:\/\/admin.industriall-union.org\/fr\/des-politiques-energetiques-durables-sont-vitales-indiquent-les-syndicats-de-l-electricite-et-du-nucleaire\/#breadcrumb"},"inLanguage":"fr-FR","potentialAction":[{"@type":"ReadAction","target":["https:\/\/admin.industriall-union.org\/fr\/des-politiques-energetiques-durables-sont-vitales-indiquent-les-syndicats-de-l-electricite-et-du-nucleaire\/"]}]},{"@type":"BreadcrumbList","@id":"https:\/\/admin.industriall-union.org\/fr\/des-politiques-energetiques-durables-sont-vitales-indiquent-les-syndicats-de-l-electricite-et-du-nucleaire\/#breadcrumb","itemListElement":[{"@type":"ListItem","position":1,"name":"Home","item":"https:\/\/admin.industriall-union.org\/"},{"@type":"ListItem","position":2,"name":"Articles","item":"https:\/\/admin.industriall-union.org\/article\/"},{"@type":"ListItem","position":3,"name":"Des politiques \u00e9nerg\u00e9tiques durables sont vitales, indiquent les syndicats de l\u2019\u00e9lectricit\u00e9 et du nucl\u00e9aire"}]},{"@type":"WebSite","@id":"https:\/\/admin.industriall-union.org\/#website","url":"https:\/\/admin.industriall-union.org\/","name":"industriall-union","description":"","potentialAction":[{"@type":"SearchAction","target":{"@type":"EntryPoint","urlTemplate":"https:\/\/admin.industriall-union.org\/?s={search_term_string}"},"query-input":{"@type":"PropertyValueSpecification","valueRequired":true,"valueName":"search_term_string"}}],"inLanguage":"fr-FR"}]}},"_links":{"self":[{"href":"https:\/\/admin.industriall-union.org\/fr\/wp-json\/wp\/v2\/article\/148558","targetHints":{"allow":["GET"]}}],"collection":[{"href":"https:\/\/admin.industriall-union.org\/fr\/wp-json\/wp\/v2\/article"}],"about":[{"href":"https:\/\/admin.industriall-union.org\/fr\/wp-json\/wp\/v2\/types\/article"}],"wp:attachment":[{"href":"https:\/\/admin.industriall-union.org\/fr\/wp-json\/wp\/v2\/media?parent=148558"}],"wp:term":[{"taxonomy":"issues","embeddable":true,"href":"https:\/\/admin.industriall-union.org\/fr\/wp-json\/wp\/v2\/issues?post=148558"},{"taxonomy":"companies","embeddable":true,"href":"https:\/\/admin.industriall-union.org\/fr\/wp-json\/wp\/v2\/companies?post=148558"},{"taxonomy":"regions","embeddable":true,"href":"https:\/\/admin.industriall-union.org\/fr\/wp-json\/wp\/v2\/regions?post=148558"},{"taxonomy":"sectors","embeddable":true,"href":"https:\/\/admin.industriall-union.org\/fr\/wp-json\/wp\/v2\/sectors?post=148558"},{"taxonomy":"article_tags","embeddable":true,"href":"https:\/\/admin.industriall-union.org\/fr\/wp-json\/wp\/v2\/article_tags?post=148558"}],"curies":[{"name":"wp","href":"https:\/\/api.w.org\/{rel}","templated":true}]}}