{"id":148554,"date":"2018-07-26T14:45:44","date_gmt":"2018-07-26T14:45:44","guid":{"rendered":"https:\/\/admin.industriall-union.org\/les-syndicats-de-l-039-energie-reclament-une-transition-juste-lors-d-039-une-conference-mondiale\/"},"modified":"2025-02-04T05:40:20","modified_gmt":"2025-02-04T05:40:20","slug":"les-syndicats-de-l-039-energie-reclament-une-transition-juste-lors-d-039-une-conference-mondiale","status":"publish","type":"article","link":"https:\/\/admin.industriall-union.org\/fr\/les-syndicats-de-l-039-energie-reclament-une-transition-juste-lors-d-039-une-conference-mondiale\/","title":{"rendered":"Les syndicats de l&#039;\u00e9nergie r\u00e9clament une transition juste lors d&#039;une conf\u00e9rence mondiale"},"content":{"rendered":"<p>Plus de 20 repr\u00e9sentants de 70 organisations syndicales \u00e9taient r\u00e9unis \u00e0 Saint-P\u00e9tersbourg, en Russie, les 25 et 26 juillet pour la conf\u00e9rence mondiale du secteur d&#039;IndustriALL Global Union, qui se tenait sur le th\u00e8me &quot;Renforcer la puissance syndicale dans les industries de l&#039;\u00e9nergie&quot;.<\/p><p>Dans le secteur de l&#039;\u00e9nergie, les politiques et structures de l&#039;\u00e9nergie nationales changent \u00e0 un rythme acc\u00e9l\u00e9r\u00e9 afin de r\u00e9agir au changement climatique, de satisfaire aux quotas d&#039;\u00e9mission et de s&#039;adapter aux nouvelles technologies qui exigent des comp\u00e9tences totalement nouvelles des travailleurs de l&#039;\u00e9nergie. Cette \u00e9volution s&#039;inscrit dans un contexte de hausse de la demande d&#039;\u00e9nergie, de privatisation et de progression du travail pr\u00e9caire dans le secteur.&nbsp;<\/p><p>Dans ce contexte d&#039;emploi industriel durable, une <a href=\"http:\/\/www.industriall-union.org\/fr\/une-transition-juste-vers-la-durabilite\">transition juste<\/a> s&#039;impose pour que les changements que traverse le secteur se fassent avec \u00e9quit\u00e9 et justice pour les travailleurs, leurs familles et la collectivit\u00e9.<\/p><p>Alexander Korchagin<strong>, <\/strong>le Pr\u00e9sident du Syndicat russe des travailleurs du p\u00e9trole, du gaz et de la construction qui accueillait la conf\u00e9rence, a expliqu\u00e9 que, durant cette phase critique que traverse l&#039;industrie de l&#039;\u00e9nergie, les syndicats sont la meilleure forme de protection des int\u00e9r\u00eats des travailleurs.<\/p><p>S&#039;adressant aux participants, le Secr\u00e9taire g\u00e9n\u00e9ral d&#039;IndustriALL Valter Sanches a expliqu\u00e9 que l&#039;\u00e9nergie est un droit \u00e9l\u00e9mentaire mais qu&#039;avec la privatisation, les multinationales ont commercialis\u00e9 l&#039;\u00e9nergie et cr\u00e9\u00e9 des monopoles.<\/p><p>&ldquo;S&#039;agissant de l&#039;\u00e9lectricit\u00e9, le mod\u00e8le le plus r\u00e9pandu est g\u00e9r\u00e9 par des entreprises priv\u00e9es r\u00e9gies par des normes publiques insuffisantes,&rdquo; a d\u00e9clar\u00e9 Valter Sanches. &ldquo;Les multinationales sont tr\u00e8s puissantes et les gouvernements craignent de s&#039;y frotter.&rdquo;<\/p><p>Pendant la conf\u00e9rence, les d\u00e9bats ont mis en lumi\u00e8re le probl\u00e8me croissant du travail pr\u00e9caire, qui touche tous les pays mais en frappe certains plus particuli\u00e8rement, comme le Nigeria o\u00f9 la quasi totalit\u00e9 des ouvriers de production ont des contrats indirects. D&#039;autre pays, comme la C\u00f4te d&#039;Ivoire, font \u00e9tat d&#039;\u00e9carts importants dans les r\u00e9mun\u00e9rations, les conditions de travail et les prestations des travailleurs permanents et contractuels. Il faut que les syndicats redoublent d&#039;efforts pour organiser les travailleurs pr\u00e9caires et les englober dans les conventions collectives chaque fois que c&#039;est possible ont d\u00e9clar\u00e9 les participants.&nbsp;<\/p><p>L&#039;intensification de la coop\u00e9ration \u00e0 travers les r\u00e9seaux syndicaux a \u00e9t\u00e9 qualifi\u00e9e d&#039;essentielle pour renforcer la puissance syndicale par le biais du soutien solidaire et l&#039;\u00e9change d&#039;informations entre syndicats par-del\u00e0 les fronti\u00e8res. En Am\u00e9rique latine, le r\u00e9seau de l&#039;\u00e9nergie a largement contribu\u00e9 \u00e0 la cr\u00e9ation de nouveaux syndicats dans le secteur.<\/p><p>Les participants ont discut\u00e9 des campagnes d&#039;IndustriALL dans le secteur, notamment chez Shell qui tente de dresser les travailleurs les uns contre les autres dans diff\u00e9rentes r\u00e9gions et refuse de n\u00e9gocier avec IndustriALL \u00e0 l&#039;\u00e9chelon mondial. Ils ont \u00e9galement not\u00e9 les graves violations des droits syndicaux commises en Alg\u00e9rie, ainsi que la campagne en cours pour faire respecter les droits des travailleurs de DNO au Y\u00e9men.<\/p><p>Lors d&#039;une discussion anim\u00e9e sur le concept Industrie 4.0, l&#039;\u00e9ducation et la formation &#8211; pay\u00e9es par l&#039;entreprise &#8211; ont \u00e9t\u00e9 qualifi\u00e9es de vitales pour les travailleurs. Les syndicats doivent participer au processus d\u00e9cisionnel lorsqu&#039;il s&#039;agit de la transformation technologique de la production \u00e9nerg\u00e9tique.<\/p><p>Les participants ont approuv\u00e9 un nouveau plan d&#039;action pour le secteur qui consistera \u00e0 identifier des strat\u00e9gies pour l&#039;instauration d&#039;une transition juste, le renforcement de la puissance syndicale, l&#039;\u00e9limination du travail pr\u00e9caire, une participation et une repr\u00e9sentation accrues des femmes, l&#039;am\u00e9lioration de la sant\u00e9 et la s\u00e9curit\u00e9, la r\u00e9sistance au capitalisme mondial et une politique industrielle durable.<\/p><p>Les participants \u00e0 la conf\u00e9rence ont aussi pr\u00e9sent\u00e9 leurs plus sinc\u00e8res condol\u00e9ances aux travailleurs grecs et \u00e0 la population pour les nombreuses victimes des incendies de for\u00eats, ainsi qu&#039;aux communaut\u00e9s frapp\u00e9es par la rupture d&#039;un barrage pendant la construction d&#039;une usine hydro\u00e9lectrique au Laos.<\/p><p>Ils ont aussi adopt\u00e9 des d\u00e9clarations de solidarit\u00e9 avec les travailleurs en lutte chez ExxonMobil en Australie, au National Grid aux \u00c9tats-Unis et chez Total au Royaume-Uni.<\/p><p>Frode Alfheim, de Industri Energi (Norv\u00e8ge), et Apsorn Krissanasmit, de PTT LU (Tha\u00eflande), ont \u00e9t\u00e9 r\u00e9\u00e9lus en tant que co-Pr\u00e9sidents de la section de l&#039;Energie d&#039;IndustriALL.&nbsp; Gwenne Farrell, de MOVE-UP (Canada), a \u00e9t\u00e9 \u00e9lue \u00e0 la vice-co-Pr\u00e9sidence de la section de l&#039;Energie, tandis que Valeriy Matov, d&#039;Atomprofspika (Ukraine), a \u00e9t\u00e9 \u00e9lu \u00e0 la vice-co-Pr\u00e9sidence de la section du Nucl\u00e9aire.&nbsp;<\/p><p>Le Secr\u00e9taire g\u00e9n\u00e9ral d&#039;IndustriALL, Valter Sanches, a d\u00e9clar\u00e9 :<\/p><blockquote><p>&nbsp;&ldquo;Le secteur de l&#039;\u00e9nergie conna\u00eet les m\u00eames probl\u00e8mes que d&#039;autres, comme les violations des droits, les men\u00e9es antisyndicales et le travail pr\u00e9caire. La particularit\u00e9 de ce secteur r\u00e9side dans la transition \u00e9nerg\u00e9tique. Nous devons renforcer la puissance syndicale pour pouvoir \u00eatre admis \u00e0 la n\u00e9gociation avec les gouvernements et les entreprises afin d&#039;imposer des politiques industrielles nationales durables qui garantissent une transition juste.&rdquo;<\/p><\/blockquote>","protected":false},"featured_media":0,"template":"","issues":[396,406,407,402,391],"companies":[],"regions":[202,242],"sectors":[483],"article_tags":[511],"class_list":["post-148554","article","type-article","status-publish","hentry","issues-building-strong-unions","issues-confronting-global-capital","issues-global-framework-agreements","issues-health-and-safety","issues-industry-40","regions-europe","regions-russia","sectors-energy-oil-gas-electricity-and-nuclear","article_tags-industriall"],"acf":[],"yoast_head":"<!-- This site is optimized with the Yoast SEO Premium plugin v27.1 (Yoast SEO v27.1) - https:\/\/yoast.com\/product\/yoast-seo-premium-wordpress\/ -->\n<title>Les syndicats de l&#039;\u00e9nergie r\u00e9clament une transition juste lors d&#039;une conf\u00e9rence mondiale - industriall-union<\/title>\n<meta name=\"description\" content=\"Plus de 20 repr\u00e9sentants de 70 organisations syndicales \u00e9taient r\u00e9unis \u00e0 Saint-P\u00e9tersbourg, en Russie, les 25 et 26 juillet pour la conf\u00e9rence mondiale du\" \/>\n<meta name=\"robots\" content=\"index, follow, max-snippet:-1, max-image-preview:large, max-video-preview:-1\" \/>\n<link rel=\"canonical\" href=\"https:\/\/admin.industriall-union.org\/fr\/les-syndicats-de-l-039-energie-reclament-une-transition-juste-lors-d-039-une-conference-mondiale\/\" \/>\n<meta property=\"og:locale\" content=\"fr_FR\" \/>\n<meta property=\"og:type\" content=\"article\" \/>\n<meta property=\"og:title\" content=\"Les syndicats de l&#039;\u00e9nergie r\u00e9clament une transition juste lors d&#039;une conf\u00e9rence mondiale\" \/>\n<meta property=\"og:description\" content=\"Plus de 20 repr\u00e9sentants de 70 organisations syndicales \u00e9taient r\u00e9unis \u00e0 Saint-P\u00e9tersbourg, en Russie, les 25 et 26 juillet pour la conf\u00e9rence mondiale du\" \/>\n<meta property=\"og:url\" content=\"https:\/\/admin.industriall-union.org\/fr\/les-syndicats-de-l-039-energie-reclament-une-transition-juste-lors-d-039-une-conference-mondiale\/\" \/>\n<meta property=\"og:site_name\" content=\"industriall-union\" \/>\n<meta property=\"article:modified_time\" content=\"2025-02-04T05:40:20+00:00\" \/>\n<meta name=\"twitter:card\" content=\"summary_large_image\" \/>\n<meta name=\"twitter:label1\" content=\"Est. reading time\" \/>\n\t<meta name=\"twitter:data1\" content=\"5 minutes\" \/>\n<script type=\"application\/ld+json\" class=\"yoast-schema-graph\">{\"@context\":\"https:\/\/schema.org\",\"@graph\":[{\"@type\":\"WebPage\",\"@id\":\"https:\/\/admin.industriall-union.org\/fr\/les-syndicats-de-l-039-energie-reclament-une-transition-juste-lors-d-039-une-conference-mondiale\/\",\"url\":\"https:\/\/admin.industriall-union.org\/fr\/les-syndicats-de-l-039-energie-reclament-une-transition-juste-lors-d-039-une-conference-mondiale\/\",\"name\":\"Les syndicats de l&#039;\u00e9nergie r\u00e9clament une transition juste lors d&#039;une conf\u00e9rence mondiale - industriall-union\",\"isPartOf\":{\"@id\":\"https:\/\/admin.industriall-union.org\/#website\"},\"datePublished\":\"2018-07-26T14:45:44+00:00\",\"dateModified\":\"2025-02-04T05:40:20+00:00\",\"description\":\"Plus de 20 repr\u00e9sentants de 70 organisations syndicales \u00e9taient r\u00e9unis \u00e0 Saint-P\u00e9tersbourg, en Russie, les 25 et 26 juillet pour la conf\u00e9rence mondiale du\",\"breadcrumb\":{\"@id\":\"https:\/\/admin.industriall-union.org\/fr\/les-syndicats-de-l-039-energie-reclament-une-transition-juste-lors-d-039-une-conference-mondiale\/#breadcrumb\"},\"inLanguage\":\"fr-FR\",\"potentialAction\":[{\"@type\":\"ReadAction\",\"target\":[\"https:\/\/admin.industriall-union.org\/fr\/les-syndicats-de-l-039-energie-reclament-une-transition-juste-lors-d-039-une-conference-mondiale\/\"]}]},{\"@type\":\"BreadcrumbList\",\"@id\":\"https:\/\/admin.industriall-union.org\/fr\/les-syndicats-de-l-039-energie-reclament-une-transition-juste-lors-d-039-une-conference-mondiale\/#breadcrumb\",\"itemListElement\":[{\"@type\":\"ListItem\",\"position\":1,\"name\":\"Home\",\"item\":\"https:\/\/admin.industriall-union.org\/\"},{\"@type\":\"ListItem\",\"position\":2,\"name\":\"Articles\",\"item\":\"https:\/\/admin.industriall-union.org\/article\/\"},{\"@type\":\"ListItem\",\"position\":3,\"name\":\"Les syndicats de l&#039;\u00e9nergie r\u00e9clament une transition juste lors d&#039;une conf\u00e9rence mondiale\"}]},{\"@type\":\"WebSite\",\"@id\":\"https:\/\/admin.industriall-union.org\/#website\",\"url\":\"https:\/\/admin.industriall-union.org\/\",\"name\":\"industriall-union\",\"description\":\"\",\"potentialAction\":[{\"@type\":\"SearchAction\",\"target\":{\"@type\":\"EntryPoint\",\"urlTemplate\":\"https:\/\/admin.industriall-union.org\/?s={search_term_string}\"},\"query-input\":{\"@type\":\"PropertyValueSpecification\",\"valueRequired\":true,\"valueName\":\"search_term_string\"}}],\"inLanguage\":\"fr-FR\"}]}<\/script>\n<!-- \/ Yoast SEO Premium plugin. -->","yoast_head_json":{"title":"Les syndicats de l&#039;\u00e9nergie r\u00e9clament une transition juste lors d&#039;une conf\u00e9rence mondiale - industriall-union","description":"Plus de 20 repr\u00e9sentants de 70 organisations syndicales \u00e9taient r\u00e9unis \u00e0 Saint-P\u00e9tersbourg, en Russie, les 25 et 26 juillet pour la conf\u00e9rence mondiale du","robots":{"index":"index","follow":"follow","max-snippet":"max-snippet:-1","max-image-preview":"max-image-preview:large","max-video-preview":"max-video-preview:-1"},"canonical":"https:\/\/admin.industriall-union.org\/fr\/les-syndicats-de-l-039-energie-reclament-une-transition-juste-lors-d-039-une-conference-mondiale\/","og_locale":"fr_FR","og_type":"article","og_title":"Les syndicats de l&#039;\u00e9nergie r\u00e9clament une transition juste lors d&#039;une conf\u00e9rence mondiale","og_description":"Plus de 20 repr\u00e9sentants de 70 organisations syndicales \u00e9taient r\u00e9unis \u00e0 Saint-P\u00e9tersbourg, en Russie, les 25 et 26 juillet pour la conf\u00e9rence mondiale du","og_url":"https:\/\/admin.industriall-union.org\/fr\/les-syndicats-de-l-039-energie-reclament-une-transition-juste-lors-d-039-une-conference-mondiale\/","og_site_name":"industriall-union","article_modified_time":"2025-02-04T05:40:20+00:00","twitter_card":"summary_large_image","twitter_misc":{"Est. reading time":"5 minutes"},"schema":{"@context":"https:\/\/schema.org","@graph":[{"@type":"WebPage","@id":"https:\/\/admin.industriall-union.org\/fr\/les-syndicats-de-l-039-energie-reclament-une-transition-juste-lors-d-039-une-conference-mondiale\/","url":"https:\/\/admin.industriall-union.org\/fr\/les-syndicats-de-l-039-energie-reclament-une-transition-juste-lors-d-039-une-conference-mondiale\/","name":"Les syndicats de l&#039;\u00e9nergie r\u00e9clament une transition juste lors d&#039;une conf\u00e9rence mondiale - industriall-union","isPartOf":{"@id":"https:\/\/admin.industriall-union.org\/#website"},"datePublished":"2018-07-26T14:45:44+00:00","dateModified":"2025-02-04T05:40:20+00:00","description":"Plus de 20 repr\u00e9sentants de 70 organisations syndicales \u00e9taient r\u00e9unis \u00e0 Saint-P\u00e9tersbourg, en Russie, les 25 et 26 juillet pour la conf\u00e9rence mondiale du","breadcrumb":{"@id":"https:\/\/admin.industriall-union.org\/fr\/les-syndicats-de-l-039-energie-reclament-une-transition-juste-lors-d-039-une-conference-mondiale\/#breadcrumb"},"inLanguage":"fr-FR","potentialAction":[{"@type":"ReadAction","target":["https:\/\/admin.industriall-union.org\/fr\/les-syndicats-de-l-039-energie-reclament-une-transition-juste-lors-d-039-une-conference-mondiale\/"]}]},{"@type":"BreadcrumbList","@id":"https:\/\/admin.industriall-union.org\/fr\/les-syndicats-de-l-039-energie-reclament-une-transition-juste-lors-d-039-une-conference-mondiale\/#breadcrumb","itemListElement":[{"@type":"ListItem","position":1,"name":"Home","item":"https:\/\/admin.industriall-union.org\/"},{"@type":"ListItem","position":2,"name":"Articles","item":"https:\/\/admin.industriall-union.org\/article\/"},{"@type":"ListItem","position":3,"name":"Les syndicats de l&#039;\u00e9nergie r\u00e9clament une transition juste lors d&#039;une conf\u00e9rence mondiale"}]},{"@type":"WebSite","@id":"https:\/\/admin.industriall-union.org\/#website","url":"https:\/\/admin.industriall-union.org\/","name":"industriall-union","description":"","potentialAction":[{"@type":"SearchAction","target":{"@type":"EntryPoint","urlTemplate":"https:\/\/admin.industriall-union.org\/?s={search_term_string}"},"query-input":{"@type":"PropertyValueSpecification","valueRequired":true,"valueName":"search_term_string"}}],"inLanguage":"fr-FR"}]}},"_links":{"self":[{"href":"https:\/\/admin.industriall-union.org\/fr\/wp-json\/wp\/v2\/article\/148554","targetHints":{"allow":["GET"]}}],"collection":[{"href":"https:\/\/admin.industriall-union.org\/fr\/wp-json\/wp\/v2\/article"}],"about":[{"href":"https:\/\/admin.industriall-union.org\/fr\/wp-json\/wp\/v2\/types\/article"}],"wp:attachment":[{"href":"https:\/\/admin.industriall-union.org\/fr\/wp-json\/wp\/v2\/media?parent=148554"}],"wp:term":[{"taxonomy":"issues","embeddable":true,"href":"https:\/\/admin.industriall-union.org\/fr\/wp-json\/wp\/v2\/issues?post=148554"},{"taxonomy":"companies","embeddable":true,"href":"https:\/\/admin.industriall-union.org\/fr\/wp-json\/wp\/v2\/companies?post=148554"},{"taxonomy":"regions","embeddable":true,"href":"https:\/\/admin.industriall-union.org\/fr\/wp-json\/wp\/v2\/regions?post=148554"},{"taxonomy":"sectors","embeddable":true,"href":"https:\/\/admin.industriall-union.org\/fr\/wp-json\/wp\/v2\/sectors?post=148554"},{"taxonomy":"article_tags","embeddable":true,"href":"https:\/\/admin.industriall-union.org\/fr\/wp-json\/wp\/v2\/article_tags?post=148554"}],"curies":[{"name":"wp","href":"https:\/\/api.w.org\/{rel}","templated":true}]}}