{"id":148449,"date":"2018-09-19T14:43:04","date_gmt":"2018-09-19T14:43:04","guid":{"rendered":"https:\/\/admin.industriall-union.org\/comite-de-l-acier-de-l-ocde-les-conflits-commerciaux-et-la-surcapacite-dominent-les-debats\/"},"modified":"2025-02-04T03:43:06","modified_gmt":"2025-02-04T03:43:06","slug":"comite-de-l-acier-de-l-ocde-les-conflits-commerciaux-et-la-surcapacite-dominent-les-debats","status":"publish","type":"article","link":"https:\/\/admin.industriall-union.org\/fr\/comite-de-l-acier-de-l-ocde-les-conflits-commerciaux-et-la-surcapacite-dominent-les-debats\/","title":{"rendered":"Comit\u00e9 de l\u2019acier de l\u2019OCDE : les conflits commerciaux et la surcapacit\u00e9 dominent les d\u00e9bats"},"content":{"rendered":"<p>C&rsquo;\u00e9tait une des conclusions du Comit\u00e9 de l&rsquo;acier de l&rsquo;OCDE, qui a rassembl\u00e9 plus de 100 repr\u00e9sentants de gouvernements, d&rsquo;entreprises et de syndicats \u00e0 l&rsquo;occasion de la r\u00e9union semestrielle qui s&rsquo;est tenue les 17 et 18 septembre \u00e0 Paris. Aux c\u00f4t\u00e9s d&rsquo;IndustriALL Global Union, on retrouvait notamment pour les syndicats&nbsp;: IndustriAll Europe, le TUAC de l&rsquo;OCDE (Commission syndicale consultative), la CFE-CGC (France) et Unite (Royaume-Uni).<\/p><p>La capacit\u00e9 mondiale en acier devrait s&rsquo;accro\u00eetre en 2018 pour la premi\u00e8re fois depuis 2015. L&rsquo;augmentation de capacit\u00e9 au cours des prochaines ann\u00e9es devrait \u00eatre concentr\u00e9e au Moyen-Orient et en Inde.<\/p><p>La Chine a \u00e9t\u00e9 soumise \u00e0 de fortes critiques lors de la r\u00e9union de la part des gouvernements, des associations patronales et d&rsquo;IndustriALL Global Union pour sa contribution aux surcapacit\u00e9s. La production chinoise d&rsquo;acier, qui est soutenue par l&rsquo;\u00c9tat, a \u00e9t\u00e9 multipli\u00e9e par cinq en moins de deux d\u00e9cennies, une partie importante de celle-ci \u00e9tant brad\u00e9e \u00e0 l&rsquo;\u00e9tranger sous les prix du march\u00e9.<\/p><p>Les repr\u00e9sentants chinois du secteur aussi bien que du gouvernement ont ni\u00e9 lors de la r\u00e9union l&rsquo;existence de surcapacit\u00e9s en Chine. Ils ont fait remarquer que la Chine avait d\u00e9j\u00e0 r\u00e9duit sa capacit\u00e9 de 120 millions de tonnes et qu&rsquo;il y avait maintenant dans le pays une r\u00e8gle stricte en vertu de laquelle aucune nouvelle capacit\u00e9 ne peut \u00eatre ajout\u00e9e sans que son \u00e9quivalent au moins ne soit \u00e9limin\u00e9 par ailleurs. La China repr\u00e9sente actuellement la moiti\u00e9 de la production mondiale d&rsquo;acier.<\/p><p>La r\u00e9cente imposition unilat\u00e9rale de droits de douane sur l&rsquo;acier par les \u00c9tats-Unis a \u00e9galement \u00e9t\u00e9 s\u00e9v\u00e8rement critiqu\u00e9e par les participants \u00e0 la r\u00e9union. Le repr\u00e9sentant du gouvernement am\u00e9ricain a r\u00e9pondu que ces taxes \u00e9taient conformes aux r\u00e8gles commerciales internationales et avaient \u00e9t\u00e9 impos\u00e9es en r\u00e9action \u00e0 des menaces pour la s\u00e9curit\u00e9 nationale.<\/p><p>Les participants se sont accord\u00e9s \u00e0 dire qu&rsquo;il fallait que les initiatives multilat\u00e9rales comme le Comit\u00e9 et le Forum mondial sur les surcapacit\u00e9s sid\u00e9rurgiques commencent \u00e0 porter leurs fruits quant \u00e0 leur promesse de r\u00e9duire les exc\u00e9dents de capacit\u00e9s d&rsquo;acier.<\/p><p>Ronald Janssen du TUAC a fait remarquer (<a href=\"\/wp-content\/uploads\/documents\/2018\/FRANCE\/tuac-presentation-steel-committee-seminar.ppt\">PowerPoint<\/a>), lors d&rsquo;un atelier qui pr\u00e9c\u00e9dait la r\u00e9union du Comit\u00e9, que des institutions ciblant le march\u00e9 de l&rsquo;emploi et qui soutiennent les droits des travailleurs, comme les conseils su\u00e9dois sur la s\u00e9curit\u00e9 de l&rsquo;emploi, pouvaient activer des r\u00e9ductions de capacit\u00e9s et d&rsquo;autres changements au sein du secteur pour le rendre plus \u00e9quitable.<\/p><blockquote><p>&ldquo;Les statistiques de suicide peuvent augmenter lors de fermetures d&rsquo;usines sid\u00e9rurgiques. Le Comit\u00e9 a-t-il pris en compte la sant\u00e9 mentale des salari\u00e9s d\u00e9plac\u00e9s et l&rsquo;assistance n\u00e9cessaire en mati\u00e8re de sant\u00e9 mentale en relation avec les fermetures d&rsquo;usines&nbsp;?&rdquo;<\/p><\/blockquote><p>a demand\u00e9 le membre de l&rsquo;Ex\u00e9cutif de Unite directement issu de la base, Tony Pearson, au cours de l&rsquo;atelier.<\/p><p>Le Forum mondial sur les surcapacit\u00e9s sid\u00e9rurgiques s&rsquo;est r\u00e9uni au cours des deux journ\u00e9es qui ont suivi le Comit\u00e9. Ce Forum mondial a \u00e9t\u00e9 constitu\u00e9 par le G20 en 2016 pour collaborer avec le Comit\u00e9 de l&rsquo;acier de l&rsquo;OCDE en vue de faire front \u00e0 la crise g\u00e9n\u00e9r\u00e9e par les capacit\u00e9s excendentaires.<\/p><p>Le Comit\u00e9 et le Forum mondial encouragent les diff\u00e9rents pays \u00e0 collaborer pour \u00e9laborer ensemble une vision commune des subsides \u00e9tatiques pour le secteur de la sid\u00e9rurgie, qui sont une cause cl\u00e9 des surcapacit\u00e9s mondiales. Dans les conclusions de la Pr\u00e9sidence, le Comit\u00e9 a redit la n\u00e9cessit\u00e9 de supprimer rapidement les subsides ainsi que les autres mesures de soutien des autorit\u00e9s qui provoquent des distortions de march\u00e9 et contribuent aux exc\u00e9dents de capacit\u00e9, ceci bien qu&rsquo;il n&rsquo;y ait pas eu de consensus sur la question de savoir quelles \u00e9taient les mesures de soutien qui provoquent ces distortions de march\u00e9.<\/p><p>Le Comit\u00e9 a \u00e9galement \u00e9labor\u00e9 un projet de directives concernant les aides d&rsquo;\u00c9tat et met au point une banque de donn\u00e9e des subsides. Ce travail progresse lentement et il n&rsquo;appara\u00eet pas comme \u00e9vident que le Comit\u00e9 et le Forum mondial se coordonnent bien \u00e0 cet \u00e9gard. Le TUAC et IndustriALL ont fait des propositions communes (<a href=\"\/wp-content\/uploads\/documents\/2018\/FRANCE\/tuac-industri-all_submission_to_the_oecd_steel_committee.pdf\">PDF<\/a>) concernant ce projet de directives.<\/p><p>IndustriALL a de nouveau protest\u00e9 lors de la r\u00e9union du Comit\u00e9 \u00e0 propos de l&rsquo;exclusion des syndicats du Forum mondial.<\/p><blockquote><p>&ldquo;Les sid\u00e9rurgistes sont une importante partie prenante dans ce d\u00e9bat et un exc\u00e8s de capacit\u00e9 a un grand impact sur eux et leurs communaut\u00e9s. Ils devraient avoir une place \u00e0 cette table,&rdquo;<\/p><\/blockquote><p>a d\u00e9clar\u00e9 le Directeur d&rsquo;IndustriALL pour les m\u00e9taux de base, Adam Lee.<\/p>","protected":false},"featured_media":0,"template":"","issues":[],"companies":[],"regions":[],"sectors":[481],"article_tags":[],"class_list":["post-148449","article","type-article","status-publish","hentry","sectors-base-metals"],"acf":[],"yoast_head":"<!-- This site is optimized with the Yoast SEO Premium plugin v27.1 (Yoast SEO v27.1) - https:\/\/yoast.com\/product\/yoast-seo-premium-wordpress\/ -->\n<title>Comit\u00e9 de l\u2019acier de l\u2019OCDE : les conflits commerciaux et la surcapacit\u00e9 dominent les d\u00e9bats - industriall-union<\/title>\n<meta name=\"description\" content=\"C&rsquo;\u00e9tait une des conclusions du Comit\u00e9 de l&rsquo;acier de l&rsquo;OCDE, qui a rassembl\u00e9 plus de 100 repr\u00e9sentants de gouvernements,\" \/>\n<meta name=\"robots\" content=\"index, follow, max-snippet:-1, max-image-preview:large, max-video-preview:-1\" \/>\n<link rel=\"canonical\" href=\"https:\/\/admin.industriall-union.org\/fr\/comite-de-l-acier-de-l-ocde-les-conflits-commerciaux-et-la-surcapacite-dominent-les-debats\/\" \/>\n<meta property=\"og:locale\" content=\"fr_FR\" \/>\n<meta property=\"og:type\" content=\"article\" \/>\n<meta property=\"og:title\" content=\"Comit\u00e9 de l\u2019acier de l\u2019OCDE : les conflits commerciaux et la surcapacit\u00e9 dominent les d\u00e9bats\" \/>\n<meta property=\"og:description\" content=\"C&rsquo;\u00e9tait une des conclusions du Comit\u00e9 de l&rsquo;acier de l&rsquo;OCDE, qui a rassembl\u00e9 plus de 100 repr\u00e9sentants de gouvernements,\" \/>\n<meta property=\"og:url\" content=\"https:\/\/admin.industriall-union.org\/fr\/comite-de-l-acier-de-l-ocde-les-conflits-commerciaux-et-la-surcapacite-dominent-les-debats\/\" \/>\n<meta property=\"og:site_name\" content=\"industriall-union\" \/>\n<meta property=\"article:modified_time\" content=\"2025-02-04T03:43:06+00:00\" \/>\n<meta name=\"twitter:card\" content=\"summary_large_image\" \/>\n<meta name=\"twitter:label1\" content=\"Est. reading time\" \/>\n\t<meta name=\"twitter:data1\" content=\"4 minutes\" \/>\n<script type=\"application\/ld+json\" class=\"yoast-schema-graph\">{\"@context\":\"https:\/\/schema.org\",\"@graph\":[{\"@type\":\"WebPage\",\"@id\":\"https:\/\/admin.industriall-union.org\/fr\/comite-de-l-acier-de-l-ocde-les-conflits-commerciaux-et-la-surcapacite-dominent-les-debats\/\",\"url\":\"https:\/\/admin.industriall-union.org\/fr\/comite-de-l-acier-de-l-ocde-les-conflits-commerciaux-et-la-surcapacite-dominent-les-debats\/\",\"name\":\"Comit\u00e9 de l\u2019acier de l\u2019OCDE : les conflits commerciaux et la surcapacit\u00e9 dominent les d\u00e9bats - industriall-union\",\"isPartOf\":{\"@id\":\"https:\/\/admin.industriall-union.org\/es\/#website\"},\"datePublished\":\"2018-09-19T14:43:04+00:00\",\"dateModified\":\"2025-02-04T03:43:06+00:00\",\"description\":\"C&rsquo;\u00e9tait une des conclusions du Comit\u00e9 de l&rsquo;acier de l&rsquo;OCDE, qui a rassembl\u00e9 plus de 100 repr\u00e9sentants de gouvernements,\",\"breadcrumb\":{\"@id\":\"https:\/\/admin.industriall-union.org\/fr\/comite-de-l-acier-de-l-ocde-les-conflits-commerciaux-et-la-surcapacite-dominent-les-debats\/#breadcrumb\"},\"inLanguage\":\"fr-FR\",\"potentialAction\":[{\"@type\":\"ReadAction\",\"target\":[\"https:\/\/admin.industriall-union.org\/fr\/comite-de-l-acier-de-l-ocde-les-conflits-commerciaux-et-la-surcapacite-dominent-les-debats\/\"]}]},{\"@type\":\"BreadcrumbList\",\"@id\":\"https:\/\/admin.industriall-union.org\/fr\/comite-de-l-acier-de-l-ocde-les-conflits-commerciaux-et-la-surcapacite-dominent-les-debats\/#breadcrumb\",\"itemListElement\":[{\"@type\":\"ListItem\",\"position\":1,\"name\":\"Home\",\"item\":\"https:\/\/admin.industriall-union.org\/es\/\"},{\"@type\":\"ListItem\",\"position\":2,\"name\":\"Articles\",\"item\":\"https:\/\/admin.industriall-union.org\/es\/article\/\"},{\"@type\":\"ListItem\",\"position\":3,\"name\":\"Comit\u00e9 de l\u2019acier de l\u2019OCDE : les conflits commerciaux et la surcapacit\u00e9 dominent les d\u00e9bats\"}]},{\"@type\":\"WebSite\",\"@id\":\"https:\/\/admin.industriall-union.org\/es\/#website\",\"url\":\"https:\/\/admin.industriall-union.org\/es\/\",\"name\":\"industriall-union\",\"description\":\"\",\"potentialAction\":[{\"@type\":\"SearchAction\",\"target\":{\"@type\":\"EntryPoint\",\"urlTemplate\":\"https:\/\/admin.industriall-union.org\/es\/?s={search_term_string}\"},\"query-input\":{\"@type\":\"PropertyValueSpecification\",\"valueRequired\":true,\"valueName\":\"search_term_string\"}}],\"inLanguage\":\"fr-FR\"}]}<\/script>\n<!-- \/ Yoast SEO Premium plugin. -->","yoast_head_json":{"title":"Comit\u00e9 de l\u2019acier de l\u2019OCDE : les conflits commerciaux et la surcapacit\u00e9 dominent les d\u00e9bats - industriall-union","description":"C&rsquo;\u00e9tait une des conclusions du Comit\u00e9 de l&rsquo;acier de l&rsquo;OCDE, qui a rassembl\u00e9 plus de 100 repr\u00e9sentants de gouvernements,","robots":{"index":"index","follow":"follow","max-snippet":"max-snippet:-1","max-image-preview":"max-image-preview:large","max-video-preview":"max-video-preview:-1"},"canonical":"https:\/\/admin.industriall-union.org\/fr\/comite-de-l-acier-de-l-ocde-les-conflits-commerciaux-et-la-surcapacite-dominent-les-debats\/","og_locale":"fr_FR","og_type":"article","og_title":"Comit\u00e9 de l\u2019acier de l\u2019OCDE : les conflits commerciaux et la surcapacit\u00e9 dominent les d\u00e9bats","og_description":"C&rsquo;\u00e9tait une des conclusions du Comit\u00e9 de l&rsquo;acier de l&rsquo;OCDE, qui a rassembl\u00e9 plus de 100 repr\u00e9sentants de gouvernements,","og_url":"https:\/\/admin.industriall-union.org\/fr\/comite-de-l-acier-de-l-ocde-les-conflits-commerciaux-et-la-surcapacite-dominent-les-debats\/","og_site_name":"industriall-union","article_modified_time":"2025-02-04T03:43:06+00:00","twitter_card":"summary_large_image","twitter_misc":{"Est. reading time":"4 minutes"},"schema":{"@context":"https:\/\/schema.org","@graph":[{"@type":"WebPage","@id":"https:\/\/admin.industriall-union.org\/fr\/comite-de-l-acier-de-l-ocde-les-conflits-commerciaux-et-la-surcapacite-dominent-les-debats\/","url":"https:\/\/admin.industriall-union.org\/fr\/comite-de-l-acier-de-l-ocde-les-conflits-commerciaux-et-la-surcapacite-dominent-les-debats\/","name":"Comit\u00e9 de l\u2019acier de l\u2019OCDE : les conflits commerciaux et la surcapacit\u00e9 dominent les d\u00e9bats - industriall-union","isPartOf":{"@id":"https:\/\/admin.industriall-union.org\/es\/#website"},"datePublished":"2018-09-19T14:43:04+00:00","dateModified":"2025-02-04T03:43:06+00:00","description":"C&rsquo;\u00e9tait une des conclusions du Comit\u00e9 de l&rsquo;acier de l&rsquo;OCDE, qui a rassembl\u00e9 plus de 100 repr\u00e9sentants de gouvernements,","breadcrumb":{"@id":"https:\/\/admin.industriall-union.org\/fr\/comite-de-l-acier-de-l-ocde-les-conflits-commerciaux-et-la-surcapacite-dominent-les-debats\/#breadcrumb"},"inLanguage":"fr-FR","potentialAction":[{"@type":"ReadAction","target":["https:\/\/admin.industriall-union.org\/fr\/comite-de-l-acier-de-l-ocde-les-conflits-commerciaux-et-la-surcapacite-dominent-les-debats\/"]}]},{"@type":"BreadcrumbList","@id":"https:\/\/admin.industriall-union.org\/fr\/comite-de-l-acier-de-l-ocde-les-conflits-commerciaux-et-la-surcapacite-dominent-les-debats\/#breadcrumb","itemListElement":[{"@type":"ListItem","position":1,"name":"Home","item":"https:\/\/admin.industriall-union.org\/es\/"},{"@type":"ListItem","position":2,"name":"Articles","item":"https:\/\/admin.industriall-union.org\/es\/article\/"},{"@type":"ListItem","position":3,"name":"Comit\u00e9 de l\u2019acier de l\u2019OCDE : les conflits commerciaux et la surcapacit\u00e9 dominent les d\u00e9bats"}]},{"@type":"WebSite","@id":"https:\/\/admin.industriall-union.org\/es\/#website","url":"https:\/\/admin.industriall-union.org\/es\/","name":"industriall-union","description":"","potentialAction":[{"@type":"SearchAction","target":{"@type":"EntryPoint","urlTemplate":"https:\/\/admin.industriall-union.org\/es\/?s={search_term_string}"},"query-input":{"@type":"PropertyValueSpecification","valueRequired":true,"valueName":"search_term_string"}}],"inLanguage":"fr-FR"}]}},"_links":{"self":[{"href":"https:\/\/admin.industriall-union.org\/fr\/wp-json\/wp\/v2\/article\/148449","targetHints":{"allow":["GET"]}}],"collection":[{"href":"https:\/\/admin.industriall-union.org\/fr\/wp-json\/wp\/v2\/article"}],"about":[{"href":"https:\/\/admin.industriall-union.org\/fr\/wp-json\/wp\/v2\/types\/article"}],"wp:attachment":[{"href":"https:\/\/admin.industriall-union.org\/fr\/wp-json\/wp\/v2\/media?parent=148449"}],"wp:term":[{"taxonomy":"issues","embeddable":true,"href":"https:\/\/admin.industriall-union.org\/fr\/wp-json\/wp\/v2\/issues?post=148449"},{"taxonomy":"companies","embeddable":true,"href":"https:\/\/admin.industriall-union.org\/fr\/wp-json\/wp\/v2\/companies?post=148449"},{"taxonomy":"regions","embeddable":true,"href":"https:\/\/admin.industriall-union.org\/fr\/wp-json\/wp\/v2\/regions?post=148449"},{"taxonomy":"sectors","embeddable":true,"href":"https:\/\/admin.industriall-union.org\/fr\/wp-json\/wp\/v2\/sectors?post=148449"},{"taxonomy":"article_tags","embeddable":true,"href":"https:\/\/admin.industriall-union.org\/fr\/wp-json\/wp\/v2\/article_tags?post=148449"}],"curies":[{"name":"wp","href":"https:\/\/api.w.org\/{rel}","templated":true}]}}