{"id":148424,"date":"2018-10-04T11:49:59","date_gmt":"2018-10-04T11:49:59","guid":{"rendered":"https:\/\/admin.industriall-union.org\/les-syndicats-unis-pour-defendre-les-droits-des-travailleurs\/"},"modified":"2025-02-04T02:45:16","modified_gmt":"2025-02-04T02:45:16","slug":"les-syndicats-unis-pour-defendre-les-droits-des-travailleurs","status":"publish","type":"article","link":"https:\/\/admin.industriall-union.org\/fr\/les-syndicats-unis-pour-defendre-les-droits-des-travailleurs\/","title":{"rendered":"Les syndicats unis pour d\u00e9fendre les droits des travailleurs"},"content":{"rendered":"<p>La r\u00e9union s&rsquo;est av\u00e9r\u00e9e \u00eatre une importante plateforme d&rsquo;\u00e9change d&rsquo;informations et d&rsquo;exp\u00e9riences, avec les participants unis dans la d\u00e9fense et la progression des droits des travailleurs. Une journ\u00e9e enti\u00e8re a \u00e9t\u00e9 consacr\u00e9e aux questions d&rsquo;\u00e9galit\u00e9 des sexes et \u00e0 la mani\u00e8re dont les syndicats devraient collaborer pour am\u00e9liorer les droits et la participation des femmes.<\/p><p>Dans le cadre des discussions sur les nouveaux \u00e9l\u00e9ments survenus depuis la <a href=\"http:\/\/www.industriall-union.org\/fr\/les-syndicats-se-rencontrent-pour-une-reunion-regionale-en-armenie\">derni\u00e8re r\u00e9union tenue \u00e0 Erevan (Arm\u00e9nie),&nbsp;en 2017<\/a>, de nombreux d\u00e9l\u00e9gu\u00e9s ont \u00e9voqu\u00e9 les difficult\u00e9s auxquelles ils font face, parmi lesquelles figurent la baisse du niveaux de vie, le faible niveau des salaires et les attaques perp\u00e9tr\u00e9es contre les droits syndicaux.<\/p><ul><li>Des rapports alarmants sur la d\u00e9t\u00e9rioration des droits syndicaux au Kazakhstan et au B\u00e9larus ont \u00e9t\u00e9 pr\u00e9sent\u00e9s.<\/li><li>Des d\u00e9veloppements inqui\u00e9tants relatifs \u00e0 la libert\u00e9 syndicale et \u00e0 l&rsquo;intervention directe du gouvernement dans les affaires syndicales internes ont \u00e9t\u00e9 signal\u00e9s au Kazakhstan.<\/li><li>Dans le but de criminaliser les activit\u00e9s des syndicats, Gennady Fedynich et Ihar Komlik, dirigeants de l&rsquo;affili\u00e9 \u00e0 IndustriALL Global Union, le syndicat des travailleurs de l&rsquo;industrie radiophonique et \u00e9lectronique b\u00e9larussienne (REP), ont \u00e9t\u00e9 <u><a href=\"http:\/\/www.industriall-union.org\/fr\/belarus-deux-leaders-syndicaux-independants-condamnes-malgre-une-absence-de-preuves\">reconnus coupables d&rsquo;\u00e9vasion fiscale<\/a><\/u> en ao\u00fbt. Fedynich, qui ne peut pas sortir du pays, a pu suivre en partie la r\u00e9union par t\u00e9l\u00e9conf\u00e9rence.<\/li><li>En Russie, les syndicats se battent depuis l&rsquo;\u00e9t\u00e9 dernier contre l&rsquo;augmentation de l&rsquo;\u00e2ge de la retraite annonc\u00e9e. La Russie a \u00e9t\u00e9 le dernier pays o\u00f9 les femmes pouvaient prendre leur retraite \u00e0 l&rsquo;\u00e2ge de 55 ans et les hommes, \u00e0 l&rsquo;\u00e2ge de 60 ans. Le nouvel \u00e2ge de la retraite est fix\u00e9 \u00e0 60 ans pour les femmes et 65 ans pour les hommes.<\/li><li>En G\u00e9orgie, les syndicats font appel \u00e0 des m\u00e9diateurs en tant que nouveau moyen pour r\u00e9soudre les conflits du travail.<\/li><li>IndustriALL continue de soutenir les campagnes de syndicalisation dans la r\u00e9gion, dont les op\u00e9rations d&rsquo;organisation des travailleurs au Kyrgyzstan qui ont remport\u00e9 un franc succ\u00e8s.<\/li><\/ul><p>Kemal \u00d6zkan, Secr\u00e9taire g\u00e9n\u00e9ral adjoint d&rsquo;IndustriALL, a indiqu\u00e9:<\/p><p>&laquo;&nbsp;Nous avons eu trois jours de travail tr\u00e8s int\u00e9ressants et productifs. Comme dans de nombreux autres pays, ici \u00e9galement nos affili\u00e9s font face \u00e0 de multiples probl\u00e8mes graves, mais nous ne doutons pas que nous pouvons les surmonter.<\/p><p>&laquo;&nbsp;Les violations pr\u00e9occupantes des droits syndicaux au Kazakhstan et au B\u00e9larus sont choquantes mais avec le soutien de nos affili\u00e9s, nous sommes solidaires de nos coll\u00e8gues dans ces pays&nbsp;&raquo;.<\/p><p>Dans le cadre du renforcement des relations entre les pays de la r\u00e9gion et l&rsquo;Union europ\u00e9enne (UE), le Secr\u00e9taire g\u00e9n\u00e9ral d&rsquo;IndustriAll Europe, Luc Triangle, a pr\u00e9sent\u00e9 l&rsquo;UE, ses institutions et ses politiques sociales.<\/p><p>Industry 4.0 va tr\u00e8s vite avoir des cons\u00e9quences sur la r\u00e9gion, et les syndicats se pr\u00e9parent \u00e0 affronter les d\u00e9fis qui affecteront la production et le travail dans les industries ayant une fort impact sur les \u00e9conomies de la CEI.<\/p><p>Le troisi\u00e8me jour de la r\u00e9union a \u00e9t\u00e9 consacr\u00e9 aux politiques de genre et aux actions qui devront \u00eatre men\u00e9es dans la r\u00e9gion pour appliquer les d\u00e9cisions prises durant le Congr\u00e8s d&rsquo;IndustriALL organis\u00e9 \u00e0 Rio de Janeiro en 2016, \u00e0 savoir que &laquo;&nbsp;tous les affili\u00e9s s&rsquo;efforcent d&rsquo;avoir 40 pour cent de femmes au minimum dans leurs d\u00e9l\u00e9gations&nbsp;&raquo;. Les syndicats se sont f\u00e9licit\u00e9s de la possibilit\u00e9 donn\u00e9e aux hommes et aux femmes de se r\u00e9unir afin de mieux comprendre les probl\u00e8mes auxquels sont confront\u00e9es les femmes dans les syndicats et sur le lieu de travail. Le meilleur moyen d&rsquo;y apporter des am\u00e9liorations serait, \u00e0 l&rsquo;unanimit\u00e9 des affili\u00e9s, de r\u00e9gler les probl\u00e8mes au niveau du leadership, avec une participation de femmes et d&rsquo;hommes.<\/p><p>Jenny Holdcroft, Secr\u00e9taire g\u00e9n\u00e9rale adjointe d&rsquo;IndustriALL, a d\u00e9clar\u00e9:<\/p><p>&laquo;&nbsp;J&rsquo;ai \u00e9t\u00e9 tr\u00e8s heureuse de participer \u00e0 ces discussions stimulantes qui ont mis en lumi\u00e8re les diff\u00e9rentes perspectives des hommes et des femmes sur la situation des travailleuses. C&rsquo;est au travers de discussions comme celles-ci que nous pouvons am\u00e9liorer notre compr\u00e9hension commune des probl\u00e8mes et amorcer les changement dans nos syndicats&nbsp;&raquo;.<\/p>","protected":false},"featured_media":0,"template":"","issues":[396,391],"companies":[],"regions":[204,206,207,218,225,227,234,242,252],"sectors":[],"article_tags":[],"class_list":["post-148424","article","type-article","status-publish","hentry","issues-building-strong-unions","issues-industry-40","regions-armenia","regions-azerbaijan","regions-belarus","regions-georgia","regions-kazakhstan","regions-kyrgyzstan","regions-moldova","regions-russia","regions-ukraine"],"acf":[],"yoast_head":"<!-- This site is optimized with the Yoast SEO Premium plugin v27.1 (Yoast SEO v27.1) - https:\/\/yoast.com\/product\/yoast-seo-premium-wordpress\/ -->\n<title>Les syndicats unis pour d\u00e9fendre les droits des travailleurs - industriall-union<\/title>\n<meta name=\"description\" content=\"La r\u00e9union s&rsquo;est av\u00e9r\u00e9e \u00eatre une importante plateforme d&rsquo;\u00e9change d&rsquo;informations et d&rsquo;exp\u00e9riences, avec les participants unis dans\" \/>\n<meta name=\"robots\" content=\"index, follow, max-snippet:-1, max-image-preview:large, max-video-preview:-1\" \/>\n<link rel=\"canonical\" href=\"https:\/\/admin.industriall-union.org\/fr\/les-syndicats-unis-pour-defendre-les-droits-des-travailleurs\/\" \/>\n<meta property=\"og:locale\" content=\"fr_FR\" \/>\n<meta property=\"og:type\" content=\"article\" \/>\n<meta property=\"og:title\" content=\"Les syndicats unis pour d\u00e9fendre les droits des travailleurs\" \/>\n<meta property=\"og:description\" content=\"La r\u00e9union s&rsquo;est av\u00e9r\u00e9e \u00eatre une importante plateforme d&rsquo;\u00e9change d&rsquo;informations et d&rsquo;exp\u00e9riences, avec les participants unis dans\" \/>\n<meta property=\"og:url\" content=\"https:\/\/admin.industriall-union.org\/fr\/les-syndicats-unis-pour-defendre-les-droits-des-travailleurs\/\" \/>\n<meta property=\"og:site_name\" content=\"industriall-union\" \/>\n<meta property=\"article:modified_time\" content=\"2025-02-04T02:45:16+00:00\" \/>\n<meta name=\"twitter:card\" content=\"summary_large_image\" \/>\n<meta name=\"twitter:label1\" content=\"Est. reading time\" \/>\n\t<meta name=\"twitter:data1\" content=\"4 minutes\" \/>\n<script type=\"application\/ld+json\" class=\"yoast-schema-graph\">{\"@context\":\"https:\/\/schema.org\",\"@graph\":[{\"@type\":\"WebPage\",\"@id\":\"https:\/\/admin.industriall-union.org\/fr\/les-syndicats-unis-pour-defendre-les-droits-des-travailleurs\/\",\"url\":\"https:\/\/admin.industriall-union.org\/fr\/les-syndicats-unis-pour-defendre-les-droits-des-travailleurs\/\",\"name\":\"Les syndicats unis pour d\u00e9fendre les droits des travailleurs - industriall-union\",\"isPartOf\":{\"@id\":\"https:\/\/admin.industriall-union.org\/#website\"},\"datePublished\":\"2018-10-04T11:49:59+00:00\",\"dateModified\":\"2025-02-04T02:45:16+00:00\",\"description\":\"La r\u00e9union s&rsquo;est av\u00e9r\u00e9e \u00eatre une importante plateforme d&rsquo;\u00e9change d&rsquo;informations et d&rsquo;exp\u00e9riences, avec les participants unis dans\",\"breadcrumb\":{\"@id\":\"https:\/\/admin.industriall-union.org\/fr\/les-syndicats-unis-pour-defendre-les-droits-des-travailleurs\/#breadcrumb\"},\"inLanguage\":\"fr-FR\",\"potentialAction\":[{\"@type\":\"ReadAction\",\"target\":[\"https:\/\/admin.industriall-union.org\/fr\/les-syndicats-unis-pour-defendre-les-droits-des-travailleurs\/\"]}]},{\"@type\":\"BreadcrumbList\",\"@id\":\"https:\/\/admin.industriall-union.org\/fr\/les-syndicats-unis-pour-defendre-les-droits-des-travailleurs\/#breadcrumb\",\"itemListElement\":[{\"@type\":\"ListItem\",\"position\":1,\"name\":\"Home\",\"item\":\"https:\/\/admin.industriall-union.org\/\"},{\"@type\":\"ListItem\",\"position\":2,\"name\":\"Articles\",\"item\":\"https:\/\/admin.industriall-union.org\/article\/\"},{\"@type\":\"ListItem\",\"position\":3,\"name\":\"Les syndicats unis pour d\u00e9fendre les droits des travailleurs\"}]},{\"@type\":\"WebSite\",\"@id\":\"https:\/\/admin.industriall-union.org\/#website\",\"url\":\"https:\/\/admin.industriall-union.org\/\",\"name\":\"industriall-union\",\"description\":\"\",\"potentialAction\":[{\"@type\":\"SearchAction\",\"target\":{\"@type\":\"EntryPoint\",\"urlTemplate\":\"https:\/\/admin.industriall-union.org\/?s={search_term_string}\"},\"query-input\":{\"@type\":\"PropertyValueSpecification\",\"valueRequired\":true,\"valueName\":\"search_term_string\"}}],\"inLanguage\":\"fr-FR\"}]}<\/script>\n<!-- \/ Yoast SEO Premium plugin. -->","yoast_head_json":{"title":"Les syndicats unis pour d\u00e9fendre les droits des travailleurs - industriall-union","description":"La r\u00e9union s&rsquo;est av\u00e9r\u00e9e \u00eatre une importante plateforme d&rsquo;\u00e9change d&rsquo;informations et d&rsquo;exp\u00e9riences, avec les participants unis dans","robots":{"index":"index","follow":"follow","max-snippet":"max-snippet:-1","max-image-preview":"max-image-preview:large","max-video-preview":"max-video-preview:-1"},"canonical":"https:\/\/admin.industriall-union.org\/fr\/les-syndicats-unis-pour-defendre-les-droits-des-travailleurs\/","og_locale":"fr_FR","og_type":"article","og_title":"Les syndicats unis pour d\u00e9fendre les droits des travailleurs","og_description":"La r\u00e9union s&rsquo;est av\u00e9r\u00e9e \u00eatre une importante plateforme d&rsquo;\u00e9change d&rsquo;informations et d&rsquo;exp\u00e9riences, avec les participants unis dans","og_url":"https:\/\/admin.industriall-union.org\/fr\/les-syndicats-unis-pour-defendre-les-droits-des-travailleurs\/","og_site_name":"industriall-union","article_modified_time":"2025-02-04T02:45:16+00:00","twitter_card":"summary_large_image","twitter_misc":{"Est. reading time":"4 minutes"},"schema":{"@context":"https:\/\/schema.org","@graph":[{"@type":"WebPage","@id":"https:\/\/admin.industriall-union.org\/fr\/les-syndicats-unis-pour-defendre-les-droits-des-travailleurs\/","url":"https:\/\/admin.industriall-union.org\/fr\/les-syndicats-unis-pour-defendre-les-droits-des-travailleurs\/","name":"Les syndicats unis pour d\u00e9fendre les droits des travailleurs - industriall-union","isPartOf":{"@id":"https:\/\/admin.industriall-union.org\/#website"},"datePublished":"2018-10-04T11:49:59+00:00","dateModified":"2025-02-04T02:45:16+00:00","description":"La r\u00e9union s&rsquo;est av\u00e9r\u00e9e \u00eatre une importante plateforme d&rsquo;\u00e9change d&rsquo;informations et d&rsquo;exp\u00e9riences, avec les participants unis dans","breadcrumb":{"@id":"https:\/\/admin.industriall-union.org\/fr\/les-syndicats-unis-pour-defendre-les-droits-des-travailleurs\/#breadcrumb"},"inLanguage":"fr-FR","potentialAction":[{"@type":"ReadAction","target":["https:\/\/admin.industriall-union.org\/fr\/les-syndicats-unis-pour-defendre-les-droits-des-travailleurs\/"]}]},{"@type":"BreadcrumbList","@id":"https:\/\/admin.industriall-union.org\/fr\/les-syndicats-unis-pour-defendre-les-droits-des-travailleurs\/#breadcrumb","itemListElement":[{"@type":"ListItem","position":1,"name":"Home","item":"https:\/\/admin.industriall-union.org\/"},{"@type":"ListItem","position":2,"name":"Articles","item":"https:\/\/admin.industriall-union.org\/article\/"},{"@type":"ListItem","position":3,"name":"Les syndicats unis pour d\u00e9fendre les droits des travailleurs"}]},{"@type":"WebSite","@id":"https:\/\/admin.industriall-union.org\/#website","url":"https:\/\/admin.industriall-union.org\/","name":"industriall-union","description":"","potentialAction":[{"@type":"SearchAction","target":{"@type":"EntryPoint","urlTemplate":"https:\/\/admin.industriall-union.org\/?s={search_term_string}"},"query-input":{"@type":"PropertyValueSpecification","valueRequired":true,"valueName":"search_term_string"}}],"inLanguage":"fr-FR"}]}},"_links":{"self":[{"href":"https:\/\/admin.industriall-union.org\/fr\/wp-json\/wp\/v2\/article\/148424","targetHints":{"allow":["GET"]}}],"collection":[{"href":"https:\/\/admin.industriall-union.org\/fr\/wp-json\/wp\/v2\/article"}],"about":[{"href":"https:\/\/admin.industriall-union.org\/fr\/wp-json\/wp\/v2\/types\/article"}],"wp:attachment":[{"href":"https:\/\/admin.industriall-union.org\/fr\/wp-json\/wp\/v2\/media?parent=148424"}],"wp:term":[{"taxonomy":"issues","embeddable":true,"href":"https:\/\/admin.industriall-union.org\/fr\/wp-json\/wp\/v2\/issues?post=148424"},{"taxonomy":"companies","embeddable":true,"href":"https:\/\/admin.industriall-union.org\/fr\/wp-json\/wp\/v2\/companies?post=148424"},{"taxonomy":"regions","embeddable":true,"href":"https:\/\/admin.industriall-union.org\/fr\/wp-json\/wp\/v2\/regions?post=148424"},{"taxonomy":"sectors","embeddable":true,"href":"https:\/\/admin.industriall-union.org\/fr\/wp-json\/wp\/v2\/sectors?post=148424"},{"taxonomy":"article_tags","embeddable":true,"href":"https:\/\/admin.industriall-union.org\/fr\/wp-json\/wp\/v2\/article_tags?post=148424"}],"curies":[{"name":"wp","href":"https:\/\/api.w.org\/{rel}","templated":true}]}}