{"id":148399,"date":"2018-10-17T08:30:17","date_gmt":"2018-10-17T08:30:17","guid":{"rendered":"https:\/\/admin.industriall-union.org\/pakistan-sept-travailleurs-blesses-dans-un-incendie-sur-un-chantier-de-demolition-navale\/"},"modified":"2025-02-04T02:21:55","modified_gmt":"2025-02-04T02:21:55","slug":"pakistan-sept-travailleurs-blesses-dans-un-incendie-sur-un-chantier-de-demolition-navale","status":"publish","type":"article","link":"https:\/\/admin.industriall-union.org\/fr\/pakistan-sept-travailleurs-blesses-dans-un-incendie-sur-un-chantier-de-demolition-navale\/","title":{"rendered":"Pakistan : Sept travailleurs bless\u00e9s dans un incendie sur un chantier de d\u00e9molition navale"},"content":{"rendered":"<p>Les pompiers ont eu du mal \u00e0 atteindre le site pour \u00e9teindre l&#039;incendie. Des volontaires de la Fondation Edhi ainsi que des travailleurs syndiqu\u00e9s ont aid\u00e9 \u00e0 porter secours aux victimes qui ont ensuite \u00e9t\u00e9 hospitalis\u00e9es \u00e0 Karachi.<\/p><p>Toutes les victimes, Abdul Qayoom, Khaliq, Muhammad Din, Muhammad Azam, Muhammad Akram, Muhammad Jabbar et Ehsan Ullah, \u00e9taient des travailleurs pr\u00e9caires.<\/p><p>L&#039;ironie du sort veut que cette trag\u00e9die survienne le lendemain de la visite du ministre du Travail du Baloutchistan venu se rendre compte des conditions de vie et de travail des ouvriers des chantiers de d\u00e9molition navale de Gadani. Les incendies sur ces chantiers ne sont pas rares; la semaine derni\u00e8re, deux se sont d\u00e9clar\u00e9s dans les cales 6 et 7, mais heureusement sans faire de bless\u00e9s. \u00c0 la suite de l&#039;accident, le gouvernement du Baloutchistan a interdit toute activit\u00e9 de d\u00e9construction navale et tout rassemblement de travailleurs dans cette zone.<\/p><p>Atle H\u00f8ie, Secr\u00e9taire g\u00e9n\u00e9ral adjoint d&#039;IndustriALL Global Union, a d\u00e9clar\u00e9 :<\/p><blockquote><p>&quot;Il est inacceptable que la n\u00e9gligence en mati\u00e8re de s\u00e9curit\u00e9 et les incendies qu&#039;elle cause continuent dans les chantiers de d\u00e9molition navale de Gadani. Pourtant, le gouvernement et les employeurs ne semblent pas avoir tir\u00e9 les enseignements de <a href=\"http:\/\/www.industriall-union.org\/fr\/pakistan-une-indemnisation-equitable-requise-durgence-pour-les-victimes-de-lincendie-de-gadani\">l&#039;\u00e9norme trag\u00e9die de novembre 2016<\/a>, qui a tu\u00e9 26 travailleurs et en a bless\u00e9 beaucoup d&#039;autres. Avec les affili\u00e9s pakistanais d&#039;IndustriALL, nous r\u00e9it\u00e9rons notre demande au gouvernement du Baloutchistan pour qu&#039;il fasse appliquer le code sur la d\u00e9molition des navires, et au gouvernement du Pakistan pour qu&#039;il ratifie et fasse appliquer imm\u00e9diatement la Convention de Hong Kong pour le recyclage s\u00fbr et \u00e9cologiquement rationnel des navires.&quot;<\/p><\/blockquote><p>&nbsp;Kan Matsuzaki, le Directeur en charge des TIC, de l&#039;\u00e9lectricit\u00e9 et de l&#039;\u00e9lectronique, de la construction et la d\u00e9molition de navires, a dit pour sa part :<\/p><blockquote><p>&quot;Toutes les victimes de cette catastrophe doivent recevoir des soins m\u00e9dicaux et \u00eatre indemnis\u00e9es comme il convient. Nous sommes solidaires des victimes et leur souhaitons un prompt r\u00e9tablissement. Pour am\u00e9liorer les normes de s\u00e9curit\u00e9 sur ce chantier, il faut que le gouvernement et les employeurs mettent fin au travail pr\u00e9caire, reconnaissent les droits des travailleurs en mati\u00e8re de libert\u00e9 syndicale et de n\u00e9gociation collective, et qu&#039;ils appliquent la l\u00e9gislation du travail et le code pour la d\u00e9molition des navires conform\u00e9ment \u00e0 la Convention de Hong Kong.&quot;&nbsp;<\/p><\/blockquote>","protected":false},"featured_media":0,"template":"","issues":[415,425],"companies":[],"regions":[182],"sectors":[471],"article_tags":[],"class_list":["post-148399","article","type-article","status-publish","hentry","issues-stop-precarious-work","issues-workers-rights","regions-pakistan","sectors-shipbreaking"],"acf":[],"yoast_head":"<!-- This site is optimized with the Yoast SEO Premium plugin v27.1 (Yoast SEO v27.1) - https:\/\/yoast.com\/product\/yoast-seo-premium-wordpress\/ -->\n<title>Pakistan : Sept travailleurs bless\u00e9s dans un incendie sur un chantier de d\u00e9molition navale - industriall-union<\/title>\n<meta name=\"description\" content=\"Les pompiers ont eu du mal \u00e0 atteindre le site pour \u00e9teindre l&#039;incendie. Des volontaires de la Fondation Edhi ainsi que des travailleurs syndiqu\u00e9s\" \/>\n<meta name=\"robots\" content=\"index, follow, max-snippet:-1, max-image-preview:large, max-video-preview:-1\" \/>\n<link rel=\"canonical\" href=\"https:\/\/admin.industriall-union.org\/fr\/pakistan-sept-travailleurs-blesses-dans-un-incendie-sur-un-chantier-de-demolition-navale\/\" \/>\n<meta property=\"og:locale\" content=\"fr_FR\" \/>\n<meta property=\"og:type\" content=\"article\" \/>\n<meta property=\"og:title\" content=\"Pakistan : Sept travailleurs bless\u00e9s dans un incendie sur un chantier de d\u00e9molition navale\" \/>\n<meta property=\"og:description\" content=\"Les pompiers ont eu du mal \u00e0 atteindre le site pour \u00e9teindre l&#039;incendie. Des volontaires de la Fondation Edhi ainsi que des travailleurs syndiqu\u00e9s\" \/>\n<meta property=\"og:url\" content=\"https:\/\/admin.industriall-union.org\/fr\/pakistan-sept-travailleurs-blesses-dans-un-incendie-sur-un-chantier-de-demolition-navale\/\" \/>\n<meta property=\"og:site_name\" content=\"industriall-union\" \/>\n<meta property=\"article:modified_time\" content=\"2025-02-04T02:21:55+00:00\" \/>\n<meta name=\"twitter:card\" content=\"summary_large_image\" \/>\n<meta name=\"twitter:label1\" content=\"Est. reading time\" \/>\n\t<meta name=\"twitter:data1\" content=\"2 minutes\" \/>\n<script type=\"application\/ld+json\" class=\"yoast-schema-graph\">{\"@context\":\"https:\/\/schema.org\",\"@graph\":[{\"@type\":\"WebPage\",\"@id\":\"https:\/\/admin.industriall-union.org\/fr\/pakistan-sept-travailleurs-blesses-dans-un-incendie-sur-un-chantier-de-demolition-navale\/\",\"url\":\"https:\/\/admin.industriall-union.org\/fr\/pakistan-sept-travailleurs-blesses-dans-un-incendie-sur-un-chantier-de-demolition-navale\/\",\"name\":\"Pakistan : Sept travailleurs bless\u00e9s dans un incendie sur un chantier de d\u00e9molition navale - industriall-union\",\"isPartOf\":{\"@id\":\"https:\/\/admin.industriall-union.org\/#website\"},\"datePublished\":\"2018-10-17T08:30:17+00:00\",\"dateModified\":\"2025-02-04T02:21:55+00:00\",\"description\":\"Les pompiers ont eu du mal \u00e0 atteindre le site pour \u00e9teindre l&#039;incendie. Des volontaires de la Fondation Edhi ainsi que des travailleurs syndiqu\u00e9s\",\"breadcrumb\":{\"@id\":\"https:\/\/admin.industriall-union.org\/fr\/pakistan-sept-travailleurs-blesses-dans-un-incendie-sur-un-chantier-de-demolition-navale\/#breadcrumb\"},\"inLanguage\":\"fr-FR\",\"potentialAction\":[{\"@type\":\"ReadAction\",\"target\":[\"https:\/\/admin.industriall-union.org\/fr\/pakistan-sept-travailleurs-blesses-dans-un-incendie-sur-un-chantier-de-demolition-navale\/\"]}]},{\"@type\":\"BreadcrumbList\",\"@id\":\"https:\/\/admin.industriall-union.org\/fr\/pakistan-sept-travailleurs-blesses-dans-un-incendie-sur-un-chantier-de-demolition-navale\/#breadcrumb\",\"itemListElement\":[{\"@type\":\"ListItem\",\"position\":1,\"name\":\"Home\",\"item\":\"https:\/\/admin.industriall-union.org\/\"},{\"@type\":\"ListItem\",\"position\":2,\"name\":\"Articles\",\"item\":\"https:\/\/admin.industriall-union.org\/article\/\"},{\"@type\":\"ListItem\",\"position\":3,\"name\":\"Pakistan : Sept travailleurs bless\u00e9s dans un incendie sur un chantier de d\u00e9molition navale\"}]},{\"@type\":\"WebSite\",\"@id\":\"https:\/\/admin.industriall-union.org\/#website\",\"url\":\"https:\/\/admin.industriall-union.org\/\",\"name\":\"industriall-union\",\"description\":\"\",\"potentialAction\":[{\"@type\":\"SearchAction\",\"target\":{\"@type\":\"EntryPoint\",\"urlTemplate\":\"https:\/\/admin.industriall-union.org\/?s={search_term_string}\"},\"query-input\":{\"@type\":\"PropertyValueSpecification\",\"valueRequired\":true,\"valueName\":\"search_term_string\"}}],\"inLanguage\":\"fr-FR\"}]}<\/script>\n<!-- \/ Yoast SEO Premium plugin. -->","yoast_head_json":{"title":"Pakistan : Sept travailleurs bless\u00e9s dans un incendie sur un chantier de d\u00e9molition navale - industriall-union","description":"Les pompiers ont eu du mal \u00e0 atteindre le site pour \u00e9teindre l&#039;incendie. Des volontaires de la Fondation Edhi ainsi que des travailleurs syndiqu\u00e9s","robots":{"index":"index","follow":"follow","max-snippet":"max-snippet:-1","max-image-preview":"max-image-preview:large","max-video-preview":"max-video-preview:-1"},"canonical":"https:\/\/admin.industriall-union.org\/fr\/pakistan-sept-travailleurs-blesses-dans-un-incendie-sur-un-chantier-de-demolition-navale\/","og_locale":"fr_FR","og_type":"article","og_title":"Pakistan : Sept travailleurs bless\u00e9s dans un incendie sur un chantier de d\u00e9molition navale","og_description":"Les pompiers ont eu du mal \u00e0 atteindre le site pour \u00e9teindre l&#039;incendie. Des volontaires de la Fondation Edhi ainsi que des travailleurs syndiqu\u00e9s","og_url":"https:\/\/admin.industriall-union.org\/fr\/pakistan-sept-travailleurs-blesses-dans-un-incendie-sur-un-chantier-de-demolition-navale\/","og_site_name":"industriall-union","article_modified_time":"2025-02-04T02:21:55+00:00","twitter_card":"summary_large_image","twitter_misc":{"Est. reading time":"2 minutes"},"schema":{"@context":"https:\/\/schema.org","@graph":[{"@type":"WebPage","@id":"https:\/\/admin.industriall-union.org\/fr\/pakistan-sept-travailleurs-blesses-dans-un-incendie-sur-un-chantier-de-demolition-navale\/","url":"https:\/\/admin.industriall-union.org\/fr\/pakistan-sept-travailleurs-blesses-dans-un-incendie-sur-un-chantier-de-demolition-navale\/","name":"Pakistan : Sept travailleurs bless\u00e9s dans un incendie sur un chantier de d\u00e9molition navale - industriall-union","isPartOf":{"@id":"https:\/\/admin.industriall-union.org\/#website"},"datePublished":"2018-10-17T08:30:17+00:00","dateModified":"2025-02-04T02:21:55+00:00","description":"Les pompiers ont eu du mal \u00e0 atteindre le site pour \u00e9teindre l&#039;incendie. Des volontaires de la Fondation Edhi ainsi que des travailleurs syndiqu\u00e9s","breadcrumb":{"@id":"https:\/\/admin.industriall-union.org\/fr\/pakistan-sept-travailleurs-blesses-dans-un-incendie-sur-un-chantier-de-demolition-navale\/#breadcrumb"},"inLanguage":"fr-FR","potentialAction":[{"@type":"ReadAction","target":["https:\/\/admin.industriall-union.org\/fr\/pakistan-sept-travailleurs-blesses-dans-un-incendie-sur-un-chantier-de-demolition-navale\/"]}]},{"@type":"BreadcrumbList","@id":"https:\/\/admin.industriall-union.org\/fr\/pakistan-sept-travailleurs-blesses-dans-un-incendie-sur-un-chantier-de-demolition-navale\/#breadcrumb","itemListElement":[{"@type":"ListItem","position":1,"name":"Home","item":"https:\/\/admin.industriall-union.org\/"},{"@type":"ListItem","position":2,"name":"Articles","item":"https:\/\/admin.industriall-union.org\/article\/"},{"@type":"ListItem","position":3,"name":"Pakistan : Sept travailleurs bless\u00e9s dans un incendie sur un chantier de d\u00e9molition navale"}]},{"@type":"WebSite","@id":"https:\/\/admin.industriall-union.org\/#website","url":"https:\/\/admin.industriall-union.org\/","name":"industriall-union","description":"","potentialAction":[{"@type":"SearchAction","target":{"@type":"EntryPoint","urlTemplate":"https:\/\/admin.industriall-union.org\/?s={search_term_string}"},"query-input":{"@type":"PropertyValueSpecification","valueRequired":true,"valueName":"search_term_string"}}],"inLanguage":"fr-FR"}]}},"_links":{"self":[{"href":"https:\/\/admin.industriall-union.org\/fr\/wp-json\/wp\/v2\/article\/148399","targetHints":{"allow":["GET"]}}],"collection":[{"href":"https:\/\/admin.industriall-union.org\/fr\/wp-json\/wp\/v2\/article"}],"about":[{"href":"https:\/\/admin.industriall-union.org\/fr\/wp-json\/wp\/v2\/types\/article"}],"wp:attachment":[{"href":"https:\/\/admin.industriall-union.org\/fr\/wp-json\/wp\/v2\/media?parent=148399"}],"wp:term":[{"taxonomy":"issues","embeddable":true,"href":"https:\/\/admin.industriall-union.org\/fr\/wp-json\/wp\/v2\/issues?post=148399"},{"taxonomy":"companies","embeddable":true,"href":"https:\/\/admin.industriall-union.org\/fr\/wp-json\/wp\/v2\/companies?post=148399"},{"taxonomy":"regions","embeddable":true,"href":"https:\/\/admin.industriall-union.org\/fr\/wp-json\/wp\/v2\/regions?post=148399"},{"taxonomy":"sectors","embeddable":true,"href":"https:\/\/admin.industriall-union.org\/fr\/wp-json\/wp\/v2\/sectors?post=148399"},{"taxonomy":"article_tags","embeddable":true,"href":"https:\/\/admin.industriall-union.org\/fr\/wp-json\/wp\/v2\/article_tags?post=148399"}],"curies":[{"name":"wp","href":"https:\/\/api.w.org\/{rel}","templated":true}]}}