{"id":148326,"date":"2018-11-15T09:16:42","date_gmt":"2018-11-15T09:16:42","guid":{"rendered":"https:\/\/admin.industriall-union.org\/republique-democratique-du-congo-les-syndicats-de-mineurs-unis-pour-faire-face-a-glencore\/"},"modified":"2025-02-04T00:57:51","modified_gmt":"2025-02-04T00:57:51","slug":"republique-democratique-du-congo-les-syndicats-de-mineurs-unis-pour-faire-face-a-glencore","status":"publish","type":"article","link":"https:\/\/admin.industriall-union.org\/fr\/republique-democratique-du-congo-les-syndicats-de-mineurs-unis-pour-faire-face-a-glencore\/","title":{"rendered":"R\u00e9publique d\u00e9mocratique du Congo: les syndicats de mineurs unis pour faire face \u00e0 Glencore"},"content":{"rendered":"<p>Il s&rsquo;agit de la r\u00e9solution adopt\u00e9e \u00e0 une r\u00e9union, tenue les&nbsp;13 et 14 novembre, \u00e0&nbsp;Kolwezi, dans la province de Lualaba.&nbsp;La r\u00e9solution engage les syndicats \u00e0 organiser avant la prochaine r\u00e9union du r\u00e9seau mondial Glencore en 2019.<\/p><p>Dix-huit repr\u00e9sentants &#8211; parmi lesquels les secr\u00e9taires g\u00e9n\u00e9raux &#8211; de quatre affili\u00e9s \u00e0 IndustriALL Global Union: CSC, OTUC, TUMEC et UNTC, qui organisent les travailleurs dans le secteur minier, ont cr\u00e9\u00e9 le r\u00e9seau national Glencore d&rsquo;IndustriALL, qui englobera les syndicats du secteur p\u00e9trolier. Un r\u00e9seau provincial existe d\u00e9j\u00e0. Les participants \u00e0 la r\u00e9union ont convenu que les syndicats affronteront mieux la multinationale mini\u00e8re mondiale s&rsquo;ils unissent leur force et collaborent \u00e0 travers les r\u00e9seaux.<\/p><p>La r\u00e9union fait partie d&rsquo;une s\u00e9rie d&rsquo;interventions d&rsquo;IndustriALL en RDC r\u00e9alis\u00e9es dans le cadre de la campagne mondiale visant \u00e0 am\u00e9liorer les conditions de travail des mineurs dans les op\u00e9rations de Glencore \u00e0 travers le monde. Une mission conjointe entre Glencore et IndustriALL en RDC, approuv\u00e9e par le PDG de Glencore, Ivan Glasenberg, et devant avoir lieu d\u00e9but 2019, fait partie des s\u00e9ries d&rsquo;interventions visant \u00e0 mettre sur la bonne voie les relations du travail en RDC.<\/p><p>Les syndicats ont manifest\u00e9 leur volont\u00e9 de se d\u00e9mocratiser par le contr\u00f4le des travailleurs et de faire obligation aux directions syndicales de rendre des comptes \u00e0 leurs membres. Il a \u00e9t\u00e9 soulign\u00e9 que les syndicats devaient \u00eatre actifs aux niveaux provincial et local pour veiller \u00e0 la priorisation des probl\u00e8mes relatifs aux lieux de travail. En outre, les syndicats se sont engag\u00e9s \u00e0 renforcer les capacit\u00e9s des dirigeants et des membres par l&rsquo;\u00e9ducation et la formation des travailleurs, ainsi que par la n\u00e9gociation collective en tant qu&rsquo;outil d&rsquo;am\u00e9lioration du bien-\u00eatre des travailleurs. Ils se sont \u00e9galement engag\u00e9s \u00e0 \u00e9laborer de meilleurs syst\u00e8mes financiers permettant aux syndicats d&rsquo;\u00eatre viables.<\/p><p>Les syndicats ont convenu de renforcer et de coordonner leurs activit\u00e9s, y compris de partager leurs informations. Des recherches seront r\u00e9alis\u00e9es sur la fa\u00e7on dont le syst\u00e8me juridique peut \u00eatre utilis\u00e9 pour am\u00e9liorer les relations du travail et sur la mani\u00e8re de r\u00e9pondre au nouveau code minier adopt\u00e9 par le gouvernement de la RDC, malgr\u00e9 les protestations de l&rsquo;industrie mini\u00e8re. Des visites d&rsquo;\u00e9changes seront \u00e9galement organis\u00e9es avec les autres affili\u00e9s dans le secteur minier dans la r\u00e9gion d&rsquo;Afrique subsaharienne. &nbsp;<\/p><p>Glen Mpufane, directeur d&rsquo;IndustriALL charg\u00e9 du secteur minier, a d\u00e9clar\u00e9:<\/p><blockquote><p>&laquo;&nbsp;Les syndicats doivent travailler dur pour constituer une force syndicale en RDC. C&rsquo;est au moyen de cette force, fond\u00e9e sur l&rsquo;accroissement des adh\u00e9rents, que les syndicats pourront s&rsquo;opposer aux entreprises multinationales. Des syndicats forts peuvent porter les r\u00eaves des travailleurs et, avec eux, le potentiel de transformer la soci\u00e9t\u00e9&nbsp;&raquo;.<\/p><\/blockquote>","protected":false},"featured_media":0,"template":"","issues":[],"companies":[60],"regions":[322,311],"sectors":[495,494],"article_tags":[],"class_list":["post-148326","article","type-article","status-publish","hentry","companies-glencore","regions-congo-drc","regions-sub-saharan-africa","sectors-mining","sectors-mining-and-dgojp"],"acf":[],"yoast_head":"<!-- This site is optimized with the Yoast SEO Premium plugin v27.1 (Yoast SEO v27.1) - https:\/\/yoast.com\/product\/yoast-seo-premium-wordpress\/ -->\n<title>R\u00e9publique d\u00e9mocratique du Congo: les syndicats de mineurs unis pour faire face \u00e0 Glencore - industriall-union<\/title>\n<meta name=\"description\" content=\"Il s&rsquo;agit de la r\u00e9solution adopt\u00e9e \u00e0 une r\u00e9union, tenue les&nbsp;13 et 14 novembre, \u00e0&nbsp;Kolwezi, dans la province de Lualaba.&nbsp;La r\u00e9solution\" \/>\n<meta name=\"robots\" content=\"index, follow, max-snippet:-1, max-image-preview:large, max-video-preview:-1\" \/>\n<link rel=\"canonical\" href=\"https:\/\/admin.industriall-union.org\/fr\/republique-democratique-du-congo-les-syndicats-de-mineurs-unis-pour-faire-face-a-glencore\/\" \/>\n<meta property=\"og:locale\" content=\"fr_FR\" \/>\n<meta property=\"og:type\" content=\"article\" \/>\n<meta property=\"og:title\" content=\"R\u00e9publique d\u00e9mocratique du Congo: les syndicats de mineurs unis pour faire face \u00e0 Glencore\" \/>\n<meta property=\"og:description\" content=\"Il s&rsquo;agit de la r\u00e9solution adopt\u00e9e \u00e0 une r\u00e9union, tenue les&nbsp;13 et 14 novembre, \u00e0&nbsp;Kolwezi, dans la province de Lualaba.&nbsp;La r\u00e9solution\" \/>\n<meta property=\"og:url\" content=\"https:\/\/admin.industriall-union.org\/fr\/republique-democratique-du-congo-les-syndicats-de-mineurs-unis-pour-faire-face-a-glencore\/\" \/>\n<meta property=\"og:site_name\" content=\"industriall-union\" \/>\n<meta property=\"article:modified_time\" content=\"2025-02-04T00:57:51+00:00\" \/>\n<meta name=\"twitter:card\" content=\"summary_large_image\" \/>\n<meta name=\"twitter:label1\" content=\"Est. reading time\" \/>\n\t<meta name=\"twitter:data1\" content=\"3 minutes\" \/>\n<script type=\"application\/ld+json\" class=\"yoast-schema-graph\">{\"@context\":\"https:\/\/schema.org\",\"@graph\":[{\"@type\":\"WebPage\",\"@id\":\"https:\/\/admin.industriall-union.org\/fr\/republique-democratique-du-congo-les-syndicats-de-mineurs-unis-pour-faire-face-a-glencore\/\",\"url\":\"https:\/\/admin.industriall-union.org\/fr\/republique-democratique-du-congo-les-syndicats-de-mineurs-unis-pour-faire-face-a-glencore\/\",\"name\":\"R\u00e9publique d\u00e9mocratique du Congo: les syndicats de mineurs unis pour faire face \u00e0 Glencore - industriall-union\",\"isPartOf\":{\"@id\":\"https:\/\/admin.industriall-union.org\/#website\"},\"datePublished\":\"2018-11-15T09:16:42+00:00\",\"dateModified\":\"2025-02-04T00:57:51+00:00\",\"description\":\"Il s&rsquo;agit de la r\u00e9solution adopt\u00e9e \u00e0 une r\u00e9union, tenue les&nbsp;13 et 14 novembre, \u00e0&nbsp;Kolwezi, dans la province de Lualaba.&nbsp;La r\u00e9solution\",\"breadcrumb\":{\"@id\":\"https:\/\/admin.industriall-union.org\/fr\/republique-democratique-du-congo-les-syndicats-de-mineurs-unis-pour-faire-face-a-glencore\/#breadcrumb\"},\"inLanguage\":\"fr-FR\",\"potentialAction\":[{\"@type\":\"ReadAction\",\"target\":[\"https:\/\/admin.industriall-union.org\/fr\/republique-democratique-du-congo-les-syndicats-de-mineurs-unis-pour-faire-face-a-glencore\/\"]}]},{\"@type\":\"BreadcrumbList\",\"@id\":\"https:\/\/admin.industriall-union.org\/fr\/republique-democratique-du-congo-les-syndicats-de-mineurs-unis-pour-faire-face-a-glencore\/#breadcrumb\",\"itemListElement\":[{\"@type\":\"ListItem\",\"position\":1,\"name\":\"Home\",\"item\":\"https:\/\/admin.industriall-union.org\/\"},{\"@type\":\"ListItem\",\"position\":2,\"name\":\"Articles\",\"item\":\"https:\/\/admin.industriall-union.org\/article\/\"},{\"@type\":\"ListItem\",\"position\":3,\"name\":\"R\u00e9publique d\u00e9mocratique du Congo: les syndicats de mineurs unis pour faire face \u00e0 Glencore\"}]},{\"@type\":\"WebSite\",\"@id\":\"https:\/\/admin.industriall-union.org\/#website\",\"url\":\"https:\/\/admin.industriall-union.org\/\",\"name\":\"industriall-union\",\"description\":\"\",\"potentialAction\":[{\"@type\":\"SearchAction\",\"target\":{\"@type\":\"EntryPoint\",\"urlTemplate\":\"https:\/\/admin.industriall-union.org\/?s={search_term_string}\"},\"query-input\":{\"@type\":\"PropertyValueSpecification\",\"valueRequired\":true,\"valueName\":\"search_term_string\"}}],\"inLanguage\":\"fr-FR\"}]}<\/script>\n<!-- \/ Yoast SEO Premium plugin. -->","yoast_head_json":{"title":"R\u00e9publique d\u00e9mocratique du Congo: les syndicats de mineurs unis pour faire face \u00e0 Glencore - industriall-union","description":"Il s&rsquo;agit de la r\u00e9solution adopt\u00e9e \u00e0 une r\u00e9union, tenue les&nbsp;13 et 14 novembre, \u00e0&nbsp;Kolwezi, dans la province de Lualaba.&nbsp;La r\u00e9solution","robots":{"index":"index","follow":"follow","max-snippet":"max-snippet:-1","max-image-preview":"max-image-preview:large","max-video-preview":"max-video-preview:-1"},"canonical":"https:\/\/admin.industriall-union.org\/fr\/republique-democratique-du-congo-les-syndicats-de-mineurs-unis-pour-faire-face-a-glencore\/","og_locale":"fr_FR","og_type":"article","og_title":"R\u00e9publique d\u00e9mocratique du Congo: les syndicats de mineurs unis pour faire face \u00e0 Glencore","og_description":"Il s&rsquo;agit de la r\u00e9solution adopt\u00e9e \u00e0 une r\u00e9union, tenue les&nbsp;13 et 14 novembre, \u00e0&nbsp;Kolwezi, dans la province de Lualaba.&nbsp;La r\u00e9solution","og_url":"https:\/\/admin.industriall-union.org\/fr\/republique-democratique-du-congo-les-syndicats-de-mineurs-unis-pour-faire-face-a-glencore\/","og_site_name":"industriall-union","article_modified_time":"2025-02-04T00:57:51+00:00","twitter_card":"summary_large_image","twitter_misc":{"Est. reading time":"3 minutes"},"schema":{"@context":"https:\/\/schema.org","@graph":[{"@type":"WebPage","@id":"https:\/\/admin.industriall-union.org\/fr\/republique-democratique-du-congo-les-syndicats-de-mineurs-unis-pour-faire-face-a-glencore\/","url":"https:\/\/admin.industriall-union.org\/fr\/republique-democratique-du-congo-les-syndicats-de-mineurs-unis-pour-faire-face-a-glencore\/","name":"R\u00e9publique d\u00e9mocratique du Congo: les syndicats de mineurs unis pour faire face \u00e0 Glencore - industriall-union","isPartOf":{"@id":"https:\/\/admin.industriall-union.org\/#website"},"datePublished":"2018-11-15T09:16:42+00:00","dateModified":"2025-02-04T00:57:51+00:00","description":"Il s&rsquo;agit de la r\u00e9solution adopt\u00e9e \u00e0 une r\u00e9union, tenue les&nbsp;13 et 14 novembre, \u00e0&nbsp;Kolwezi, dans la province de Lualaba.&nbsp;La r\u00e9solution","breadcrumb":{"@id":"https:\/\/admin.industriall-union.org\/fr\/republique-democratique-du-congo-les-syndicats-de-mineurs-unis-pour-faire-face-a-glencore\/#breadcrumb"},"inLanguage":"fr-FR","potentialAction":[{"@type":"ReadAction","target":["https:\/\/admin.industriall-union.org\/fr\/republique-democratique-du-congo-les-syndicats-de-mineurs-unis-pour-faire-face-a-glencore\/"]}]},{"@type":"BreadcrumbList","@id":"https:\/\/admin.industriall-union.org\/fr\/republique-democratique-du-congo-les-syndicats-de-mineurs-unis-pour-faire-face-a-glencore\/#breadcrumb","itemListElement":[{"@type":"ListItem","position":1,"name":"Home","item":"https:\/\/admin.industriall-union.org\/"},{"@type":"ListItem","position":2,"name":"Articles","item":"https:\/\/admin.industriall-union.org\/article\/"},{"@type":"ListItem","position":3,"name":"R\u00e9publique d\u00e9mocratique du Congo: les syndicats de mineurs unis pour faire face \u00e0 Glencore"}]},{"@type":"WebSite","@id":"https:\/\/admin.industriall-union.org\/#website","url":"https:\/\/admin.industriall-union.org\/","name":"industriall-union","description":"","potentialAction":[{"@type":"SearchAction","target":{"@type":"EntryPoint","urlTemplate":"https:\/\/admin.industriall-union.org\/?s={search_term_string}"},"query-input":{"@type":"PropertyValueSpecification","valueRequired":true,"valueName":"search_term_string"}}],"inLanguage":"fr-FR"}]}},"_links":{"self":[{"href":"https:\/\/admin.industriall-union.org\/fr\/wp-json\/wp\/v2\/article\/148326","targetHints":{"allow":["GET"]}}],"collection":[{"href":"https:\/\/admin.industriall-union.org\/fr\/wp-json\/wp\/v2\/article"}],"about":[{"href":"https:\/\/admin.industriall-union.org\/fr\/wp-json\/wp\/v2\/types\/article"}],"wp:attachment":[{"href":"https:\/\/admin.industriall-union.org\/fr\/wp-json\/wp\/v2\/media?parent=148326"}],"wp:term":[{"taxonomy":"issues","embeddable":true,"href":"https:\/\/admin.industriall-union.org\/fr\/wp-json\/wp\/v2\/issues?post=148326"},{"taxonomy":"companies","embeddable":true,"href":"https:\/\/admin.industriall-union.org\/fr\/wp-json\/wp\/v2\/companies?post=148326"},{"taxonomy":"regions","embeddable":true,"href":"https:\/\/admin.industriall-union.org\/fr\/wp-json\/wp\/v2\/regions?post=148326"},{"taxonomy":"sectors","embeddable":true,"href":"https:\/\/admin.industriall-union.org\/fr\/wp-json\/wp\/v2\/sectors?post=148326"},{"taxonomy":"article_tags","embeddable":true,"href":"https:\/\/admin.industriall-union.org\/fr\/wp-json\/wp\/v2\/article_tags?post=148326"}],"curies":[{"name":"wp","href":"https:\/\/api.w.org\/{rel}","templated":true}]}}