{"id":148240,"date":"2018-11-23T14:04:49","date_gmt":"2018-11-23T14:04:49","guid":{"rendered":"https:\/\/admin.industriall-union.org\/greve-generale-en-tunisie-contre-les-restrictions-gouvernementales\/"},"modified":"2025-02-04T00:01:00","modified_gmt":"2025-02-04T00:01:00","slug":"greve-generale-en-tunisie-contre-les-restrictions-gouvernementales","status":"publish","type":"article","link":"https:\/\/admin.industriall-union.org\/fr\/greve-generale-en-tunisie-contre-les-restrictions-gouvernementales\/","title":{"rendered":"Gr\u00e8ve g\u00e9n\u00e9rale en Tunisie contre les restrictions gouvernementales"},"content":{"rendered":"<p>On estime que 6% de la population tunisienne a pris part \u00e0 cette gr\u00e8ve, la plus importante depuis 2013. Le secteur public en Tunisie comprend des travailleurs et travailleuses organis\u00e9s syndicalement par des syndicats de l&rsquo;UGTT affili\u00e9s \u00e0 IndustriALL Global Union.<\/p><p>Les bailleurs de fonds internationaux, dont le Fond Mon\u00e9taire International, ont mis la pression sur le gouvernement tunisien pour qu&rsquo;il r\u00e9duise son d\u00e9ficit budg\u00e9taire en r\u00e9formant le secteur public. Les r\u00e9formes comprennent un gel des salaires et des propositions visant \u00e0 privatiser des ressources qui appartiennent \u00e0 l&rsquo;\u00c9tat.<\/p><p>L&rsquo;UGTT oppose une r\u00e9sistance aux vis\u00e9es sur gouvernement, indiquant qu&rsquo;elles risquent d&rsquo;\u00e9roder la qualit\u00e9 des services publics. En raison de la hausse de l&rsquo;inflation et de la chute du cours de la devise, les travailleurs et travailleuses ont perdu de leur pouvoir d&rsquo;achat et m\u00e9ritent une hausse de salaire.<\/p><p>L&rsquo;UGTT avait \u00e0 l&rsquo;origine appel\u00e9 \u00e0 la gr\u00e8ve \u00e0 la fois pour le 24 octobre et le 22 novembre. La gr\u00e8ve d&rsquo;octobre a \u00e9t\u00e9 ajourn\u00e9e apr\u00e8s des mois de n\u00e9gociations, alors que le gouvernement avait marqu\u00e9 son accord pour augmenter les salaires de 150.000 travailleurs et travailleuses. Cependant, le gouvernement a reni\u00e9 son engagement.<\/p><p>La gr\u00e8ve qui a eu lieu est une r\u00e9action au non-respect de trois accords pr\u00e9c\u00e9dents de la part du gouvernement.<\/p><p>Le Secr\u00e9taire g\u00e9n\u00e9ral d&rsquo;IndustriALL Valter Sanches a envoy\u00e9 <a href=\"\/wp-content\/uploads\/documents\/2018\/TUNISIA\/industriall_global_union_solidaire_avec_les_travailleurs_du_secteur_public_en_tunisie_21-11-2018.docx.pdf\">un courrier de solidarit\u00e9<\/a> \u00e0 l&rsquo;UGTT disant&nbsp;:<\/p><blockquote><p>&ldquo;La gr\u00e8ve montre \u00e9galement l&rsquo;engagement de l&rsquo;UGTT \u00e0 d\u00e9fendre les droits des employ\u00e9s du secteur public, qui m\u00e9ritent une augmentation salariale, compte tenu de l&rsquo;inflation croissante, de la baisse de la valeur du dinar tunisien et d&rsquo;une augmentation des imp\u00f4ts.<br \/>&ldquo;Nous sommes conscients que cette gr\u00e8ve intervient apr\u00e8s que toutes les possibilit\u00e9s de dialogue aient \u00e9t\u00e9 \u00e9puis\u00e9es et que les n\u00e9gociations aient \u00e9chou\u00e9 pour aboutir \u00e0 un accord sur la n\u00e9cessit\u00e9 d&rsquo;augmenter les salaires dans le secteur public.&rdquo;<\/p><\/blockquote>","protected":false},"featured_media":0,"template":"","issues":[],"companies":[],"regions":[288,305],"sectors":[],"article_tags":[],"class_list":["post-148240","article","type-article","status-publish","hentry","regions-middle-east-and-north-africa","regions-tunisia"],"acf":[],"yoast_head":"<!-- This site is optimized with the Yoast SEO Premium plugin v27.1 (Yoast SEO v27.1) - https:\/\/yoast.com\/product\/yoast-seo-premium-wordpress\/ -->\n<title>Gr\u00e8ve g\u00e9n\u00e9rale en Tunisie contre les restrictions gouvernementales - industriall-union<\/title>\n<meta name=\"description\" content=\"On estime que 6% de la population tunisienne a pris part \u00e0 cette gr\u00e8ve, la plus importante depuis 2013. Le secteur public en Tunisie comprend des\" \/>\n<meta name=\"robots\" content=\"index, follow, max-snippet:-1, max-image-preview:large, max-video-preview:-1\" \/>\n<link rel=\"canonical\" href=\"https:\/\/admin.industriall-union.org\/fr\/greve-generale-en-tunisie-contre-les-restrictions-gouvernementales\/\" \/>\n<meta property=\"og:locale\" content=\"fr_FR\" \/>\n<meta property=\"og:type\" content=\"article\" \/>\n<meta property=\"og:title\" content=\"Gr\u00e8ve g\u00e9n\u00e9rale en Tunisie contre les restrictions gouvernementales\" \/>\n<meta property=\"og:description\" content=\"On estime que 6% de la population tunisienne a pris part \u00e0 cette gr\u00e8ve, la plus importante depuis 2013. Le secteur public en Tunisie comprend des\" \/>\n<meta property=\"og:url\" content=\"https:\/\/admin.industriall-union.org\/fr\/greve-generale-en-tunisie-contre-les-restrictions-gouvernementales\/\" \/>\n<meta property=\"og:site_name\" content=\"industriall-union\" \/>\n<meta property=\"article:modified_time\" content=\"2025-02-04T00:01:00+00:00\" \/>\n<meta name=\"twitter:card\" content=\"summary_large_image\" \/>\n<meta name=\"twitter:label1\" content=\"Est. reading time\" \/>\n\t<meta name=\"twitter:data1\" content=\"2 minutes\" \/>\n<script type=\"application\/ld+json\" class=\"yoast-schema-graph\">{\"@context\":\"https:\/\/schema.org\",\"@graph\":[{\"@type\":\"WebPage\",\"@id\":\"https:\/\/admin.industriall-union.org\/fr\/greve-generale-en-tunisie-contre-les-restrictions-gouvernementales\/\",\"url\":\"https:\/\/admin.industriall-union.org\/fr\/greve-generale-en-tunisie-contre-les-restrictions-gouvernementales\/\",\"name\":\"Gr\u00e8ve g\u00e9n\u00e9rale en Tunisie contre les restrictions gouvernementales - industriall-union\",\"isPartOf\":{\"@id\":\"https:\/\/admin.industriall-union.org\/#website\"},\"datePublished\":\"2018-11-23T14:04:49+00:00\",\"dateModified\":\"2025-02-04T00:01:00+00:00\",\"description\":\"On estime que 6% de la population tunisienne a pris part \u00e0 cette gr\u00e8ve, la plus importante depuis 2013. Le secteur public en Tunisie comprend des\",\"breadcrumb\":{\"@id\":\"https:\/\/admin.industriall-union.org\/fr\/greve-generale-en-tunisie-contre-les-restrictions-gouvernementales\/#breadcrumb\"},\"inLanguage\":\"fr-FR\",\"potentialAction\":[{\"@type\":\"ReadAction\",\"target\":[\"https:\/\/admin.industriall-union.org\/fr\/greve-generale-en-tunisie-contre-les-restrictions-gouvernementales\/\"]}]},{\"@type\":\"BreadcrumbList\",\"@id\":\"https:\/\/admin.industriall-union.org\/fr\/greve-generale-en-tunisie-contre-les-restrictions-gouvernementales\/#breadcrumb\",\"itemListElement\":[{\"@type\":\"ListItem\",\"position\":1,\"name\":\"Home\",\"item\":\"https:\/\/admin.industriall-union.org\/\"},{\"@type\":\"ListItem\",\"position\":2,\"name\":\"Articles\",\"item\":\"https:\/\/admin.industriall-union.org\/article\/\"},{\"@type\":\"ListItem\",\"position\":3,\"name\":\"Gr\u00e8ve g\u00e9n\u00e9rale en Tunisie contre les restrictions gouvernementales\"}]},{\"@type\":\"WebSite\",\"@id\":\"https:\/\/admin.industriall-union.org\/#website\",\"url\":\"https:\/\/admin.industriall-union.org\/\",\"name\":\"industriall-union\",\"description\":\"\",\"potentialAction\":[{\"@type\":\"SearchAction\",\"target\":{\"@type\":\"EntryPoint\",\"urlTemplate\":\"https:\/\/admin.industriall-union.org\/?s={search_term_string}\"},\"query-input\":{\"@type\":\"PropertyValueSpecification\",\"valueRequired\":true,\"valueName\":\"search_term_string\"}}],\"inLanguage\":\"fr-FR\"}]}<\/script>\n<!-- \/ Yoast SEO Premium plugin. -->","yoast_head_json":{"title":"Gr\u00e8ve g\u00e9n\u00e9rale en Tunisie contre les restrictions gouvernementales - industriall-union","description":"On estime que 6% de la population tunisienne a pris part \u00e0 cette gr\u00e8ve, la plus importante depuis 2013. Le secteur public en Tunisie comprend des","robots":{"index":"index","follow":"follow","max-snippet":"max-snippet:-1","max-image-preview":"max-image-preview:large","max-video-preview":"max-video-preview:-1"},"canonical":"https:\/\/admin.industriall-union.org\/fr\/greve-generale-en-tunisie-contre-les-restrictions-gouvernementales\/","og_locale":"fr_FR","og_type":"article","og_title":"Gr\u00e8ve g\u00e9n\u00e9rale en Tunisie contre les restrictions gouvernementales","og_description":"On estime que 6% de la population tunisienne a pris part \u00e0 cette gr\u00e8ve, la plus importante depuis 2013. Le secteur public en Tunisie comprend des","og_url":"https:\/\/admin.industriall-union.org\/fr\/greve-generale-en-tunisie-contre-les-restrictions-gouvernementales\/","og_site_name":"industriall-union","article_modified_time":"2025-02-04T00:01:00+00:00","twitter_card":"summary_large_image","twitter_misc":{"Est. reading time":"2 minutes"},"schema":{"@context":"https:\/\/schema.org","@graph":[{"@type":"WebPage","@id":"https:\/\/admin.industriall-union.org\/fr\/greve-generale-en-tunisie-contre-les-restrictions-gouvernementales\/","url":"https:\/\/admin.industriall-union.org\/fr\/greve-generale-en-tunisie-contre-les-restrictions-gouvernementales\/","name":"Gr\u00e8ve g\u00e9n\u00e9rale en Tunisie contre les restrictions gouvernementales - industriall-union","isPartOf":{"@id":"https:\/\/admin.industriall-union.org\/#website"},"datePublished":"2018-11-23T14:04:49+00:00","dateModified":"2025-02-04T00:01:00+00:00","description":"On estime que 6% de la population tunisienne a pris part \u00e0 cette gr\u00e8ve, la plus importante depuis 2013. Le secteur public en Tunisie comprend des","breadcrumb":{"@id":"https:\/\/admin.industriall-union.org\/fr\/greve-generale-en-tunisie-contre-les-restrictions-gouvernementales\/#breadcrumb"},"inLanguage":"fr-FR","potentialAction":[{"@type":"ReadAction","target":["https:\/\/admin.industriall-union.org\/fr\/greve-generale-en-tunisie-contre-les-restrictions-gouvernementales\/"]}]},{"@type":"BreadcrumbList","@id":"https:\/\/admin.industriall-union.org\/fr\/greve-generale-en-tunisie-contre-les-restrictions-gouvernementales\/#breadcrumb","itemListElement":[{"@type":"ListItem","position":1,"name":"Home","item":"https:\/\/admin.industriall-union.org\/"},{"@type":"ListItem","position":2,"name":"Articles","item":"https:\/\/admin.industriall-union.org\/article\/"},{"@type":"ListItem","position":3,"name":"Gr\u00e8ve g\u00e9n\u00e9rale en Tunisie contre les restrictions gouvernementales"}]},{"@type":"WebSite","@id":"https:\/\/admin.industriall-union.org\/#website","url":"https:\/\/admin.industriall-union.org\/","name":"industriall-union","description":"","potentialAction":[{"@type":"SearchAction","target":{"@type":"EntryPoint","urlTemplate":"https:\/\/admin.industriall-union.org\/?s={search_term_string}"},"query-input":{"@type":"PropertyValueSpecification","valueRequired":true,"valueName":"search_term_string"}}],"inLanguage":"fr-FR"}]}},"_links":{"self":[{"href":"https:\/\/admin.industriall-union.org\/fr\/wp-json\/wp\/v2\/article\/148240","targetHints":{"allow":["GET"]}}],"collection":[{"href":"https:\/\/admin.industriall-union.org\/fr\/wp-json\/wp\/v2\/article"}],"about":[{"href":"https:\/\/admin.industriall-union.org\/fr\/wp-json\/wp\/v2\/types\/article"}],"wp:attachment":[{"href":"https:\/\/admin.industriall-union.org\/fr\/wp-json\/wp\/v2\/media?parent=148240"}],"wp:term":[{"taxonomy":"issues","embeddable":true,"href":"https:\/\/admin.industriall-union.org\/fr\/wp-json\/wp\/v2\/issues?post=148240"},{"taxonomy":"companies","embeddable":true,"href":"https:\/\/admin.industriall-union.org\/fr\/wp-json\/wp\/v2\/companies?post=148240"},{"taxonomy":"regions","embeddable":true,"href":"https:\/\/admin.industriall-union.org\/fr\/wp-json\/wp\/v2\/regions?post=148240"},{"taxonomy":"sectors","embeddable":true,"href":"https:\/\/admin.industriall-union.org\/fr\/wp-json\/wp\/v2\/sectors?post=148240"},{"taxonomy":"article_tags","embeddable":true,"href":"https:\/\/admin.industriall-union.org\/fr\/wp-json\/wp\/v2\/article_tags?post=148240"}],"curies":[{"name":"wp","href":"https:\/\/api.w.org\/{rel}","templated":true}]}}