{"id":148170,"date":"2018-12-11T14:07:04","date_gmt":"2018-12-11T14:07:04","guid":{"rendered":"https:\/\/admin.industriall-union.org\/industriall-fait-monter-la-pression-sur-volkswagen-pour-un-dialogue-avec-les-syndicats-americains\/"},"modified":"2025-02-03T23:08:31","modified_gmt":"2025-02-03T23:08:31","slug":"industriall-fait-monter-la-pression-sur-volkswagen-pour-un-dialogue-avec-les-syndicats-americains","status":"publish","type":"article","link":"https:\/\/admin.industriall-union.org\/fr\/industriall-fait-monter-la-pression-sur-volkswagen-pour-un-dialogue-avec-les-syndicats-americains\/","title":{"rendered":"IndustriALL fait monter la pression sur Volkswagen pour un dialogue avec les syndicats am\u00e9ricains"},"content":{"rendered":"<p>Il y a trois ans, le 4 d\u00e9cembre 2015, 70% de la main d&rsquo;\u0153uvre sp\u00e9cialis\u00e9e de l&rsquo;usine Volkswagen de Chattanooga, aux \u00c9tats-Unis, ont vot\u00e9 en faveur d&rsquo;une repr\u00e9sentation par l&rsquo;UAW.<\/p><p>Mais au lieu d&rsquo;ouvrir des n\u00e9gociations avec le syndicat, Volkswagen n&rsquo;a eu de cesse que pr\u00e9senter des recours contre ce scrutin, y compris un appel \u00e0 l&rsquo;encontre de la d\u00e9cision de l&rsquo;agence am\u00e9ricaine qui r\u00e9git les relations sociales (NLRB) datant d&rsquo;ao\u00fbt 2016 et qui penchait en faveur de l&rsquo;UAW.<\/p><p>Le Secr\u00e9taire g\u00e9n\u00e9ral d&rsquo;IndustriALL Valter Sanches indique que ce comportement va \u00e0 l&rsquo;encontre des bonnes pratiques appliqu\u00e9es par Volkswagen partout ailleurs dans le monde en ce qui concerne les droits des travailleurs et le dialogue social&nbsp;:<\/p><p>&ldquo;Il ne s&rsquo;agit pas seulement d&rsquo;une violation de la l\u00e9gislation am\u00e9ricaine, mais aussi de la &laquo;&nbsp;D\u00e9claration relative aux droits sociaux et relations industrielles chez Volkswagen&nbsp;&raquo; sign\u00e9e en juin 2002.&rdquo;<\/p><p>Le 30 novembre 2018, le Comit\u00e9 ex\u00e9cutif d&rsquo;IndustriALL a adopt\u00e9 \u00e0 l&rsquo;unanimit\u00e9 une r\u00e9solution exigeant que Volkswagen retire d&rsquo;urgence toute forme d&rsquo;action juridique \u00e0 l&rsquo;encontre des syndicats. Dans le cas contraire, IndustriALL Global Union ne voit pas d&rsquo;autre option que de suspendre l&rsquo;Accord-cadre mondial (ACM) avec Volkswagen (D\u00e9claration relative aux droits sociaux et relations industrielles chez Volkswagen), s&rsquo;agissant de la forme de d\u00e9sapprobation la plus forte \u00e0 disposition.<\/p><p>Les relations de travail avec Volkswagen sont pr\u00e9cieuses et ont prouv\u00e9 leur efficacit\u00e9 et leurs b\u00e9n\u00e9fices pour des millions de travailleurs et travailleuses qui sont occup\u00e9s directement ou indirectement par Volkswagen de par le monde.<\/p><p>Dans une r\u00e9solution adopt\u00e9e par le Conseil d&rsquo;entreprise mondial du groupe Volkswagen la semaine derni\u00e8re, le 6 d\u00e9cembre, les syndicalistes de Volkswagen \u00e9lus et venus du monde entier ont soutenu la revendication d&rsquo;une reconnaissance syndicale imm\u00e9diate de la main d&rsquo;\u0153uvre sp\u00e9cialis\u00e9e de Chattanooga.<\/p><p>&ldquo;Nous protestons contre le fait que Volkswagen n&rsquo;a toujours pas accept\u00e9 le vote de ses ouvriers et ouvri\u00e8res de maintenance et ne se soit pas conform\u00e9e aux droits de n\u00e9gociation aff\u00e9rents et essaie de ce fait d&rsquo;utiliser l&rsquo;environnement juridique antisyndical des \u00c9tats-Unis pour \u00e9viter de s&rsquo;engager dans des n\u00e9gociations collectives.&rdquo;<\/p><p>En pr\u00e9sence d&rsquo;autres exemples de droits syndicaux et du travail mis en question au sein d&rsquo;autres usines manufacturi\u00e8res du sud des \u00c9tats-Unis, IndustriALL va continuer \u00e0 observer les autres multinationales pr\u00e9sentes dans la r\u00e9gion et coordonner des actions appropri\u00e9es pour garantir le respect des droits des travailleurs et travailleuses.<\/p>","protected":false},"featured_media":0,"template":"","issues":[],"companies":[],"regions":[],"sectors":[],"article_tags":[],"class_list":["post-148170","article","type-article","status-publish","hentry"],"acf":[],"yoast_head":"<!-- This site is optimized with the Yoast SEO Premium plugin v27.1 (Yoast SEO v27.1) - https:\/\/yoast.com\/product\/yoast-seo-premium-wordpress\/ -->\n<title>IndustriALL fait monter la pression sur Volkswagen pour un dialogue avec les syndicats am\u00e9ricains - industriall-union<\/title>\n<meta name=\"description\" content=\"Il y a trois ans, le 4 d\u00e9cembre 2015, 70% de la main d&rsquo;\u0153uvre sp\u00e9cialis\u00e9e de l&rsquo;usine Volkswagen de Chattanooga, aux \u00c9tats-Unis, ont vot\u00e9 en\" \/>\n<meta name=\"robots\" content=\"index, follow, max-snippet:-1, max-image-preview:large, max-video-preview:-1\" \/>\n<link rel=\"canonical\" href=\"https:\/\/admin.industriall-union.org\/fr\/industriall-fait-monter-la-pression-sur-volkswagen-pour-un-dialogue-avec-les-syndicats-americains\/\" \/>\n<meta property=\"og:locale\" content=\"fr_FR\" \/>\n<meta property=\"og:type\" content=\"article\" \/>\n<meta property=\"og:title\" content=\"IndustriALL fait monter la pression sur Volkswagen pour un dialogue avec les syndicats am\u00e9ricains\" \/>\n<meta property=\"og:description\" content=\"Il y a trois ans, le 4 d\u00e9cembre 2015, 70% de la main d&rsquo;\u0153uvre sp\u00e9cialis\u00e9e de l&rsquo;usine Volkswagen de Chattanooga, aux \u00c9tats-Unis, ont vot\u00e9 en\" \/>\n<meta property=\"og:url\" content=\"https:\/\/admin.industriall-union.org\/fr\/industriall-fait-monter-la-pression-sur-volkswagen-pour-un-dialogue-avec-les-syndicats-americains\/\" \/>\n<meta property=\"og:site_name\" content=\"industriall-union\" \/>\n<meta property=\"article:modified_time\" content=\"2025-02-03T23:08:31+00:00\" \/>\n<meta name=\"twitter:card\" content=\"summary_large_image\" \/>\n<meta name=\"twitter:label1\" content=\"Est. reading time\" \/>\n\t<meta name=\"twitter:data1\" content=\"2 minutes\" \/>\n<script type=\"application\/ld+json\" class=\"yoast-schema-graph\">{\"@context\":\"https:\/\/schema.org\",\"@graph\":[{\"@type\":\"WebPage\",\"@id\":\"https:\/\/admin.industriall-union.org\/fr\/industriall-fait-monter-la-pression-sur-volkswagen-pour-un-dialogue-avec-les-syndicats-americains\/\",\"url\":\"https:\/\/admin.industriall-union.org\/fr\/industriall-fait-monter-la-pression-sur-volkswagen-pour-un-dialogue-avec-les-syndicats-americains\/\",\"name\":\"IndustriALL fait monter la pression sur Volkswagen pour un dialogue avec les syndicats am\u00e9ricains - industriall-union\",\"isPartOf\":{\"@id\":\"https:\/\/admin.industriall-union.org\/#website\"},\"datePublished\":\"2018-12-11T14:07:04+00:00\",\"dateModified\":\"2025-02-03T23:08:31+00:00\",\"description\":\"Il y a trois ans, le 4 d\u00e9cembre 2015, 70% de la main d&rsquo;\u0153uvre sp\u00e9cialis\u00e9e de l&rsquo;usine Volkswagen de Chattanooga, aux \u00c9tats-Unis, ont vot\u00e9 en\",\"breadcrumb\":{\"@id\":\"https:\/\/admin.industriall-union.org\/fr\/industriall-fait-monter-la-pression-sur-volkswagen-pour-un-dialogue-avec-les-syndicats-americains\/#breadcrumb\"},\"inLanguage\":\"fr-FR\",\"potentialAction\":[{\"@type\":\"ReadAction\",\"target\":[\"https:\/\/admin.industriall-union.org\/fr\/industriall-fait-monter-la-pression-sur-volkswagen-pour-un-dialogue-avec-les-syndicats-americains\/\"]}]},{\"@type\":\"BreadcrumbList\",\"@id\":\"https:\/\/admin.industriall-union.org\/fr\/industriall-fait-monter-la-pression-sur-volkswagen-pour-un-dialogue-avec-les-syndicats-americains\/#breadcrumb\",\"itemListElement\":[{\"@type\":\"ListItem\",\"position\":1,\"name\":\"Home\",\"item\":\"https:\/\/admin.industriall-union.org\/\"},{\"@type\":\"ListItem\",\"position\":2,\"name\":\"Articles\",\"item\":\"https:\/\/admin.industriall-union.org\/article\/\"},{\"@type\":\"ListItem\",\"position\":3,\"name\":\"IndustriALL fait monter la pression sur Volkswagen pour un dialogue avec les syndicats am\u00e9ricains\"}]},{\"@type\":\"WebSite\",\"@id\":\"https:\/\/admin.industriall-union.org\/#website\",\"url\":\"https:\/\/admin.industriall-union.org\/\",\"name\":\"industriall-union\",\"description\":\"\",\"potentialAction\":[{\"@type\":\"SearchAction\",\"target\":{\"@type\":\"EntryPoint\",\"urlTemplate\":\"https:\/\/admin.industriall-union.org\/?s={search_term_string}\"},\"query-input\":{\"@type\":\"PropertyValueSpecification\",\"valueRequired\":true,\"valueName\":\"search_term_string\"}}],\"inLanguage\":\"fr-FR\"}]}<\/script>\n<!-- \/ Yoast SEO Premium plugin. -->","yoast_head_json":{"title":"IndustriALL fait monter la pression sur Volkswagen pour un dialogue avec les syndicats am\u00e9ricains - industriall-union","description":"Il y a trois ans, le 4 d\u00e9cembre 2015, 70% de la main d&rsquo;\u0153uvre sp\u00e9cialis\u00e9e de l&rsquo;usine Volkswagen de Chattanooga, aux \u00c9tats-Unis, ont vot\u00e9 en","robots":{"index":"index","follow":"follow","max-snippet":"max-snippet:-1","max-image-preview":"max-image-preview:large","max-video-preview":"max-video-preview:-1"},"canonical":"https:\/\/admin.industriall-union.org\/fr\/industriall-fait-monter-la-pression-sur-volkswagen-pour-un-dialogue-avec-les-syndicats-americains\/","og_locale":"fr_FR","og_type":"article","og_title":"IndustriALL fait monter la pression sur Volkswagen pour un dialogue avec les syndicats am\u00e9ricains","og_description":"Il y a trois ans, le 4 d\u00e9cembre 2015, 70% de la main d&rsquo;\u0153uvre sp\u00e9cialis\u00e9e de l&rsquo;usine Volkswagen de Chattanooga, aux \u00c9tats-Unis, ont vot\u00e9 en","og_url":"https:\/\/admin.industriall-union.org\/fr\/industriall-fait-monter-la-pression-sur-volkswagen-pour-un-dialogue-avec-les-syndicats-americains\/","og_site_name":"industriall-union","article_modified_time":"2025-02-03T23:08:31+00:00","twitter_card":"summary_large_image","twitter_misc":{"Est. reading time":"2 minutes"},"schema":{"@context":"https:\/\/schema.org","@graph":[{"@type":"WebPage","@id":"https:\/\/admin.industriall-union.org\/fr\/industriall-fait-monter-la-pression-sur-volkswagen-pour-un-dialogue-avec-les-syndicats-americains\/","url":"https:\/\/admin.industriall-union.org\/fr\/industriall-fait-monter-la-pression-sur-volkswagen-pour-un-dialogue-avec-les-syndicats-americains\/","name":"IndustriALL fait monter la pression sur Volkswagen pour un dialogue avec les syndicats am\u00e9ricains - industriall-union","isPartOf":{"@id":"https:\/\/admin.industriall-union.org\/#website"},"datePublished":"2018-12-11T14:07:04+00:00","dateModified":"2025-02-03T23:08:31+00:00","description":"Il y a trois ans, le 4 d\u00e9cembre 2015, 70% de la main d&rsquo;\u0153uvre sp\u00e9cialis\u00e9e de l&rsquo;usine Volkswagen de Chattanooga, aux \u00c9tats-Unis, ont vot\u00e9 en","breadcrumb":{"@id":"https:\/\/admin.industriall-union.org\/fr\/industriall-fait-monter-la-pression-sur-volkswagen-pour-un-dialogue-avec-les-syndicats-americains\/#breadcrumb"},"inLanguage":"fr-FR","potentialAction":[{"@type":"ReadAction","target":["https:\/\/admin.industriall-union.org\/fr\/industriall-fait-monter-la-pression-sur-volkswagen-pour-un-dialogue-avec-les-syndicats-americains\/"]}]},{"@type":"BreadcrumbList","@id":"https:\/\/admin.industriall-union.org\/fr\/industriall-fait-monter-la-pression-sur-volkswagen-pour-un-dialogue-avec-les-syndicats-americains\/#breadcrumb","itemListElement":[{"@type":"ListItem","position":1,"name":"Home","item":"https:\/\/admin.industriall-union.org\/"},{"@type":"ListItem","position":2,"name":"Articles","item":"https:\/\/admin.industriall-union.org\/article\/"},{"@type":"ListItem","position":3,"name":"IndustriALL fait monter la pression sur Volkswagen pour un dialogue avec les syndicats am\u00e9ricains"}]},{"@type":"WebSite","@id":"https:\/\/admin.industriall-union.org\/#website","url":"https:\/\/admin.industriall-union.org\/","name":"industriall-union","description":"","potentialAction":[{"@type":"SearchAction","target":{"@type":"EntryPoint","urlTemplate":"https:\/\/admin.industriall-union.org\/?s={search_term_string}"},"query-input":{"@type":"PropertyValueSpecification","valueRequired":true,"valueName":"search_term_string"}}],"inLanguage":"fr-FR"}]}},"_links":{"self":[{"href":"https:\/\/admin.industriall-union.org\/fr\/wp-json\/wp\/v2\/article\/148170","targetHints":{"allow":["GET"]}}],"collection":[{"href":"https:\/\/admin.industriall-union.org\/fr\/wp-json\/wp\/v2\/article"}],"about":[{"href":"https:\/\/admin.industriall-union.org\/fr\/wp-json\/wp\/v2\/types\/article"}],"wp:attachment":[{"href":"https:\/\/admin.industriall-union.org\/fr\/wp-json\/wp\/v2\/media?parent=148170"}],"wp:term":[{"taxonomy":"issues","embeddable":true,"href":"https:\/\/admin.industriall-union.org\/fr\/wp-json\/wp\/v2\/issues?post=148170"},{"taxonomy":"companies","embeddable":true,"href":"https:\/\/admin.industriall-union.org\/fr\/wp-json\/wp\/v2\/companies?post=148170"},{"taxonomy":"regions","embeddable":true,"href":"https:\/\/admin.industriall-union.org\/fr\/wp-json\/wp\/v2\/regions?post=148170"},{"taxonomy":"sectors","embeddable":true,"href":"https:\/\/admin.industriall-union.org\/fr\/wp-json\/wp\/v2\/sectors?post=148170"},{"taxonomy":"article_tags","embeddable":true,"href":"https:\/\/admin.industriall-union.org\/fr\/wp-json\/wp\/v2\/article_tags?post=148170"}],"curies":[{"name":"wp","href":"https:\/\/api.w.org\/{rel}","templated":true}]}}