{"id":148159,"date":"2018-12-19T13:05:41","date_gmt":"2018-12-19T13:05:41","guid":{"rendered":"https:\/\/admin.industriall-union.org\/fin-de-la-formation-pour-de-jeunes-leaders-syndicaux-de-la-region-mena\/"},"modified":"2025-02-03T22:52:53","modified_gmt":"2025-02-03T22:52:53","slug":"fin-de-la-formation-pour-de-jeunes-leaders-syndicaux-de-la-region-mena","status":"publish","type":"article","link":"https:\/\/admin.industriall-union.org\/fr\/fin-de-la-formation-pour-de-jeunes-leaders-syndicaux-de-la-region-mena\/","title":{"rendered":"Fin de la formation pour de jeunes leaders syndicaux de la r\u00e9gion MENA"},"content":{"rendered":"<p>Douze participants de syndicats affili\u00e9s tunisiens et vingt d&#039;affili\u00e9s marocains ont re\u00e7u leurs dipl\u00f4mes \u00e0 la troisi\u00e8me r\u00e9union du R\u00e9seau jeunesse de la r\u00e9gion MENA qui se tenait le 12 d\u00e9cembre \u00e0 Tunis.<\/p><p>Dans le cadre de ce cours organis\u00e9 par IndustriALL avec le soutien de syndicats su\u00e9dois, les participants devaient concevoir leur propre projet destin\u00e9 \u00e0 donner des moyens d&#039;action \u00e0 de jeunes syndicalistes et les aider \u00e0 recruter davantage de jeunes travailleurs.<\/p><p>Le but est de d\u00e9velopper les comp\u00e9tences de jeunes syndicalistes dans les domaines des droits syndicaux, du travail pr\u00e9caire et de l&#039;organisation, et de leur faire prendre conscience des barri\u00e8res structurelles et syst\u00e9miques afin de promouvoir l&#039;inclusion et la pleine participation des jeunes travailleurs.<\/p><p>Un des participants marocains, Khalil Kaanane, du Syndicat national des travailleurs des phosphates, a d\u00e9clar\u00e9 :<\/p><p>&quot;C&#039;est un programme ambitieux et une belle occasion pour de jeunes dirigeants syndicaux de la r\u00e9gion d&#039;enrichir leurs connaissances, d&#039;\u00e9largir leurs contacts et de d\u00e9velopper leur travail gr\u00e2ce \u00e0 la palette de projets qui sont pr\u00e9sent\u00e9s. Ambition, engagement et cr\u00e9ativit\u00e9 sont les mots de passe pour r\u00e9ussir dans ce programme et toucher les jeunes travailleurs de la base.&quot;<\/p><p>Les participants ont suivi quatre s\u00e9minaires en 2018, chacun d&#039;une dur\u00e9e de trois \u00e0 quatre jours, avec pour th\u00e8mes les structures syndicales et l&#039;action de base; l&#039;organisation, la n\u00e9gociation collective et le genre; les campagnes et les outils multinationaux; et l&#039;avenir du travail, les jeunes et les syndicats.<\/p><p>Ce cours s&#039;inscrit dans un projet qui a vu le jour \u00e0 la suite de l&#039;analyse qu&#039;ont faite de jeunes repr\u00e9sentants r\u00e9unis pour la premi\u00e8re <a href=\"http:\/\/www.industriall-union.org\/fr\/industriall-lance-le-reseau-des-jeunes-de-la-region-mena\">r\u00e9union du R\u00e9seau jeunesse de la r\u00e9gion MENA, en 2016 au Maroc<\/a>.<\/p><p>De jeunes leaders syndicaux d&#039;Irak et du Maroc prendront part au cours en 2019.<\/p><p>Une vingtaine de participants (dix hommes et dix femmes) de Tunisie et d&#039;autres pays de la r\u00e9gion MENA ont particip\u00e9 \u00e0 la r\u00e9union du r\u00e9seau du 11 au 13 d\u00e9cembre. \u00c9taient \u00e9galement pr\u00e9sents Carin Hallerstr\u00f6m (Secr\u00e9taire internationale) et Axcel Lindersson (Secr\u00e9taire en charge des questions de d\u00e9mocratie) du syndicat su\u00e9dois UNIONEN.<\/p><p>Les participants ont d\u00e9cid\u00e9 d&#039;agir d\u00e8s maintenant pour assurer une meilleure repr\u00e9sentation et une participation plus efficace des jeunes pendant le prochain intercongr\u00e8s d&#039;IndustriALL qui d\u00e9butera en octobre 2020.<\/p><p>Chaque pays et chaque affili\u00e9 a aussi dress\u00e9 une liste de priorit\u00e9s sur lesquelles se concentrer l&#039;an prochain. Il s&#039;agit notamment de mieux faire conna\u00eetre les syndicats aux jeunes, d&#039;accro\u00eetre la participation des jeunes aux r\u00e9unions et formations, de d\u00e9velopper la formation des jeunes \u00e0 l&#039;organisation, et d&#039;am\u00e9liorer la connaissance de l&#039;action syndicale et de la l\u00e9gislation (tant nationale qu&#039;internationale).<\/p><p>Le R\u00e9seau jeunesse a aussi fix\u00e9 une date pour une journ\u00e9e d&#039;action r\u00e9gionale.<\/p>","protected":false},"featured_media":0,"template":"","issues":[396,422,425],"companies":[],"regions":[288,300,305],"sectors":[],"article_tags":[536],"class_list":["post-148159","article","type-article","status-publish","hentry","issues-building-strong-unions","issues-human-trade-union-rights","issues-workers-rights","regions-middle-east-and-north-africa","regions-morocco","regions-tunisia","article_tags-youth"],"acf":[],"yoast_head":"<!-- This site is optimized with the Yoast SEO Premium plugin v27.1 (Yoast SEO v27.1) - https:\/\/yoast.com\/product\/yoast-seo-premium-wordpress\/ -->\n<title>Fin de la formation pour de jeunes leaders syndicaux de la r\u00e9gion MENA - industriall-union<\/title>\n<meta name=\"description\" content=\"Douze participants de syndicats affili\u00e9s tunisiens et vingt d&#039;affili\u00e9s marocains ont re\u00e7u leurs dipl\u00f4mes \u00e0 la troisi\u00e8me r\u00e9union du R\u00e9seau jeunesse de\" \/>\n<meta name=\"robots\" content=\"index, follow, max-snippet:-1, max-image-preview:large, max-video-preview:-1\" \/>\n<link rel=\"canonical\" href=\"https:\/\/admin.industriall-union.org\/fr\/fin-de-la-formation-pour-de-jeunes-leaders-syndicaux-de-la-region-mena\/\" \/>\n<meta property=\"og:locale\" content=\"fr_FR\" \/>\n<meta property=\"og:type\" content=\"article\" \/>\n<meta property=\"og:title\" content=\"Fin de la formation pour de jeunes leaders syndicaux de la r\u00e9gion MENA\" \/>\n<meta property=\"og:description\" content=\"Douze participants de syndicats affili\u00e9s tunisiens et vingt d&#039;affili\u00e9s marocains ont re\u00e7u leurs dipl\u00f4mes \u00e0 la troisi\u00e8me r\u00e9union du R\u00e9seau jeunesse de\" \/>\n<meta property=\"og:url\" content=\"https:\/\/admin.industriall-union.org\/fr\/fin-de-la-formation-pour-de-jeunes-leaders-syndicaux-de-la-region-mena\/\" \/>\n<meta property=\"og:site_name\" content=\"industriall-union\" \/>\n<meta property=\"article:modified_time\" content=\"2025-02-03T22:52:53+00:00\" \/>\n<meta name=\"twitter:card\" content=\"summary_large_image\" \/>\n<meta name=\"twitter:label1\" content=\"Est. reading time\" \/>\n\t<meta name=\"twitter:data1\" content=\"3 minutes\" \/>\n<script type=\"application\/ld+json\" class=\"yoast-schema-graph\">{\"@context\":\"https:\/\/schema.org\",\"@graph\":[{\"@type\":\"WebPage\",\"@id\":\"https:\/\/admin.industriall-union.org\/fr\/fin-de-la-formation-pour-de-jeunes-leaders-syndicaux-de-la-region-mena\/\",\"url\":\"https:\/\/admin.industriall-union.org\/fr\/fin-de-la-formation-pour-de-jeunes-leaders-syndicaux-de-la-region-mena\/\",\"name\":\"Fin de la formation pour de jeunes leaders syndicaux de la r\u00e9gion MENA - industriall-union\",\"isPartOf\":{\"@id\":\"https:\/\/admin.industriall-union.org\/#website\"},\"datePublished\":\"2018-12-19T13:05:41+00:00\",\"dateModified\":\"2025-02-03T22:52:53+00:00\",\"description\":\"Douze participants de syndicats affili\u00e9s tunisiens et vingt d&#039;affili\u00e9s marocains ont re\u00e7u leurs dipl\u00f4mes \u00e0 la troisi\u00e8me r\u00e9union du R\u00e9seau jeunesse de\",\"breadcrumb\":{\"@id\":\"https:\/\/admin.industriall-union.org\/fr\/fin-de-la-formation-pour-de-jeunes-leaders-syndicaux-de-la-region-mena\/#breadcrumb\"},\"inLanguage\":\"fr-FR\",\"potentialAction\":[{\"@type\":\"ReadAction\",\"target\":[\"https:\/\/admin.industriall-union.org\/fr\/fin-de-la-formation-pour-de-jeunes-leaders-syndicaux-de-la-region-mena\/\"]}]},{\"@type\":\"BreadcrumbList\",\"@id\":\"https:\/\/admin.industriall-union.org\/fr\/fin-de-la-formation-pour-de-jeunes-leaders-syndicaux-de-la-region-mena\/#breadcrumb\",\"itemListElement\":[{\"@type\":\"ListItem\",\"position\":1,\"name\":\"Home\",\"item\":\"https:\/\/admin.industriall-union.org\/\"},{\"@type\":\"ListItem\",\"position\":2,\"name\":\"Articles\",\"item\":\"https:\/\/admin.industriall-union.org\/article\/\"},{\"@type\":\"ListItem\",\"position\":3,\"name\":\"Fin de la formation pour de jeunes leaders syndicaux de la r\u00e9gion MENA\"}]},{\"@type\":\"WebSite\",\"@id\":\"https:\/\/admin.industriall-union.org\/#website\",\"url\":\"https:\/\/admin.industriall-union.org\/\",\"name\":\"industriall-union\",\"description\":\"\",\"potentialAction\":[{\"@type\":\"SearchAction\",\"target\":{\"@type\":\"EntryPoint\",\"urlTemplate\":\"https:\/\/admin.industriall-union.org\/?s={search_term_string}\"},\"query-input\":{\"@type\":\"PropertyValueSpecification\",\"valueRequired\":true,\"valueName\":\"search_term_string\"}}],\"inLanguage\":\"fr-FR\"}]}<\/script>\n<!-- \/ Yoast SEO Premium plugin. -->","yoast_head_json":{"title":"Fin de la formation pour de jeunes leaders syndicaux de la r\u00e9gion MENA - industriall-union","description":"Douze participants de syndicats affili\u00e9s tunisiens et vingt d&#039;affili\u00e9s marocains ont re\u00e7u leurs dipl\u00f4mes \u00e0 la troisi\u00e8me r\u00e9union du R\u00e9seau jeunesse de","robots":{"index":"index","follow":"follow","max-snippet":"max-snippet:-1","max-image-preview":"max-image-preview:large","max-video-preview":"max-video-preview:-1"},"canonical":"https:\/\/admin.industriall-union.org\/fr\/fin-de-la-formation-pour-de-jeunes-leaders-syndicaux-de-la-region-mena\/","og_locale":"fr_FR","og_type":"article","og_title":"Fin de la formation pour de jeunes leaders syndicaux de la r\u00e9gion MENA","og_description":"Douze participants de syndicats affili\u00e9s tunisiens et vingt d&#039;affili\u00e9s marocains ont re\u00e7u leurs dipl\u00f4mes \u00e0 la troisi\u00e8me r\u00e9union du R\u00e9seau jeunesse de","og_url":"https:\/\/admin.industriall-union.org\/fr\/fin-de-la-formation-pour-de-jeunes-leaders-syndicaux-de-la-region-mena\/","og_site_name":"industriall-union","article_modified_time":"2025-02-03T22:52:53+00:00","twitter_card":"summary_large_image","twitter_misc":{"Est. reading time":"3 minutes"},"schema":{"@context":"https:\/\/schema.org","@graph":[{"@type":"WebPage","@id":"https:\/\/admin.industriall-union.org\/fr\/fin-de-la-formation-pour-de-jeunes-leaders-syndicaux-de-la-region-mena\/","url":"https:\/\/admin.industriall-union.org\/fr\/fin-de-la-formation-pour-de-jeunes-leaders-syndicaux-de-la-region-mena\/","name":"Fin de la formation pour de jeunes leaders syndicaux de la r\u00e9gion MENA - industriall-union","isPartOf":{"@id":"https:\/\/admin.industriall-union.org\/#website"},"datePublished":"2018-12-19T13:05:41+00:00","dateModified":"2025-02-03T22:52:53+00:00","description":"Douze participants de syndicats affili\u00e9s tunisiens et vingt d&#039;affili\u00e9s marocains ont re\u00e7u leurs dipl\u00f4mes \u00e0 la troisi\u00e8me r\u00e9union du R\u00e9seau jeunesse de","breadcrumb":{"@id":"https:\/\/admin.industriall-union.org\/fr\/fin-de-la-formation-pour-de-jeunes-leaders-syndicaux-de-la-region-mena\/#breadcrumb"},"inLanguage":"fr-FR","potentialAction":[{"@type":"ReadAction","target":["https:\/\/admin.industriall-union.org\/fr\/fin-de-la-formation-pour-de-jeunes-leaders-syndicaux-de-la-region-mena\/"]}]},{"@type":"BreadcrumbList","@id":"https:\/\/admin.industriall-union.org\/fr\/fin-de-la-formation-pour-de-jeunes-leaders-syndicaux-de-la-region-mena\/#breadcrumb","itemListElement":[{"@type":"ListItem","position":1,"name":"Home","item":"https:\/\/admin.industriall-union.org\/"},{"@type":"ListItem","position":2,"name":"Articles","item":"https:\/\/admin.industriall-union.org\/article\/"},{"@type":"ListItem","position":3,"name":"Fin de la formation pour de jeunes leaders syndicaux de la r\u00e9gion MENA"}]},{"@type":"WebSite","@id":"https:\/\/admin.industriall-union.org\/#website","url":"https:\/\/admin.industriall-union.org\/","name":"industriall-union","description":"","potentialAction":[{"@type":"SearchAction","target":{"@type":"EntryPoint","urlTemplate":"https:\/\/admin.industriall-union.org\/?s={search_term_string}"},"query-input":{"@type":"PropertyValueSpecification","valueRequired":true,"valueName":"search_term_string"}}],"inLanguage":"fr-FR"}]}},"_links":{"self":[{"href":"https:\/\/admin.industriall-union.org\/fr\/wp-json\/wp\/v2\/article\/148159","targetHints":{"allow":["GET"]}}],"collection":[{"href":"https:\/\/admin.industriall-union.org\/fr\/wp-json\/wp\/v2\/article"}],"about":[{"href":"https:\/\/admin.industriall-union.org\/fr\/wp-json\/wp\/v2\/types\/article"}],"wp:attachment":[{"href":"https:\/\/admin.industriall-union.org\/fr\/wp-json\/wp\/v2\/media?parent=148159"}],"wp:term":[{"taxonomy":"issues","embeddable":true,"href":"https:\/\/admin.industriall-union.org\/fr\/wp-json\/wp\/v2\/issues?post=148159"},{"taxonomy":"companies","embeddable":true,"href":"https:\/\/admin.industriall-union.org\/fr\/wp-json\/wp\/v2\/companies?post=148159"},{"taxonomy":"regions","embeddable":true,"href":"https:\/\/admin.industriall-union.org\/fr\/wp-json\/wp\/v2\/regions?post=148159"},{"taxonomy":"sectors","embeddable":true,"href":"https:\/\/admin.industriall-union.org\/fr\/wp-json\/wp\/v2\/sectors?post=148159"},{"taxonomy":"article_tags","embeddable":true,"href":"https:\/\/admin.industriall-union.org\/fr\/wp-json\/wp\/v2\/article_tags?post=148159"}],"curies":[{"name":"wp","href":"https:\/\/api.w.org\/{rel}","templated":true}]}}