{"id":148158,"date":"2018-12-19T14:37:29","date_gmt":"2018-12-19T14:37:29","guid":{"rendered":"https:\/\/admin.industriall-union.org\/plus-de-40-siderurgistes-en-greve-arretes-en-iran\/"},"modified":"2025-02-03T22:48:50","modified_gmt":"2025-02-03T22:48:50","slug":"plus-de-40-siderurgistes-en-greve-arretes-en-iran","status":"publish","type":"article","link":"https:\/\/admin.industriall-union.org\/fr\/plus-de-40-siderurgistes-en-greve-arretes-en-iran\/","title":{"rendered":"Plus de 40 sid\u00e9rurgistes en gr\u00e8ve arr\u00eat\u00e9s en Iran"},"content":{"rendered":"<p>Environ 31 travailleurs ont \u00e9t\u00e9 arr\u00eat\u00e9s vers deux heures du matin le lundi 17 d\u00e9cembre et au moins 10 autres le 18 d\u00e9cembre.<\/p><p>Au cours de ces vagues d&rsquo;arrestation, des agents de la R\u00e9publique islamique d&rsquo;Iran ont tabass\u00e9 certains sid\u00e9rurgistes devant des membres de leur famille et saisi des biens personnels, dont leurs t\u00e9l\u00e9phones portables.<\/p><p>Dans la matin\u00e9e du 19 d\u00e9cembre, des forces de police et des Gardiens de la R\u00e9volution ont boucl\u00e9 des quartiers de la ville d&rsquo;Ahvaz pour emp\u00eacher les rassemblements de travailleurs \u00e0 l&rsquo;usine du Groupe sid\u00e9rurgique national iranien (INSIG) \u00e0 Ahvaz, qui sont en gr\u00e8ve pour d\u00e9noncer l&rsquo;incapacit\u00e9 de leur employeur \u00e0 verser leurs salaires pendant des mois.<\/p><p>Cependant, un groupe important de travailleurs a continu\u00e9 courageusement \u00e0 manifester, notamment pour appeler \u00e0 la lib\u00e9ration de leurs coll\u00e8gues arr\u00eat\u00e9s.<\/p><p>Les travailleurs d&rsquo;INSIG sont en conflit avec leurs propri\u00e9taires priv\u00e9s <a href=\"http:\/\/www.industriall-union.org\/fr\/les-autorites-iraniennes-font-rouer-de-coups-et-mettre-en-detention-des-siderurgistes-qui\">depuis plus d&rsquo;un an<\/a> apr\u00e8s qu&rsquo;ils ont failli \u00e0 remplir leur obligation de faire tourner l&rsquo;usine d&rsquo;Ahvaz \u00e0 pleine capacit\u00e9. Les travailleurs revendiquent que l&rsquo;usine soit restitu\u00e9e au secteur public et appellent \u00e0 des investissements strat\u00e9giques pour assurer qu&rsquo;elle soit rentable et durable.<\/p><p>Les revendications des travailleurs d&rsquo;INSIG, ainsi que celles <a href=\"http:\/\/www.industriall-union.org\/fr\/iran-des-militants-syndicaux-tortures-alors-que-la-vague-de-greves-samplifie\">des gr\u00e9vistes du complexe industriel de canne \u00e0 sucre Haft Tappeh<\/a>, sont soutenues par un grand nombre de syndicats, d&rsquo;organisations de travailleurs ainsi que par des organisations sociales et politiques et recueillent un soutien croissant aupr\u00e8s de la soci\u00e9t\u00e9 iranienne en g\u00e9n\u00e9ral.<\/p><p>&ldquo;Depuis que la vague de protestation a envahi l&rsquo;Iran plus t\u00f4t dans l&rsquo;ann\u00e9e, le r\u00e9gime craint toute opposition. Il sait toute la col\u00e8re qu&rsquo;il peut y avoir sous la surface de la soci\u00e9t\u00e9 iranienne. Des travailleurs qui essaient simplement de s&rsquo;organiser pour r\u00e9clamer les salaires qu&rsquo;ils ont gagn\u00e9s et am\u00e9liorer leurs conditions d&rsquo;emploi, un droit humain fondamental au sein de toute d\u00e9mocratie, sont consid\u00e9r\u00e9s comme une menace pour le r\u00e9gime,&rdquo; a indiqu\u00e9 Jamshid Ahmadi, de l&rsquo;affili\u00e9 d&rsquo;IndustriALL, le Syndicat des m\u00e9tallurgistes et m\u00e9caniciens d&rsquo;Iran.<\/p><p>Dans un courrier adress\u00e9 au Pr\u00e9sident de l&rsquo;Iran, le Secr\u00e9taire g\u00e9n\u00e9ral d&rsquo;IndustriALL, Valter Sanches, \u00e9crit&nbsp;:<\/p><p>&ldquo;IndustriALL condamne fermement les arrestations des m\u00e9tallurgistes en gr\u00e8ve et appelle \u00e0 leur lib\u00e9ration imm\u00e9diate et inconditionnelle. Par ailleurs, IndustriALL r\u00e9clame le versement de tous les salaires impay\u00e9s, l&rsquo;arr\u00eat imm\u00e9diat de toute mesure de contrainte \u00e0 l&rsquo;\u00e9gard de la main d&rsquo;\u0153uvre et la protection des droits fondamentaux des travailleurs, parmi lesquels ceux de rejoindre un syndicat de leur choix et de mener des n\u00e9gociations collectives.&rdquo;<\/p>","protected":false},"featured_media":0,"template":"","issues":[424,425],"companies":[],"regions":[292,288],"sectors":[481],"article_tags":[529],"class_list":["post-148158","article","type-article","status-publish","hentry","issues-violation","issues-workers-rights","regions-iran","regions-middle-east-and-north-africa","sectors-base-metals","article_tags-strike"],"acf":[],"yoast_head":"<!-- This site is optimized with the Yoast SEO Premium plugin v27.1 (Yoast SEO v27.1) - https:\/\/yoast.com\/product\/yoast-seo-premium-wordpress\/ -->\n<title>Plus de 40 sid\u00e9rurgistes en gr\u00e8ve arr\u00eat\u00e9s en Iran - industriall-union<\/title>\n<meta name=\"description\" content=\"Environ 31 travailleurs ont \u00e9t\u00e9 arr\u00eat\u00e9s vers deux heures du matin le lundi 17 d\u00e9cembre et au moins 10 autres le 18 d\u00e9cembre.Au cours de ces vagues\" \/>\n<meta name=\"robots\" content=\"index, follow, max-snippet:-1, max-image-preview:large, max-video-preview:-1\" \/>\n<link rel=\"canonical\" href=\"https:\/\/admin.industriall-union.org\/fr\/plus-de-40-siderurgistes-en-greve-arretes-en-iran\/\" \/>\n<meta property=\"og:locale\" content=\"fr_FR\" \/>\n<meta property=\"og:type\" content=\"article\" \/>\n<meta property=\"og:title\" content=\"Plus de 40 sid\u00e9rurgistes en gr\u00e8ve arr\u00eat\u00e9s en Iran\" \/>\n<meta property=\"og:description\" content=\"Environ 31 travailleurs ont \u00e9t\u00e9 arr\u00eat\u00e9s vers deux heures du matin le lundi 17 d\u00e9cembre et au moins 10 autres le 18 d\u00e9cembre.Au cours de ces vagues\" \/>\n<meta property=\"og:url\" content=\"https:\/\/admin.industriall-union.org\/fr\/plus-de-40-siderurgistes-en-greve-arretes-en-iran\/\" \/>\n<meta property=\"og:site_name\" content=\"industriall-union\" \/>\n<meta property=\"article:modified_time\" content=\"2025-02-03T22:48:50+00:00\" \/>\n<meta name=\"twitter:card\" content=\"summary_large_image\" \/>\n<meta name=\"twitter:label1\" content=\"Est. reading time\" \/>\n\t<meta name=\"twitter:data1\" content=\"3 minutes\" \/>\n<script type=\"application\/ld+json\" class=\"yoast-schema-graph\">{\"@context\":\"https:\/\/schema.org\",\"@graph\":[{\"@type\":\"WebPage\",\"@id\":\"https:\/\/admin.industriall-union.org\/fr\/plus-de-40-siderurgistes-en-greve-arretes-en-iran\/\",\"url\":\"https:\/\/admin.industriall-union.org\/fr\/plus-de-40-siderurgistes-en-greve-arretes-en-iran\/\",\"name\":\"Plus de 40 sid\u00e9rurgistes en gr\u00e8ve arr\u00eat\u00e9s en Iran - industriall-union\",\"isPartOf\":{\"@id\":\"https:\/\/admin.industriall-union.org\/#website\"},\"datePublished\":\"2018-12-19T14:37:29+00:00\",\"dateModified\":\"2025-02-03T22:48:50+00:00\",\"description\":\"Environ 31 travailleurs ont \u00e9t\u00e9 arr\u00eat\u00e9s vers deux heures du matin le lundi 17 d\u00e9cembre et au moins 10 autres le 18 d\u00e9cembre.Au cours de ces vagues\",\"breadcrumb\":{\"@id\":\"https:\/\/admin.industriall-union.org\/fr\/plus-de-40-siderurgistes-en-greve-arretes-en-iran\/#breadcrumb\"},\"inLanguage\":\"fr-FR\",\"potentialAction\":[{\"@type\":\"ReadAction\",\"target\":[\"https:\/\/admin.industriall-union.org\/fr\/plus-de-40-siderurgistes-en-greve-arretes-en-iran\/\"]}]},{\"@type\":\"BreadcrumbList\",\"@id\":\"https:\/\/admin.industriall-union.org\/fr\/plus-de-40-siderurgistes-en-greve-arretes-en-iran\/#breadcrumb\",\"itemListElement\":[{\"@type\":\"ListItem\",\"position\":1,\"name\":\"Home\",\"item\":\"https:\/\/admin.industriall-union.org\/\"},{\"@type\":\"ListItem\",\"position\":2,\"name\":\"Articles\",\"item\":\"https:\/\/admin.industriall-union.org\/article\/\"},{\"@type\":\"ListItem\",\"position\":3,\"name\":\"Plus de 40 sid\u00e9rurgistes en gr\u00e8ve arr\u00eat\u00e9s en Iran\"}]},{\"@type\":\"WebSite\",\"@id\":\"https:\/\/admin.industriall-union.org\/#website\",\"url\":\"https:\/\/admin.industriall-union.org\/\",\"name\":\"industriall-union\",\"description\":\"\",\"potentialAction\":[{\"@type\":\"SearchAction\",\"target\":{\"@type\":\"EntryPoint\",\"urlTemplate\":\"https:\/\/admin.industriall-union.org\/?s={search_term_string}\"},\"query-input\":{\"@type\":\"PropertyValueSpecification\",\"valueRequired\":true,\"valueName\":\"search_term_string\"}}],\"inLanguage\":\"fr-FR\"}]}<\/script>\n<!-- \/ Yoast SEO Premium plugin. -->","yoast_head_json":{"title":"Plus de 40 sid\u00e9rurgistes en gr\u00e8ve arr\u00eat\u00e9s en Iran - industriall-union","description":"Environ 31 travailleurs ont \u00e9t\u00e9 arr\u00eat\u00e9s vers deux heures du matin le lundi 17 d\u00e9cembre et au moins 10 autres le 18 d\u00e9cembre.Au cours de ces vagues","robots":{"index":"index","follow":"follow","max-snippet":"max-snippet:-1","max-image-preview":"max-image-preview:large","max-video-preview":"max-video-preview:-1"},"canonical":"https:\/\/admin.industriall-union.org\/fr\/plus-de-40-siderurgistes-en-greve-arretes-en-iran\/","og_locale":"fr_FR","og_type":"article","og_title":"Plus de 40 sid\u00e9rurgistes en gr\u00e8ve arr\u00eat\u00e9s en Iran","og_description":"Environ 31 travailleurs ont \u00e9t\u00e9 arr\u00eat\u00e9s vers deux heures du matin le lundi 17 d\u00e9cembre et au moins 10 autres le 18 d\u00e9cembre.Au cours de ces vagues","og_url":"https:\/\/admin.industriall-union.org\/fr\/plus-de-40-siderurgistes-en-greve-arretes-en-iran\/","og_site_name":"industriall-union","article_modified_time":"2025-02-03T22:48:50+00:00","twitter_card":"summary_large_image","twitter_misc":{"Est. reading time":"3 minutes"},"schema":{"@context":"https:\/\/schema.org","@graph":[{"@type":"WebPage","@id":"https:\/\/admin.industriall-union.org\/fr\/plus-de-40-siderurgistes-en-greve-arretes-en-iran\/","url":"https:\/\/admin.industriall-union.org\/fr\/plus-de-40-siderurgistes-en-greve-arretes-en-iran\/","name":"Plus de 40 sid\u00e9rurgistes en gr\u00e8ve arr\u00eat\u00e9s en Iran - industriall-union","isPartOf":{"@id":"https:\/\/admin.industriall-union.org\/#website"},"datePublished":"2018-12-19T14:37:29+00:00","dateModified":"2025-02-03T22:48:50+00:00","description":"Environ 31 travailleurs ont \u00e9t\u00e9 arr\u00eat\u00e9s vers deux heures du matin le lundi 17 d\u00e9cembre et au moins 10 autres le 18 d\u00e9cembre.Au cours de ces vagues","breadcrumb":{"@id":"https:\/\/admin.industriall-union.org\/fr\/plus-de-40-siderurgistes-en-greve-arretes-en-iran\/#breadcrumb"},"inLanguage":"fr-FR","potentialAction":[{"@type":"ReadAction","target":["https:\/\/admin.industriall-union.org\/fr\/plus-de-40-siderurgistes-en-greve-arretes-en-iran\/"]}]},{"@type":"BreadcrumbList","@id":"https:\/\/admin.industriall-union.org\/fr\/plus-de-40-siderurgistes-en-greve-arretes-en-iran\/#breadcrumb","itemListElement":[{"@type":"ListItem","position":1,"name":"Home","item":"https:\/\/admin.industriall-union.org\/"},{"@type":"ListItem","position":2,"name":"Articles","item":"https:\/\/admin.industriall-union.org\/article\/"},{"@type":"ListItem","position":3,"name":"Plus de 40 sid\u00e9rurgistes en gr\u00e8ve arr\u00eat\u00e9s en Iran"}]},{"@type":"WebSite","@id":"https:\/\/admin.industriall-union.org\/#website","url":"https:\/\/admin.industriall-union.org\/","name":"industriall-union","description":"","potentialAction":[{"@type":"SearchAction","target":{"@type":"EntryPoint","urlTemplate":"https:\/\/admin.industriall-union.org\/?s={search_term_string}"},"query-input":{"@type":"PropertyValueSpecification","valueRequired":true,"valueName":"search_term_string"}}],"inLanguage":"fr-FR"}]}},"_links":{"self":[{"href":"https:\/\/admin.industriall-union.org\/fr\/wp-json\/wp\/v2\/article\/148158","targetHints":{"allow":["GET"]}}],"collection":[{"href":"https:\/\/admin.industriall-union.org\/fr\/wp-json\/wp\/v2\/article"}],"about":[{"href":"https:\/\/admin.industriall-union.org\/fr\/wp-json\/wp\/v2\/types\/article"}],"wp:attachment":[{"href":"https:\/\/admin.industriall-union.org\/fr\/wp-json\/wp\/v2\/media?parent=148158"}],"wp:term":[{"taxonomy":"issues","embeddable":true,"href":"https:\/\/admin.industriall-union.org\/fr\/wp-json\/wp\/v2\/issues?post=148158"},{"taxonomy":"companies","embeddable":true,"href":"https:\/\/admin.industriall-union.org\/fr\/wp-json\/wp\/v2\/companies?post=148158"},{"taxonomy":"regions","embeddable":true,"href":"https:\/\/admin.industriall-union.org\/fr\/wp-json\/wp\/v2\/regions?post=148158"},{"taxonomy":"sectors","embeddable":true,"href":"https:\/\/admin.industriall-union.org\/fr\/wp-json\/wp\/v2\/sectors?post=148158"},{"taxonomy":"article_tags","embeddable":true,"href":"https:\/\/admin.industriall-union.org\/fr\/wp-json\/wp\/v2\/article_tags?post=148158"}],"curies":[{"name":"wp","href":"https:\/\/api.w.org\/{rel}","templated":true}]}}