{"id":148143,"date":"2018-12-29T17:46:33","date_gmt":"2018-12-29T17:46:33","guid":{"rendered":"https:\/\/admin.industriall-union.org\/turquie-186-jours-de-greve-chez-mayr-melnhof-s-039-achevent-par-une-victoire-pour-les-travailleurs\/"},"modified":"2025-02-03T22:42:48","modified_gmt":"2025-02-03T22:42:48","slug":"turquie-186-jours-de-greve-chez-mayr-melnhof-s-039-achevent-par-une-victoire-pour-les-travailleurs","status":"publish","type":"article","link":"https:\/\/admin.industriall-union.org\/fr\/turquie-186-jours-de-greve-chez-mayr-melnhof-s-039-achevent-par-une-victoire-pour-les-travailleurs\/","title":{"rendered":"Turquie : 186 jours de gr\u00e8ve chez Mayr-Melnhof s&#039;ach\u00e8vent par une victoire pour les travailleurs"},"content":{"rendered":"<p>Les membres de Sel\u00fcloz-\u0130\u015f \u00e9taient en gr\u00e8ve depuis le 20 juin, lorsque la n\u00e9gociation d&#039;une nouvelle convention collective a \u00e9chou\u00e9 devant le refus de la direction d&#039;augmenter les salaires.<\/p><p>Avec cette nouvelle convention de trois ans, les travailleurs obtiennent des hausses de salaires de 280 lires turques (53 $) pour 2018 tandis que, pour les deux ann\u00e9es suivantes, ils auront 300 lires (57 $) pour les six premiers mois de 2019 et l&#039;\u00e9quivalent du taux d&#039;inflation pour le reste de l&#039;ann\u00e9e et pour tout 2020.<\/p><p>Les gr\u00e9vistes ont aussi obtenu les augmentations des prestations qu&#039;ils r\u00e9clamaient. Dans ces conditions, leurs r\u00e9mun\u00e9rations se situeront entre 2.150 et 3.700 lires (407 &#8211; 700 $).<\/p><p>&ldquo;Cet accord que les travailleurs ont approuv\u00e9 est un grand pas en avant,&rdquo; a d\u00e9clar\u00e9 \u0130smail G\u00fcdero\u011flu, le repr\u00e9sentant du syndicat chez MM Super Pak. &ldquo;Nous remercions tous ceux qui nous ont soutenus et ont \u00e9t\u00e9 solidaires de notre combat l\u00e9gitime.&rdquo;<\/p><p>Le travail reprendra le 2 janvier 2019 dans les trois usines.<\/p><p>&ldquo;Lorsque <a href=\"http:\/\/www.industriall-union.org\/fr\/turquie-la-greve-chez-mayr-melnhof-se-poursuit-la-direction-refusant-toute-rencontre\">IndustriALL est venu voir les piquets de gr\u00e8ve<\/a> chez MM Super Pak, les camarades gr\u00e9vistes entonnaient un chant disant que la r\u00e9sistance est la m\u00e8re de la victoire,&rdquo; raconte le Secr\u00e9taire g\u00e9n\u00e9ral adjoint d&#039;IndustriALL Kemal \u00d6zkan.<\/p><p>&ldquo;Cet accord leur donne raison et c&#039;est une grande victoire. Nous f\u00e9licitons de tout c\u0153ur les gr\u00e9vistes et leur syndicat Sel\u00fcloz-\u0130\u015f.&rdquo;<\/p><p>MM Super P<a name=\"_GoBack\"><\/a>ak Ambalaj est une filiale de la firme autrichienne Mayr-Melnhof et a des sites de production \u00e0 Izmir, Karaman et Gaziantep.&nbsp;<\/p><p>La Commission turque du salaire minimum a fix\u00e9 le salaire minimum l\u00e9gal au 1<sup>er<\/sup> janvier 2019 \u00e0 2.020 lires turques (380 $) nettes. Si on ajoute \u00e0 cela les pr\u00e9l\u00e8vements de s\u00e9curit\u00e9 sociale et l&#039;imp\u00f4t sur le revenu, on part d&#039;un montant calcul\u00e9 \u00e0 2.558 lires turques (482 $). D&#039;apr\u00e8s des sources officielles, pr\u00e8s de 7 millions de travailleurs sur les 30 que compte la Turquie per\u00e7oivent le salaire minimum l\u00e9gal.<\/p>","protected":false},"featured_media":0,"template":"","issues":[398,425],"companies":[],"regions":[250],"sectors":[474],"article_tags":[],"class_list":["post-148143","article","type-article","status-publish","hentry","issues-union-win","issues-workers-rights","regions-turkiye","sectors-pulp-and-paper"],"acf":[],"yoast_head":"<!-- This site is optimized with the Yoast SEO Premium plugin v27.1 (Yoast SEO v27.1) - https:\/\/yoast.com\/product\/yoast-seo-premium-wordpress\/ -->\n<title>Turquie : 186 jours de gr\u00e8ve chez Mayr-Melnhof s&#039;ach\u00e8vent par une victoire pour les travailleurs - industriall-union<\/title>\n<meta name=\"description\" content=\"Les membres de Sel\u00fcloz-\u0130\u015f \u00e9taient en gr\u00e8ve depuis le 20 juin, lorsque la n\u00e9gociation d&#039;une nouvelle convention collective a \u00e9chou\u00e9 devant le refus de\" \/>\n<meta name=\"robots\" content=\"index, follow, max-snippet:-1, max-image-preview:large, max-video-preview:-1\" \/>\n<link rel=\"canonical\" href=\"https:\/\/admin.industriall-union.org\/fr\/turquie-186-jours-de-greve-chez-mayr-melnhof-s-039-achevent-par-une-victoire-pour-les-travailleurs\/\" \/>\n<meta property=\"og:locale\" content=\"fr_FR\" \/>\n<meta property=\"og:type\" content=\"article\" \/>\n<meta property=\"og:title\" content=\"Turquie : 186 jours de gr\u00e8ve chez Mayr-Melnhof s&#039;ach\u00e8vent par une victoire pour les travailleurs\" \/>\n<meta property=\"og:description\" content=\"Les membres de Sel\u00fcloz-\u0130\u015f \u00e9taient en gr\u00e8ve depuis le 20 juin, lorsque la n\u00e9gociation d&#039;une nouvelle convention collective a \u00e9chou\u00e9 devant le refus de\" \/>\n<meta property=\"og:url\" content=\"https:\/\/admin.industriall-union.org\/fr\/turquie-186-jours-de-greve-chez-mayr-melnhof-s-039-achevent-par-une-victoire-pour-les-travailleurs\/\" \/>\n<meta property=\"og:site_name\" content=\"industriall-union\" \/>\n<meta property=\"article:modified_time\" content=\"2025-02-03T22:42:48+00:00\" \/>\n<meta name=\"twitter:card\" content=\"summary_large_image\" \/>\n<meta name=\"twitter:label1\" content=\"Est. reading time\" \/>\n\t<meta name=\"twitter:data1\" content=\"2 minutes\" \/>\n<script type=\"application\/ld+json\" class=\"yoast-schema-graph\">{\"@context\":\"https:\/\/schema.org\",\"@graph\":[{\"@type\":\"WebPage\",\"@id\":\"https:\/\/admin.industriall-union.org\/fr\/turquie-186-jours-de-greve-chez-mayr-melnhof-s-039-achevent-par-une-victoire-pour-les-travailleurs\/\",\"url\":\"https:\/\/admin.industriall-union.org\/fr\/turquie-186-jours-de-greve-chez-mayr-melnhof-s-039-achevent-par-une-victoire-pour-les-travailleurs\/\",\"name\":\"Turquie : 186 jours de gr\u00e8ve chez Mayr-Melnhof s&#039;ach\u00e8vent par une victoire pour les travailleurs - industriall-union\",\"isPartOf\":{\"@id\":\"https:\/\/admin.industriall-union.org\/ru\/#website\"},\"datePublished\":\"2018-12-29T17:46:33+00:00\",\"dateModified\":\"2025-02-03T22:42:48+00:00\",\"description\":\"Les membres de Sel\u00fcloz-\u0130\u015f \u00e9taient en gr\u00e8ve depuis le 20 juin, lorsque la n\u00e9gociation d&#039;une nouvelle convention collective a \u00e9chou\u00e9 devant le refus de\",\"breadcrumb\":{\"@id\":\"https:\/\/admin.industriall-union.org\/fr\/turquie-186-jours-de-greve-chez-mayr-melnhof-s-039-achevent-par-une-victoire-pour-les-travailleurs\/#breadcrumb\"},\"inLanguage\":\"fr-FR\",\"potentialAction\":[{\"@type\":\"ReadAction\",\"target\":[\"https:\/\/admin.industriall-union.org\/fr\/turquie-186-jours-de-greve-chez-mayr-melnhof-s-039-achevent-par-une-victoire-pour-les-travailleurs\/\"]}]},{\"@type\":\"BreadcrumbList\",\"@id\":\"https:\/\/admin.industriall-union.org\/fr\/turquie-186-jours-de-greve-chez-mayr-melnhof-s-039-achevent-par-une-victoire-pour-les-travailleurs\/#breadcrumb\",\"itemListElement\":[{\"@type\":\"ListItem\",\"position\":1,\"name\":\"Home\",\"item\":\"https:\/\/admin.industriall-union.org\/ru\/\"},{\"@type\":\"ListItem\",\"position\":2,\"name\":\"Articles\",\"item\":\"https:\/\/admin.industriall-union.org\/ru\/article\/\"},{\"@type\":\"ListItem\",\"position\":3,\"name\":\"Turquie : 186 jours de gr\u00e8ve chez Mayr-Melnhof s&#039;ach\u00e8vent par une victoire pour les travailleurs\"}]},{\"@type\":\"WebSite\",\"@id\":\"https:\/\/admin.industriall-union.org\/ru\/#website\",\"url\":\"https:\/\/admin.industriall-union.org\/ru\/\",\"name\":\"industriall-union\",\"description\":\"\",\"potentialAction\":[{\"@type\":\"SearchAction\",\"target\":{\"@type\":\"EntryPoint\",\"urlTemplate\":\"https:\/\/admin.industriall-union.org\/ru\/?s={search_term_string}\"},\"query-input\":{\"@type\":\"PropertyValueSpecification\",\"valueRequired\":true,\"valueName\":\"search_term_string\"}}],\"inLanguage\":\"fr-FR\"}]}<\/script>\n<!-- \/ Yoast SEO Premium plugin. -->","yoast_head_json":{"title":"Turquie : 186 jours de gr\u00e8ve chez Mayr-Melnhof s&#039;ach\u00e8vent par une victoire pour les travailleurs - industriall-union","description":"Les membres de Sel\u00fcloz-\u0130\u015f \u00e9taient en gr\u00e8ve depuis le 20 juin, lorsque la n\u00e9gociation d&#039;une nouvelle convention collective a \u00e9chou\u00e9 devant le refus de","robots":{"index":"index","follow":"follow","max-snippet":"max-snippet:-1","max-image-preview":"max-image-preview:large","max-video-preview":"max-video-preview:-1"},"canonical":"https:\/\/admin.industriall-union.org\/fr\/turquie-186-jours-de-greve-chez-mayr-melnhof-s-039-achevent-par-une-victoire-pour-les-travailleurs\/","og_locale":"fr_FR","og_type":"article","og_title":"Turquie : 186 jours de gr\u00e8ve chez Mayr-Melnhof s&#039;ach\u00e8vent par une victoire pour les travailleurs","og_description":"Les membres de Sel\u00fcloz-\u0130\u015f \u00e9taient en gr\u00e8ve depuis le 20 juin, lorsque la n\u00e9gociation d&#039;une nouvelle convention collective a \u00e9chou\u00e9 devant le refus de","og_url":"https:\/\/admin.industriall-union.org\/fr\/turquie-186-jours-de-greve-chez-mayr-melnhof-s-039-achevent-par-une-victoire-pour-les-travailleurs\/","og_site_name":"industriall-union","article_modified_time":"2025-02-03T22:42:48+00:00","twitter_card":"summary_large_image","twitter_misc":{"Est. reading time":"2 minutes"},"schema":{"@context":"https:\/\/schema.org","@graph":[{"@type":"WebPage","@id":"https:\/\/admin.industriall-union.org\/fr\/turquie-186-jours-de-greve-chez-mayr-melnhof-s-039-achevent-par-une-victoire-pour-les-travailleurs\/","url":"https:\/\/admin.industriall-union.org\/fr\/turquie-186-jours-de-greve-chez-mayr-melnhof-s-039-achevent-par-une-victoire-pour-les-travailleurs\/","name":"Turquie : 186 jours de gr\u00e8ve chez Mayr-Melnhof s&#039;ach\u00e8vent par une victoire pour les travailleurs - industriall-union","isPartOf":{"@id":"https:\/\/admin.industriall-union.org\/ru\/#website"},"datePublished":"2018-12-29T17:46:33+00:00","dateModified":"2025-02-03T22:42:48+00:00","description":"Les membres de Sel\u00fcloz-\u0130\u015f \u00e9taient en gr\u00e8ve depuis le 20 juin, lorsque la n\u00e9gociation d&#039;une nouvelle convention collective a \u00e9chou\u00e9 devant le refus de","breadcrumb":{"@id":"https:\/\/admin.industriall-union.org\/fr\/turquie-186-jours-de-greve-chez-mayr-melnhof-s-039-achevent-par-une-victoire-pour-les-travailleurs\/#breadcrumb"},"inLanguage":"fr-FR","potentialAction":[{"@type":"ReadAction","target":["https:\/\/admin.industriall-union.org\/fr\/turquie-186-jours-de-greve-chez-mayr-melnhof-s-039-achevent-par-une-victoire-pour-les-travailleurs\/"]}]},{"@type":"BreadcrumbList","@id":"https:\/\/admin.industriall-union.org\/fr\/turquie-186-jours-de-greve-chez-mayr-melnhof-s-039-achevent-par-une-victoire-pour-les-travailleurs\/#breadcrumb","itemListElement":[{"@type":"ListItem","position":1,"name":"Home","item":"https:\/\/admin.industriall-union.org\/ru\/"},{"@type":"ListItem","position":2,"name":"Articles","item":"https:\/\/admin.industriall-union.org\/ru\/article\/"},{"@type":"ListItem","position":3,"name":"Turquie : 186 jours de gr\u00e8ve chez Mayr-Melnhof s&#039;ach\u00e8vent par une victoire pour les travailleurs"}]},{"@type":"WebSite","@id":"https:\/\/admin.industriall-union.org\/ru\/#website","url":"https:\/\/admin.industriall-union.org\/ru\/","name":"industriall-union","description":"","potentialAction":[{"@type":"SearchAction","target":{"@type":"EntryPoint","urlTemplate":"https:\/\/admin.industriall-union.org\/ru\/?s={search_term_string}"},"query-input":{"@type":"PropertyValueSpecification","valueRequired":true,"valueName":"search_term_string"}}],"inLanguage":"fr-FR"}]}},"_links":{"self":[{"href":"https:\/\/admin.industriall-union.org\/fr\/wp-json\/wp\/v2\/article\/148143","targetHints":{"allow":["GET"]}}],"collection":[{"href":"https:\/\/admin.industriall-union.org\/fr\/wp-json\/wp\/v2\/article"}],"about":[{"href":"https:\/\/admin.industriall-union.org\/fr\/wp-json\/wp\/v2\/types\/article"}],"wp:attachment":[{"href":"https:\/\/admin.industriall-union.org\/fr\/wp-json\/wp\/v2\/media?parent=148143"}],"wp:term":[{"taxonomy":"issues","embeddable":true,"href":"https:\/\/admin.industriall-union.org\/fr\/wp-json\/wp\/v2\/issues?post=148143"},{"taxonomy":"companies","embeddable":true,"href":"https:\/\/admin.industriall-union.org\/fr\/wp-json\/wp\/v2\/companies?post=148143"},{"taxonomy":"regions","embeddable":true,"href":"https:\/\/admin.industriall-union.org\/fr\/wp-json\/wp\/v2\/regions?post=148143"},{"taxonomy":"sectors","embeddable":true,"href":"https:\/\/admin.industriall-union.org\/fr\/wp-json\/wp\/v2\/sectors?post=148143"},{"taxonomy":"article_tags","embeddable":true,"href":"https:\/\/admin.industriall-union.org\/fr\/wp-json\/wp\/v2\/article_tags?post=148143"}],"curies":[{"name":"wp","href":"https:\/\/api.w.org\/{rel}","templated":true}]}}