{"id":148142,"date":"2018-12-29T18:12:27","date_gmt":"2018-12-29T18:12:27","guid":{"rendered":"https:\/\/admin.industriall-union.org\/l-allemagne-a-dit-adieu-au-charbon-apres-200-ans-d-extraction\/"},"modified":"2025-02-03T22:41:13","modified_gmt":"2025-02-03T22:41:13","slug":"l-allemagne-a-dit-adieu-au-charbon-apres-200-ans-d-extraction","status":"publish","type":"article","link":"https:\/\/admin.industriall-union.org\/fr\/l-allemagne-a-dit-adieu-au-charbon-apres-200-ans-d-extraction\/","title":{"rendered":"L\u2019Allemagne a dit adieu au charbon apr\u00e8s 200 ans d\u2019extraction"},"content":{"rendered":"<p>Ont assist\u00e9 \u00e0 la c\u00e9r\u00e9monie, le Pr\u00e9sident de la R\u00e9publique f\u00e9d\u00e9rale d&rsquo;Allemagne, Frank-Walter Steinmeier, le Pr\u00e9sident de la Commission de l&rsquo;UE, Jean-Claude Juncker, le ministre-pr\u00e9sident de Rh\u00e9nanie-du-Nord-Westphalie, Armin Laschet, et le pr\u00e9sident de l&rsquo;affili\u00e9 allemand \u00e0 IndustriALL Global Union, le syndicat des mines, de la chimie et de l&rsquo;\u00e9nergie (IG BCE), Michael Vassiliadis.<\/p><p>&laquo;&nbsp;La fermeture de la mine \u00e0 Bottrop signifie la fin d&rsquo;une \u00e8re industrielle qui a profond\u00e9ment influenc\u00e9 l&rsquo;Allemagne et en particulier, la r\u00e9gion de la Ruhr,&nbsp;&raquo; a indiqu\u00e9 Michael Vassiliadis. &laquo;&nbsp;Nous disons au revoir \u00e0 une industrie qui a fait la force et la richesse de l&rsquo;Allemagne, non seulement sur le plan \u00e9conomique, mais aussi sur les plans culturel et social&nbsp;&raquo;.<\/p><p>En 2007, les partenaires sociaux dans l&rsquo;industrie houill\u00e8re allemande sont parvenus \u00e0 un accord visant \u00e0 cesser graduellement l&rsquo;exploitation du charbon d&rsquo;ici 2018. Cependant, les combustibles fossiles repr\u00e9sentent toujours une place importante dans le mix \u00e9nerg\u00e9tique, et le lignite produit en Allemagne provient encore pour une part de celui-ci.<\/p><p>Dans les ann\u00e9es 1950, l&rsquo;industrie houill\u00e8re allemande employait environ 600 000 travailleurs, un effectif qui avait chut\u00e9 \u00e0 environ 4 500 en 2017.<\/p><p>Les mineurs en Allemagne, comme dans d&rsquo;autres r\u00e9gions du monde, ont une longue tradition de solidarit\u00e9 et de fraternit\u00e9. &laquo;&nbsp;Ce pays a besoin de plus de culture de camaraderie \u00e0 nouveau!&nbsp;&raquo;, a d\u00e9clar\u00e9 Michael Vassiliadis.<\/p><p>L&rsquo;IG BCE tout comme ses pr\u00e9d\u00e9cesseurs ont jou\u00e9 un r\u00f4le essentiel pour garantir une Transition juste au cours de ces 25 derni\u00e8res ann\u00e9es, face \u00e0 la forte baisse des effectifs dans l&rsquo;industrie mini\u00e8re. Des accords innovants comportant des mod\u00e8les nouveaux dans le processus d&rsquo;ajustement ont vu le jour au cours du processus de n\u00e9gociation collective.<\/p><p>&laquo;&nbsp;C&rsquo;est un moment \u00e9mouvant pour les mineurs en Allemagne et dans le monde entier&nbsp;&raquo;, a indiqu\u00e9 Kemal \u00d6zkan, Secr\u00e9taire g\u00e9n\u00e9ral adjoint d&rsquo;IndustriALL.<\/p><p>&laquo;&nbsp;Le mod\u00e8le de Transition juste utilis\u00e9 dans l&rsquo;industrie mini\u00e8re allemande est un excellent exemple de la fa\u00e7on dont un tel processus peut \u00eatre g\u00e9r\u00e9 par les syndicats. Nous saluons le travail r\u00e9alis\u00e9 par les partenaires sociaux, en particulier IG BCE, durant cette transformation&nbsp;&raquo;. &nbsp;<\/p>","protected":false},"featured_media":0,"template":"","issues":[393],"companies":[],"regions":[219],"sectors":[495],"article_tags":[],"class_list":["post-148142","article","type-article","status-publish","hentry","issues-climate-change-just-transition","regions-germany","sectors-mining"],"acf":[],"yoast_head":"<!-- This site is optimized with the Yoast SEO Premium plugin v27.1 (Yoast SEO v27.1) - https:\/\/yoast.com\/product\/yoast-seo-premium-wordpress\/ -->\n<title>L\u2019Allemagne a dit adieu au charbon apr\u00e8s 200 ans d\u2019extraction - industriall-union<\/title>\n<meta name=\"description\" content=\"Ont assist\u00e9 \u00e0 la c\u00e9r\u00e9monie, le Pr\u00e9sident de la R\u00e9publique f\u00e9d\u00e9rale d&rsquo;Allemagne, Frank-Walter Steinmeier, le Pr\u00e9sident de la Commission de\" \/>\n<meta name=\"robots\" content=\"index, follow, max-snippet:-1, max-image-preview:large, max-video-preview:-1\" \/>\n<link rel=\"canonical\" href=\"https:\/\/admin.industriall-union.org\/fr\/l-allemagne-a-dit-adieu-au-charbon-apres-200-ans-d-extraction\/\" \/>\n<meta property=\"og:locale\" content=\"fr_FR\" \/>\n<meta property=\"og:type\" content=\"article\" \/>\n<meta property=\"og:title\" content=\"L\u2019Allemagne a dit adieu au charbon apr\u00e8s 200 ans d\u2019extraction\" \/>\n<meta property=\"og:description\" content=\"Ont assist\u00e9 \u00e0 la c\u00e9r\u00e9monie, le Pr\u00e9sident de la R\u00e9publique f\u00e9d\u00e9rale d&rsquo;Allemagne, Frank-Walter Steinmeier, le Pr\u00e9sident de la Commission de\" \/>\n<meta property=\"og:url\" content=\"https:\/\/admin.industriall-union.org\/fr\/l-allemagne-a-dit-adieu-au-charbon-apres-200-ans-d-extraction\/\" \/>\n<meta property=\"og:site_name\" content=\"industriall-union\" \/>\n<meta property=\"article:modified_time\" content=\"2025-02-03T22:41:13+00:00\" \/>\n<meta name=\"twitter:card\" content=\"summary_large_image\" \/>\n<meta name=\"twitter:label1\" content=\"Est. reading time\" \/>\n\t<meta name=\"twitter:data1\" content=\"2 minutes\" \/>\n<script type=\"application\/ld+json\" class=\"yoast-schema-graph\">{\"@context\":\"https:\/\/schema.org\",\"@graph\":[{\"@type\":\"WebPage\",\"@id\":\"https:\/\/admin.industriall-union.org\/fr\/l-allemagne-a-dit-adieu-au-charbon-apres-200-ans-d-extraction\/\",\"url\":\"https:\/\/admin.industriall-union.org\/fr\/l-allemagne-a-dit-adieu-au-charbon-apres-200-ans-d-extraction\/\",\"name\":\"L\u2019Allemagne a dit adieu au charbon apr\u00e8s 200 ans d\u2019extraction - industriall-union\",\"isPartOf\":{\"@id\":\"https:\/\/admin.industriall-union.org\/#website\"},\"datePublished\":\"2018-12-29T18:12:27+00:00\",\"dateModified\":\"2025-02-03T22:41:13+00:00\",\"description\":\"Ont assist\u00e9 \u00e0 la c\u00e9r\u00e9monie, le Pr\u00e9sident de la R\u00e9publique f\u00e9d\u00e9rale d&rsquo;Allemagne, Frank-Walter Steinmeier, le Pr\u00e9sident de la Commission de\",\"breadcrumb\":{\"@id\":\"https:\/\/admin.industriall-union.org\/fr\/l-allemagne-a-dit-adieu-au-charbon-apres-200-ans-d-extraction\/#breadcrumb\"},\"inLanguage\":\"fr-FR\",\"potentialAction\":[{\"@type\":\"ReadAction\",\"target\":[\"https:\/\/admin.industriall-union.org\/fr\/l-allemagne-a-dit-adieu-au-charbon-apres-200-ans-d-extraction\/\"]}]},{\"@type\":\"BreadcrumbList\",\"@id\":\"https:\/\/admin.industriall-union.org\/fr\/l-allemagne-a-dit-adieu-au-charbon-apres-200-ans-d-extraction\/#breadcrumb\",\"itemListElement\":[{\"@type\":\"ListItem\",\"position\":1,\"name\":\"Home\",\"item\":\"https:\/\/admin.industriall-union.org\/\"},{\"@type\":\"ListItem\",\"position\":2,\"name\":\"Articles\",\"item\":\"https:\/\/admin.industriall-union.org\/article\/\"},{\"@type\":\"ListItem\",\"position\":3,\"name\":\"L\u2019Allemagne a dit adieu au charbon apr\u00e8s 200 ans d\u2019extraction\"}]},{\"@type\":\"WebSite\",\"@id\":\"https:\/\/admin.industriall-union.org\/#website\",\"url\":\"https:\/\/admin.industriall-union.org\/\",\"name\":\"industriall-union\",\"description\":\"\",\"potentialAction\":[{\"@type\":\"SearchAction\",\"target\":{\"@type\":\"EntryPoint\",\"urlTemplate\":\"https:\/\/admin.industriall-union.org\/?s={search_term_string}\"},\"query-input\":{\"@type\":\"PropertyValueSpecification\",\"valueRequired\":true,\"valueName\":\"search_term_string\"}}],\"inLanguage\":\"fr-FR\"}]}<\/script>\n<!-- \/ Yoast SEO Premium plugin. -->","yoast_head_json":{"title":"L\u2019Allemagne a dit adieu au charbon apr\u00e8s 200 ans d\u2019extraction - industriall-union","description":"Ont assist\u00e9 \u00e0 la c\u00e9r\u00e9monie, le Pr\u00e9sident de la R\u00e9publique f\u00e9d\u00e9rale d&rsquo;Allemagne, Frank-Walter Steinmeier, le Pr\u00e9sident de la Commission de","robots":{"index":"index","follow":"follow","max-snippet":"max-snippet:-1","max-image-preview":"max-image-preview:large","max-video-preview":"max-video-preview:-1"},"canonical":"https:\/\/admin.industriall-union.org\/fr\/l-allemagne-a-dit-adieu-au-charbon-apres-200-ans-d-extraction\/","og_locale":"fr_FR","og_type":"article","og_title":"L\u2019Allemagne a dit adieu au charbon apr\u00e8s 200 ans d\u2019extraction","og_description":"Ont assist\u00e9 \u00e0 la c\u00e9r\u00e9monie, le Pr\u00e9sident de la R\u00e9publique f\u00e9d\u00e9rale d&rsquo;Allemagne, Frank-Walter Steinmeier, le Pr\u00e9sident de la Commission de","og_url":"https:\/\/admin.industriall-union.org\/fr\/l-allemagne-a-dit-adieu-au-charbon-apres-200-ans-d-extraction\/","og_site_name":"industriall-union","article_modified_time":"2025-02-03T22:41:13+00:00","twitter_card":"summary_large_image","twitter_misc":{"Est. reading time":"2 minutes"},"schema":{"@context":"https:\/\/schema.org","@graph":[{"@type":"WebPage","@id":"https:\/\/admin.industriall-union.org\/fr\/l-allemagne-a-dit-adieu-au-charbon-apres-200-ans-d-extraction\/","url":"https:\/\/admin.industriall-union.org\/fr\/l-allemagne-a-dit-adieu-au-charbon-apres-200-ans-d-extraction\/","name":"L\u2019Allemagne a dit adieu au charbon apr\u00e8s 200 ans d\u2019extraction - industriall-union","isPartOf":{"@id":"https:\/\/admin.industriall-union.org\/#website"},"datePublished":"2018-12-29T18:12:27+00:00","dateModified":"2025-02-03T22:41:13+00:00","description":"Ont assist\u00e9 \u00e0 la c\u00e9r\u00e9monie, le Pr\u00e9sident de la R\u00e9publique f\u00e9d\u00e9rale d&rsquo;Allemagne, Frank-Walter Steinmeier, le Pr\u00e9sident de la Commission de","breadcrumb":{"@id":"https:\/\/admin.industriall-union.org\/fr\/l-allemagne-a-dit-adieu-au-charbon-apres-200-ans-d-extraction\/#breadcrumb"},"inLanguage":"fr-FR","potentialAction":[{"@type":"ReadAction","target":["https:\/\/admin.industriall-union.org\/fr\/l-allemagne-a-dit-adieu-au-charbon-apres-200-ans-d-extraction\/"]}]},{"@type":"BreadcrumbList","@id":"https:\/\/admin.industriall-union.org\/fr\/l-allemagne-a-dit-adieu-au-charbon-apres-200-ans-d-extraction\/#breadcrumb","itemListElement":[{"@type":"ListItem","position":1,"name":"Home","item":"https:\/\/admin.industriall-union.org\/"},{"@type":"ListItem","position":2,"name":"Articles","item":"https:\/\/admin.industriall-union.org\/article\/"},{"@type":"ListItem","position":3,"name":"L\u2019Allemagne a dit adieu au charbon apr\u00e8s 200 ans d\u2019extraction"}]},{"@type":"WebSite","@id":"https:\/\/admin.industriall-union.org\/#website","url":"https:\/\/admin.industriall-union.org\/","name":"industriall-union","description":"","potentialAction":[{"@type":"SearchAction","target":{"@type":"EntryPoint","urlTemplate":"https:\/\/admin.industriall-union.org\/?s={search_term_string}"},"query-input":{"@type":"PropertyValueSpecification","valueRequired":true,"valueName":"search_term_string"}}],"inLanguage":"fr-FR"}]}},"_links":{"self":[{"href":"https:\/\/admin.industriall-union.org\/fr\/wp-json\/wp\/v2\/article\/148142","targetHints":{"allow":["GET"]}}],"collection":[{"href":"https:\/\/admin.industriall-union.org\/fr\/wp-json\/wp\/v2\/article"}],"about":[{"href":"https:\/\/admin.industriall-union.org\/fr\/wp-json\/wp\/v2\/types\/article"}],"wp:attachment":[{"href":"https:\/\/admin.industriall-union.org\/fr\/wp-json\/wp\/v2\/media?parent=148142"}],"wp:term":[{"taxonomy":"issues","embeddable":true,"href":"https:\/\/admin.industriall-union.org\/fr\/wp-json\/wp\/v2\/issues?post=148142"},{"taxonomy":"companies","embeddable":true,"href":"https:\/\/admin.industriall-union.org\/fr\/wp-json\/wp\/v2\/companies?post=148142"},{"taxonomy":"regions","embeddable":true,"href":"https:\/\/admin.industriall-union.org\/fr\/wp-json\/wp\/v2\/regions?post=148142"},{"taxonomy":"sectors","embeddable":true,"href":"https:\/\/admin.industriall-union.org\/fr\/wp-json\/wp\/v2\/sectors?post=148142"},{"taxonomy":"article_tags","embeddable":true,"href":"https:\/\/admin.industriall-union.org\/fr\/wp-json\/wp\/v2\/article_tags?post=148142"}],"curies":[{"name":"wp","href":"https:\/\/api.w.org\/{rel}","templated":true}]}}