{"id":148138,"date":"2019-01-07T09:52:10","date_gmt":"2019-01-07T09:52:10","guid":{"rendered":"https:\/\/admin.industriall-union.org\/algerie-des-syndicalistes-arretes-lors-d-une-manifestation-de-protestation\/"},"modified":"2025-02-03T22:28:37","modified_gmt":"2025-02-03T22:28:37","slug":"algerie-des-syndicalistes-arretes-lors-d-une-manifestation-de-protestation","status":"publish","type":"article","link":"https:\/\/admin.industriall-union.org\/fr\/algerie-des-syndicalistes-arretes-lors-d-une-manifestation-de-protestation\/","title":{"rendered":"Alg\u00e9rie: des syndicalistes arr\u00eat\u00e9s lors d\u2019une manifestation de protestation"},"content":{"rendered":"<p>La police a arr\u00eat\u00e9 plus de 15 syndicalistes, dont Abdelkader Kawafi, Secr\u00e9taire g\u00e9n\u00e9ral de l&rsquo;affili\u00e9 \u00e0 IndustriALL Global Union, SNATEG, le syndicat des travailleurs de&nbsp; l&rsquo;\u00e9lectricit\u00e9 et du gaz; ainsi que Zakaria Ben Haddad, Secr\u00e9taire g\u00e9n\u00e9ral du syndicat des travailleurs de l&rsquo;\u00e9nergie, SNT \u00c9NERGIE; et Mezayani Moussa, membre du syndicat SNSI.<\/p><p>Les manifestants r\u00e9clamaient la r\u00e9int\u00e9gration des onze dirigeants de SNATEG ayant \u00e9t\u00e9 licenci\u00e9s en raison de leurs activit\u00e9s syndicales \u00e0 la compagnie publique de gaz et d&rsquo;\u00e9lectricit\u00e9, Sonelgaz.<\/p><p>Certains se trouvent sans emploi depuis plus de 26 mois, leur causant de grandes souffrances ainsi qu&rsquo;\u00e0 leurs familles.<\/p><p>Les manifestants r\u00e9clamaient \u00e9galement la mise en \u0153uvre des recommandations faites par la Commission sur l&rsquo;application des normes de l&rsquo;Organisation internationale du travail (OIT) en juin 2018.&nbsp;<\/p><p>Parmi ces recommandations, la Commission demande au Gouvernement alg\u00e9rien de:<\/p><ul><li>Veiller \u00e0 ce que la libert\u00e9 syndicale puisse \u00eatre exerc\u00e9e dans un climat exempt d&rsquo;actes d&rsquo;intimidation et de violence contre les travailleurs, les syndicats, les employeurs ou les organisations d&rsquo;employeurs;<\/li><li>Fournir des informations compl\u00e9mentaires sur la r\u00e9int\u00e9gration rapide des employ\u00e9s du gouvernement ayant \u00e9t\u00e9 cong\u00e9di\u00e9s sur la base d&rsquo;une discrimination antisyndicale; &nbsp;<\/li><li>Fournir des informations \u00e0 la mission indiqu\u00e9e dessous au sujet de la d\u00e9cision de dissoudre le syndicat SNATEGS.<\/li><\/ul><p>Les manifestants demandaient \u00e9galement la fin de la criminalisation des activit\u00e9s des d\u00e9fenseurs des droits syndicaux et des droits de l&rsquo;homme, y compris pour les journalistes et les blogueurs.<\/p><p>Les syndicalistes ont \u00e9t\u00e9 plac\u00e9s en garde \u00e0 vue \u00e0 la pr\u00e9fecture de police d&rsquo;Alger pendant six heures et contraints de signer un document d\u00e9non\u00e7ant leur propre comportement avant de pouvoir s&rsquo;en aller.<\/p><p>Le Secr\u00e9taire g\u00e9n\u00e9ral adjoint d&rsquo;IndustriALL, Kemal \u00d6zkan, a d\u00e9clar\u00e9:<\/p><p>&laquo;&nbsp;Nous condamnons ce harc\u00e8lement et cette d\u00e9tention ill\u00e9gale de syndicalistes, qui exer\u00e7aient seulement leur droit l\u00e9gitime \u00e0 manifester pacifiquement. Les droits syndicaux disparaissent en Alg\u00e9rie et le monde doit se rendre compte de l&rsquo;action illicite du gouvernement&nbsp;&raquo;.<\/p>","protected":false},"featured_media":0,"template":"","issues":[422,423],"companies":[],"regions":[289,288],"sectors":[483],"article_tags":[],"class_list":["post-148138","article","type-article","status-publish","hentry","issues-human-trade-union-rights","issues-ilo-watch","regions-algeria","regions-middle-east-and-north-africa","sectors-energy-oil-gas-electricity-and-nuclear"],"acf":[],"yoast_head":"<!-- This site is optimized with the Yoast SEO Premium plugin v27.1 (Yoast SEO v27.1) - https:\/\/yoast.com\/product\/yoast-seo-premium-wordpress\/ -->\n<title>Alg\u00e9rie: des syndicalistes arr\u00eat\u00e9s lors d\u2019une manifestation de protestation - industriall-union<\/title>\n<meta name=\"description\" content=\"La police a arr\u00eat\u00e9 plus de 15 syndicalistes, dont Abdelkader Kawafi, Secr\u00e9taire g\u00e9n\u00e9ral de l&rsquo;affili\u00e9 \u00e0 IndustriALL Global Union, SNATEG, le syndicat\" \/>\n<meta name=\"robots\" content=\"index, follow, max-snippet:-1, max-image-preview:large, max-video-preview:-1\" \/>\n<link rel=\"canonical\" href=\"https:\/\/admin.industriall-union.org\/fr\/algerie-des-syndicalistes-arretes-lors-d-une-manifestation-de-protestation\/\" \/>\n<meta property=\"og:locale\" content=\"fr_FR\" \/>\n<meta property=\"og:type\" content=\"article\" \/>\n<meta property=\"og:title\" content=\"Alg\u00e9rie: des syndicalistes arr\u00eat\u00e9s lors d\u2019une manifestation de protestation\" \/>\n<meta property=\"og:description\" content=\"La police a arr\u00eat\u00e9 plus de 15 syndicalistes, dont Abdelkader Kawafi, Secr\u00e9taire g\u00e9n\u00e9ral de l&rsquo;affili\u00e9 \u00e0 IndustriALL Global Union, SNATEG, le syndicat\" \/>\n<meta property=\"og:url\" content=\"https:\/\/admin.industriall-union.org\/fr\/algerie-des-syndicalistes-arretes-lors-d-une-manifestation-de-protestation\/\" \/>\n<meta property=\"og:site_name\" content=\"industriall-union\" \/>\n<meta property=\"article:modified_time\" content=\"2025-02-03T22:28:37+00:00\" \/>\n<meta name=\"twitter:card\" content=\"summary_large_image\" \/>\n<meta name=\"twitter:label1\" content=\"Est. reading time\" \/>\n\t<meta name=\"twitter:data1\" content=\"2 minutes\" \/>\n<script type=\"application\/ld+json\" class=\"yoast-schema-graph\">{\"@context\":\"https:\/\/schema.org\",\"@graph\":[{\"@type\":\"WebPage\",\"@id\":\"https:\/\/admin.industriall-union.org\/fr\/algerie-des-syndicalistes-arretes-lors-d-une-manifestation-de-protestation\/\",\"url\":\"https:\/\/admin.industriall-union.org\/fr\/algerie-des-syndicalistes-arretes-lors-d-une-manifestation-de-protestation\/\",\"name\":\"Alg\u00e9rie: des syndicalistes arr\u00eat\u00e9s lors d\u2019une manifestation de protestation - industriall-union\",\"isPartOf\":{\"@id\":\"https:\/\/admin.industriall-union.org\/#website\"},\"datePublished\":\"2019-01-07T09:52:10+00:00\",\"dateModified\":\"2025-02-03T22:28:37+00:00\",\"description\":\"La police a arr\u00eat\u00e9 plus de 15 syndicalistes, dont Abdelkader Kawafi, Secr\u00e9taire g\u00e9n\u00e9ral de l&rsquo;affili\u00e9 \u00e0 IndustriALL Global Union, SNATEG, le syndicat\",\"breadcrumb\":{\"@id\":\"https:\/\/admin.industriall-union.org\/fr\/algerie-des-syndicalistes-arretes-lors-d-une-manifestation-de-protestation\/#breadcrumb\"},\"inLanguage\":\"fr-FR\",\"potentialAction\":[{\"@type\":\"ReadAction\",\"target\":[\"https:\/\/admin.industriall-union.org\/fr\/algerie-des-syndicalistes-arretes-lors-d-une-manifestation-de-protestation\/\"]}]},{\"@type\":\"BreadcrumbList\",\"@id\":\"https:\/\/admin.industriall-union.org\/fr\/algerie-des-syndicalistes-arretes-lors-d-une-manifestation-de-protestation\/#breadcrumb\",\"itemListElement\":[{\"@type\":\"ListItem\",\"position\":1,\"name\":\"Home\",\"item\":\"https:\/\/admin.industriall-union.org\/\"},{\"@type\":\"ListItem\",\"position\":2,\"name\":\"Articles\",\"item\":\"https:\/\/admin.industriall-union.org\/article\/\"},{\"@type\":\"ListItem\",\"position\":3,\"name\":\"Alg\u00e9rie: des syndicalistes arr\u00eat\u00e9s lors d\u2019une manifestation de protestation\"}]},{\"@type\":\"WebSite\",\"@id\":\"https:\/\/admin.industriall-union.org\/#website\",\"url\":\"https:\/\/admin.industriall-union.org\/\",\"name\":\"industriall-union\",\"description\":\"\",\"potentialAction\":[{\"@type\":\"SearchAction\",\"target\":{\"@type\":\"EntryPoint\",\"urlTemplate\":\"https:\/\/admin.industriall-union.org\/?s={search_term_string}\"},\"query-input\":{\"@type\":\"PropertyValueSpecification\",\"valueRequired\":true,\"valueName\":\"search_term_string\"}}],\"inLanguage\":\"fr-FR\"}]}<\/script>\n<!-- \/ Yoast SEO Premium plugin. -->","yoast_head_json":{"title":"Alg\u00e9rie: des syndicalistes arr\u00eat\u00e9s lors d\u2019une manifestation de protestation - industriall-union","description":"La police a arr\u00eat\u00e9 plus de 15 syndicalistes, dont Abdelkader Kawafi, Secr\u00e9taire g\u00e9n\u00e9ral de l&rsquo;affili\u00e9 \u00e0 IndustriALL Global Union, SNATEG, le syndicat","robots":{"index":"index","follow":"follow","max-snippet":"max-snippet:-1","max-image-preview":"max-image-preview:large","max-video-preview":"max-video-preview:-1"},"canonical":"https:\/\/admin.industriall-union.org\/fr\/algerie-des-syndicalistes-arretes-lors-d-une-manifestation-de-protestation\/","og_locale":"fr_FR","og_type":"article","og_title":"Alg\u00e9rie: des syndicalistes arr\u00eat\u00e9s lors d\u2019une manifestation de protestation","og_description":"La police a arr\u00eat\u00e9 plus de 15 syndicalistes, dont Abdelkader Kawafi, Secr\u00e9taire g\u00e9n\u00e9ral de l&rsquo;affili\u00e9 \u00e0 IndustriALL Global Union, SNATEG, le syndicat","og_url":"https:\/\/admin.industriall-union.org\/fr\/algerie-des-syndicalistes-arretes-lors-d-une-manifestation-de-protestation\/","og_site_name":"industriall-union","article_modified_time":"2025-02-03T22:28:37+00:00","twitter_card":"summary_large_image","twitter_misc":{"Est. reading time":"2 minutes"},"schema":{"@context":"https:\/\/schema.org","@graph":[{"@type":"WebPage","@id":"https:\/\/admin.industriall-union.org\/fr\/algerie-des-syndicalistes-arretes-lors-d-une-manifestation-de-protestation\/","url":"https:\/\/admin.industriall-union.org\/fr\/algerie-des-syndicalistes-arretes-lors-d-une-manifestation-de-protestation\/","name":"Alg\u00e9rie: des syndicalistes arr\u00eat\u00e9s lors d\u2019une manifestation de protestation - industriall-union","isPartOf":{"@id":"https:\/\/admin.industriall-union.org\/#website"},"datePublished":"2019-01-07T09:52:10+00:00","dateModified":"2025-02-03T22:28:37+00:00","description":"La police a arr\u00eat\u00e9 plus de 15 syndicalistes, dont Abdelkader Kawafi, Secr\u00e9taire g\u00e9n\u00e9ral de l&rsquo;affili\u00e9 \u00e0 IndustriALL Global Union, SNATEG, le syndicat","breadcrumb":{"@id":"https:\/\/admin.industriall-union.org\/fr\/algerie-des-syndicalistes-arretes-lors-d-une-manifestation-de-protestation\/#breadcrumb"},"inLanguage":"fr-FR","potentialAction":[{"@type":"ReadAction","target":["https:\/\/admin.industriall-union.org\/fr\/algerie-des-syndicalistes-arretes-lors-d-une-manifestation-de-protestation\/"]}]},{"@type":"BreadcrumbList","@id":"https:\/\/admin.industriall-union.org\/fr\/algerie-des-syndicalistes-arretes-lors-d-une-manifestation-de-protestation\/#breadcrumb","itemListElement":[{"@type":"ListItem","position":1,"name":"Home","item":"https:\/\/admin.industriall-union.org\/"},{"@type":"ListItem","position":2,"name":"Articles","item":"https:\/\/admin.industriall-union.org\/article\/"},{"@type":"ListItem","position":3,"name":"Alg\u00e9rie: des syndicalistes arr\u00eat\u00e9s lors d\u2019une manifestation de protestation"}]},{"@type":"WebSite","@id":"https:\/\/admin.industriall-union.org\/#website","url":"https:\/\/admin.industriall-union.org\/","name":"industriall-union","description":"","potentialAction":[{"@type":"SearchAction","target":{"@type":"EntryPoint","urlTemplate":"https:\/\/admin.industriall-union.org\/?s={search_term_string}"},"query-input":{"@type":"PropertyValueSpecification","valueRequired":true,"valueName":"search_term_string"}}],"inLanguage":"fr-FR"}]}},"_links":{"self":[{"href":"https:\/\/admin.industriall-union.org\/fr\/wp-json\/wp\/v2\/article\/148138","targetHints":{"allow":["GET"]}}],"collection":[{"href":"https:\/\/admin.industriall-union.org\/fr\/wp-json\/wp\/v2\/article"}],"about":[{"href":"https:\/\/admin.industriall-union.org\/fr\/wp-json\/wp\/v2\/types\/article"}],"wp:attachment":[{"href":"https:\/\/admin.industriall-union.org\/fr\/wp-json\/wp\/v2\/media?parent=148138"}],"wp:term":[{"taxonomy":"issues","embeddable":true,"href":"https:\/\/admin.industriall-union.org\/fr\/wp-json\/wp\/v2\/issues?post=148138"},{"taxonomy":"companies","embeddable":true,"href":"https:\/\/admin.industriall-union.org\/fr\/wp-json\/wp\/v2\/companies?post=148138"},{"taxonomy":"regions","embeddable":true,"href":"https:\/\/admin.industriall-union.org\/fr\/wp-json\/wp\/v2\/regions?post=148138"},{"taxonomy":"sectors","embeddable":true,"href":"https:\/\/admin.industriall-union.org\/fr\/wp-json\/wp\/v2\/sectors?post=148138"},{"taxonomy":"article_tags","embeddable":true,"href":"https:\/\/admin.industriall-union.org\/fr\/wp-json\/wp\/v2\/article_tags?post=148138"}],"curies":[{"name":"wp","href":"https:\/\/api.w.org\/{rel}","templated":true}]}}