{"id":148051,"date":"2019-02-21T10:45:42","date_gmt":"2019-02-21T10:45:42","guid":{"rendered":"https:\/\/admin.industriall-union.org\/des-mineurs-ukrainiens-manifestent-sous-terre-contre-le-non-versement-des-salaires\/"},"modified":"2025-02-03T20:52:45","modified_gmt":"2025-02-03T20:52:45","slug":"des-mineurs-ukrainiens-manifestent-sous-terre-contre-le-non-versement-des-salaires","status":"publish","type":"article","link":"https:\/\/admin.industriall-union.org\/fr\/des-mineurs-ukrainiens-manifestent-sous-terre-contre-le-non-versement-des-salaires\/","title":{"rendered":"Des mineurs ukrainiens manifestent sous terre contre le non-versement des salaires"},"content":{"rendered":"<p>Ces mineurs r\u00e9clament le versement de trois mois d&rsquo;arri\u00e9r\u00e9s de salaire de la part de la compagnie mini\u00e8re \u00e9tatique Selydivvugillia. Les affili\u00e9s d&rsquo;IndustriALL Global Union, le Syndicat des travailleurs de l&rsquo;industrie charbonni\u00e8re d&rsquo;Ukraine et le Syndicat des mineurs ind\u00e9pendants d&rsquo;Ukraine (NPGU) soutiennent les protestataires.<\/p><p>Le 18 f\u00e9vrier, 50 travailleurs de la mine 13 Novogrodivska sont descendus sous terre mais ont refus\u00e9 de se mettre au travail. Sept d&rsquo;entre eux ne sont pas remont\u00e9s \u00e0 la surface \u00e0 la fin de leur poste. Le lendemain, 37 autres mineurs se sont joints \u00e0 cette action sous terre. Les syndicats les ravitaillent en eau et nourriture.<\/p><p>Les mineurs exigent le versement des salaires de novembre et d\u00e9cembre 2018 ainsi que celui de janvier 2019. Les salaires en souffrance atteignent le montant de 250 millions de hryvnias (9,2 million de dollars).<\/p><p>Une partie des r\u00e9serves de la mine 13 Novogrodivska a \u00e9t\u00e9 d\u00e9tourn\u00e9e par Oleksandr Yanukovych, le fils d&rsquo;un ancien Pr\u00e9sident ukrainien, et n&rsquo;est pas exploit\u00e9e pour l&rsquo;instant. <a href=\"http:\/\/www.industriall-union.org\/fr\/les-mineurs-ukrainiens-manifestent-pour-etre-payes\">Les mineurs ont appel\u00e9 \u00e0 de multiples reprises le Parlement ukrainien \u00e0 les ramener dans le giron des autorit\u00e9s publiques<\/a>, mais n&rsquo;y sont pas parvenus \u00e0 ce stade.<\/p><p>Viktor Turmanov, pr\u00e9sident du Syndicat des travailleurs de l&rsquo;industrie charbonni\u00e8re d&rsquo;Ukraine, a d\u00e9clar\u00e9&nbsp;:<\/p><blockquote><p>&ldquo;Il est difficile de dire combien de temps cette action va durer. La situation est tr\u00e8s tendue. Les mineurs ont pr\u00e9sent\u00e9 un ultimatum&nbsp;: ils ne reprendront pas le travail tant que la dette ne sera pas enti\u00e8rement apur\u00e9e.&rdquo;<\/p><\/blockquote><p>Le montant total des arri\u00e9r\u00e9s de salaire au sein des entreprises d&rsquo;exploitation charbonni\u00e8re en Ukraine s&rsquo;\u00e9l\u00e8ve \u00e0 plus de 814 millions de hryvnias (29,9 millions de dollars).<\/p><p>Mychailo Volynets, pr\u00e9sident du NPGU, a d\u00e9clar\u00e9&nbsp;:<\/p><blockquote><p>&ldquo;Malheureusement, le Minist\u00e8re de l&rsquo;\u00e9nergie et de l&rsquo;industrie charbonni\u00e8re d&rsquo;Ukraine ainsi que le gouvernement ne prennent pas de mesures efficaces pour prendre en compte cette situation, ni de mani\u00e8re g\u00e9n\u00e9rale pour r\u00e9soudre les probl\u00e8mes des mines \u00e9tatis\u00e9es&rdquo;.<\/p><\/blockquote><p>Plus t\u00f4t, le 6 f\u00e9vrier, 350 mineurs de l&rsquo;entreprise \u00e9tatis\u00e9e Lvivugillia ont tenu une manifestation contre le non-versement des salaires devant les b\u00e2timents de l&rsquo;administration r\u00e9gionale de Lviv. Entre autres revendications, les mineurs insistent sur le versement de leurs 210 millions de hryvnias (7,7 millions de dollars) d&rsquo;arri\u00e9r\u00e9s de salaires et pour que le probl\u00e8me des ventes de charbon soit r\u00e9solu.<\/p><p>Les actions de protestations ont abouti \u00e0 une r\u00e9union entre les repr\u00e9sentants des syndicats, la direction de la mine et des repr\u00e9sentants de l&rsquo;administration r\u00e9gionale sur les litiges au sein de l&rsquo;industrie charbonni\u00e8re. Par la suite, une compensation des arri\u00e9r\u00e9s de salaires de 67% pour d\u00e9cembre 2018 et de 68% pour janvier 2019 a \u00e9t\u00e9 vers\u00e9e.<\/p><p>Vadim Borisov, Secr\u00e9taire r\u00e9gional d&rsquo;IndustriALL, livre ce commentaire&nbsp;:<\/p><blockquote><p>&ldquo;Nous appelons le gouvernement d&rsquo;Ukraine \u00e0 activer le dialogue social et \u00e0 prendre soigneusement en compte les propositions de nos affili\u00e9s quant au d\u00e9veloppement de l&rsquo;industrie charbonni\u00e8re&rdquo;.<\/p><\/blockquote>","protected":false},"featured_media":0,"template":"","issues":[425],"companies":[],"regions":[252],"sectors":[495],"article_tags":[529],"class_list":["post-148051","article","type-article","status-publish","hentry","issues-workers-rights","regions-ukraine","sectors-mining","article_tags-strike"],"acf":[],"yoast_head":"<!-- This site is optimized with the Yoast SEO Premium plugin v27.1 (Yoast SEO v27.1) - https:\/\/yoast.com\/product\/yoast-seo-premium-wordpress\/ -->\n<title>Des mineurs ukrainiens manifestent sous terre contre le non-versement des salaires - industriall-union<\/title>\n<meta name=\"description\" content=\"Ces mineurs r\u00e9clament le versement de trois mois d&rsquo;arri\u00e9r\u00e9s de salaire de la part de la compagnie mini\u00e8re \u00e9tatique Selydivvugillia. Les affili\u00e9s\" \/>\n<meta name=\"robots\" content=\"index, follow, max-snippet:-1, max-image-preview:large, max-video-preview:-1\" \/>\n<link rel=\"canonical\" href=\"https:\/\/admin.industriall-union.org\/fr\/des-mineurs-ukrainiens-manifestent-sous-terre-contre-le-non-versement-des-salaires\/\" \/>\n<meta property=\"og:locale\" content=\"fr_FR\" \/>\n<meta property=\"og:type\" content=\"article\" \/>\n<meta property=\"og:title\" content=\"Des mineurs ukrainiens manifestent sous terre contre le non-versement des salaires\" \/>\n<meta property=\"og:description\" content=\"Ces mineurs r\u00e9clament le versement de trois mois d&rsquo;arri\u00e9r\u00e9s de salaire de la part de la compagnie mini\u00e8re \u00e9tatique Selydivvugillia. Les affili\u00e9s\" \/>\n<meta property=\"og:url\" content=\"https:\/\/admin.industriall-union.org\/fr\/des-mineurs-ukrainiens-manifestent-sous-terre-contre-le-non-versement-des-salaires\/\" \/>\n<meta property=\"og:site_name\" content=\"industriall-union\" \/>\n<meta property=\"article:modified_time\" content=\"2025-02-03T20:52:45+00:00\" \/>\n<meta name=\"twitter:card\" content=\"summary_large_image\" \/>\n<meta name=\"twitter:label1\" content=\"Est. reading time\" \/>\n\t<meta name=\"twitter:data1\" content=\"3 minutes\" \/>\n<script type=\"application\/ld+json\" class=\"yoast-schema-graph\">{\"@context\":\"https:\/\/schema.org\",\"@graph\":[{\"@type\":\"WebPage\",\"@id\":\"https:\/\/admin.industriall-union.org\/fr\/des-mineurs-ukrainiens-manifestent-sous-terre-contre-le-non-versement-des-salaires\/\",\"url\":\"https:\/\/admin.industriall-union.org\/fr\/des-mineurs-ukrainiens-manifestent-sous-terre-contre-le-non-versement-des-salaires\/\",\"name\":\"Des mineurs ukrainiens manifestent sous terre contre le non-versement des salaires - industriall-union\",\"isPartOf\":{\"@id\":\"https:\/\/admin.industriall-union.org\/#website\"},\"datePublished\":\"2019-02-21T10:45:42+00:00\",\"dateModified\":\"2025-02-03T20:52:45+00:00\",\"description\":\"Ces mineurs r\u00e9clament le versement de trois mois d&rsquo;arri\u00e9r\u00e9s de salaire de la part de la compagnie mini\u00e8re \u00e9tatique Selydivvugillia. Les affili\u00e9s\",\"breadcrumb\":{\"@id\":\"https:\/\/admin.industriall-union.org\/fr\/des-mineurs-ukrainiens-manifestent-sous-terre-contre-le-non-versement-des-salaires\/#breadcrumb\"},\"inLanguage\":\"fr-FR\",\"potentialAction\":[{\"@type\":\"ReadAction\",\"target\":[\"https:\/\/admin.industriall-union.org\/fr\/des-mineurs-ukrainiens-manifestent-sous-terre-contre-le-non-versement-des-salaires\/\"]}]},{\"@type\":\"BreadcrumbList\",\"@id\":\"https:\/\/admin.industriall-union.org\/fr\/des-mineurs-ukrainiens-manifestent-sous-terre-contre-le-non-versement-des-salaires\/#breadcrumb\",\"itemListElement\":[{\"@type\":\"ListItem\",\"position\":1,\"name\":\"Home\",\"item\":\"https:\/\/admin.industriall-union.org\/\"},{\"@type\":\"ListItem\",\"position\":2,\"name\":\"Articles\",\"item\":\"https:\/\/admin.industriall-union.org\/article\/\"},{\"@type\":\"ListItem\",\"position\":3,\"name\":\"Des mineurs ukrainiens manifestent sous terre contre le non-versement des salaires\"}]},{\"@type\":\"WebSite\",\"@id\":\"https:\/\/admin.industriall-union.org\/#website\",\"url\":\"https:\/\/admin.industriall-union.org\/\",\"name\":\"industriall-union\",\"description\":\"\",\"potentialAction\":[{\"@type\":\"SearchAction\",\"target\":{\"@type\":\"EntryPoint\",\"urlTemplate\":\"https:\/\/admin.industriall-union.org\/?s={search_term_string}\"},\"query-input\":{\"@type\":\"PropertyValueSpecification\",\"valueRequired\":true,\"valueName\":\"search_term_string\"}}],\"inLanguage\":\"fr-FR\"}]}<\/script>\n<!-- \/ Yoast SEO Premium plugin. -->","yoast_head_json":{"title":"Des mineurs ukrainiens manifestent sous terre contre le non-versement des salaires - industriall-union","description":"Ces mineurs r\u00e9clament le versement de trois mois d&rsquo;arri\u00e9r\u00e9s de salaire de la part de la compagnie mini\u00e8re \u00e9tatique Selydivvugillia. Les affili\u00e9s","robots":{"index":"index","follow":"follow","max-snippet":"max-snippet:-1","max-image-preview":"max-image-preview:large","max-video-preview":"max-video-preview:-1"},"canonical":"https:\/\/admin.industriall-union.org\/fr\/des-mineurs-ukrainiens-manifestent-sous-terre-contre-le-non-versement-des-salaires\/","og_locale":"fr_FR","og_type":"article","og_title":"Des mineurs ukrainiens manifestent sous terre contre le non-versement des salaires","og_description":"Ces mineurs r\u00e9clament le versement de trois mois d&rsquo;arri\u00e9r\u00e9s de salaire de la part de la compagnie mini\u00e8re \u00e9tatique Selydivvugillia. Les affili\u00e9s","og_url":"https:\/\/admin.industriall-union.org\/fr\/des-mineurs-ukrainiens-manifestent-sous-terre-contre-le-non-versement-des-salaires\/","og_site_name":"industriall-union","article_modified_time":"2025-02-03T20:52:45+00:00","twitter_card":"summary_large_image","twitter_misc":{"Est. reading time":"3 minutes"},"schema":{"@context":"https:\/\/schema.org","@graph":[{"@type":"WebPage","@id":"https:\/\/admin.industriall-union.org\/fr\/des-mineurs-ukrainiens-manifestent-sous-terre-contre-le-non-versement-des-salaires\/","url":"https:\/\/admin.industriall-union.org\/fr\/des-mineurs-ukrainiens-manifestent-sous-terre-contre-le-non-versement-des-salaires\/","name":"Des mineurs ukrainiens manifestent sous terre contre le non-versement des salaires - industriall-union","isPartOf":{"@id":"https:\/\/admin.industriall-union.org\/#website"},"datePublished":"2019-02-21T10:45:42+00:00","dateModified":"2025-02-03T20:52:45+00:00","description":"Ces mineurs r\u00e9clament le versement de trois mois d&rsquo;arri\u00e9r\u00e9s de salaire de la part de la compagnie mini\u00e8re \u00e9tatique Selydivvugillia. Les affili\u00e9s","breadcrumb":{"@id":"https:\/\/admin.industriall-union.org\/fr\/des-mineurs-ukrainiens-manifestent-sous-terre-contre-le-non-versement-des-salaires\/#breadcrumb"},"inLanguage":"fr-FR","potentialAction":[{"@type":"ReadAction","target":["https:\/\/admin.industriall-union.org\/fr\/des-mineurs-ukrainiens-manifestent-sous-terre-contre-le-non-versement-des-salaires\/"]}]},{"@type":"BreadcrumbList","@id":"https:\/\/admin.industriall-union.org\/fr\/des-mineurs-ukrainiens-manifestent-sous-terre-contre-le-non-versement-des-salaires\/#breadcrumb","itemListElement":[{"@type":"ListItem","position":1,"name":"Home","item":"https:\/\/admin.industriall-union.org\/"},{"@type":"ListItem","position":2,"name":"Articles","item":"https:\/\/admin.industriall-union.org\/article\/"},{"@type":"ListItem","position":3,"name":"Des mineurs ukrainiens manifestent sous terre contre le non-versement des salaires"}]},{"@type":"WebSite","@id":"https:\/\/admin.industriall-union.org\/#website","url":"https:\/\/admin.industriall-union.org\/","name":"industriall-union","description":"","potentialAction":[{"@type":"SearchAction","target":{"@type":"EntryPoint","urlTemplate":"https:\/\/admin.industriall-union.org\/?s={search_term_string}"},"query-input":{"@type":"PropertyValueSpecification","valueRequired":true,"valueName":"search_term_string"}}],"inLanguage":"fr-FR"}]}},"_links":{"self":[{"href":"https:\/\/admin.industriall-union.org\/fr\/wp-json\/wp\/v2\/article\/148051","targetHints":{"allow":["GET"]}}],"collection":[{"href":"https:\/\/admin.industriall-union.org\/fr\/wp-json\/wp\/v2\/article"}],"about":[{"href":"https:\/\/admin.industriall-union.org\/fr\/wp-json\/wp\/v2\/types\/article"}],"wp:attachment":[{"href":"https:\/\/admin.industriall-union.org\/fr\/wp-json\/wp\/v2\/media?parent=148051"}],"wp:term":[{"taxonomy":"issues","embeddable":true,"href":"https:\/\/admin.industriall-union.org\/fr\/wp-json\/wp\/v2\/issues?post=148051"},{"taxonomy":"companies","embeddable":true,"href":"https:\/\/admin.industriall-union.org\/fr\/wp-json\/wp\/v2\/companies?post=148051"},{"taxonomy":"regions","embeddable":true,"href":"https:\/\/admin.industriall-union.org\/fr\/wp-json\/wp\/v2\/regions?post=148051"},{"taxonomy":"sectors","embeddable":true,"href":"https:\/\/admin.industriall-union.org\/fr\/wp-json\/wp\/v2\/sectors?post=148051"},{"taxonomy":"article_tags","embeddable":true,"href":"https:\/\/admin.industriall-union.org\/fr\/wp-json\/wp\/v2\/article_tags?post=148051"}],"curies":[{"name":"wp","href":"https:\/\/api.w.org\/{rel}","templated":true}]}}