{"id":148021,"date":"2019-02-21T13:13:43","date_gmt":"2019-02-21T13:13:43","guid":{"rendered":"https:\/\/admin.industriall-union.org\/le-reseau-syndical-africain-de-glencore-entame-le-dialogue-avec-la-compagnie\/"},"modified":"2025-02-03T20:41:14","modified_gmt":"2025-02-03T20:41:14","slug":"le-reseau-syndical-africain-de-glencore-entame-le-dialogue-avec-la-compagnie","status":"publish","type":"article","link":"https:\/\/admin.industriall-union.org\/fr\/le-reseau-syndical-africain-de-glencore-entame-le-dialogue-avec-la-compagnie\/","title":{"rendered":"Le r\u00e9seau syndical africain de Glencore entame le dialogue avec la compagnie"},"content":{"rendered":"<p>Les repr\u00e9sentants syndicaux des pays africains de l&rsquo;Afrique du Sud, de la R\u00e9publique d\u00e9mocratique du Congo (RDC) et de la Zambie, o\u00f9 le g\u00e9ant minier et des produits de base, \u00e9tabli en Suisse, exerce ses activit\u00e9s, ont rencontr\u00e9 l&rsquo;\u00e9quipe de gestion des ressources humaines (RH) de Glencore pour la premi\u00e8re fois lors du lancement du r\u00e9seau syndical r\u00e9gional d&rsquo;IndustriALL Global Union. L&rsquo;\u00e9quipe de Glencore \u00e9tait compos\u00e9e des gestionnaires des ressources humaines de Mutanda Mining et de Katanga Mining en RDC, de la mine de cuivre Mopani Copper Mines en Zambie, ainsi que des actifs houillers et des actifs relatifs aux alliages en Afrique du Sud.<\/p><p>Les avantages et l&rsquo;efficacit\u00e9 d&rsquo;un dialogue constructif deviennent r\u00e9alit\u00e9 lorsqu&rsquo;une entreprise collabore avec les syndicats pour am\u00e9liorer les conditions de travail, respecter les droits des travailleurs, payer des salaires d\u00e9cents, employer davantage de travailleurs permanents et am\u00e9liorer la sant\u00e9 et la s\u00e9curit\u00e9, ont indiqu\u00e9 les participants \u00e0 la r\u00e9union, anim\u00e9e par l&rsquo;office central et les bureaux r\u00e9gionaux d&rsquo;IndustriALL.<\/p><p>Les affili\u00e9s \u00e0 IndustriALL ont \u00e9nonc\u00e9 les avanc\u00e9es qu&rsquo;ils attendent de Glencore, \u00e0 savoir un salaire \u00e9gal pour un travail de valeur \u00e9gale, des bonnes pratiques en mati\u00e8re de s\u00e9curit\u00e9 sant\u00e9, des cong\u00e9s de maternit\u00e9 et l&rsquo;acc\u00e8s aux services de sant\u00e9. Les repr\u00e9sentants syndicaux ont demand\u00e9 \u00e0 ce que Glencore embauche davantage de travailleurs permanents et s&rsquo;assure que les contractants b\u00e9n\u00e9ficient des m\u00eames droits en vertu de la l\u00e9gislation du travail. Les syndicats ont not\u00e9 des am\u00e9liorations aux niveaux des conditions de travail et du d\u00e9veloppement communautaire.<\/p><p>L&rsquo;\u00e9quipe de gestion des RH de Glencore a fourni des informations d\u00e9taill\u00e9es sur la compagnie ainsi que sur ses politiques et ses pratiques en mati\u00e8re de travail. L&rsquo;\u00e9quipe a \u00e9galement expliqu\u00e9 les mesures prises par la compagnie pour r\u00e9soudre les griefs soulev\u00e9s par les syndicats, la mani\u00e8re dont elle s&rsquo;engage avec eux et les projets communautaires auxquels elle participe.<\/p><p>Gerda Schwindt, Directrice des RH du groupe Glencore, a indiqu\u00e9:<\/p><blockquote><p>&laquo;&nbsp;Nous saluons l&rsquo;opportunit\u00e9 que nous avons de coop\u00e9rer avec IndustriALL, qui nous permet de comprendre ses pr\u00e9occupations, mais aussi de souligner notre volont\u00e9 d&rsquo;\u00eatre reconnu comme le meilleur employeur dans toutes les r\u00e9gions o\u00f9 nous avons des activit\u00e9s&nbsp;&raquo;.<\/p><\/blockquote><p>Kemal \u00d6zkan, Secr\u00e9taire g\u00e9n\u00e9ral adjoint d&rsquo;IndustriALL, a d\u00e9clar\u00e9:<\/p><blockquote><p>&laquo;&nbsp;Nous avons commenc\u00e9 \u00e0 interagir avec Glencore sous forme d&rsquo;un dialogue constructif. La compagnie doit \u00eatre capable d&rsquo;\u00e9couter les pr\u00e9occupations des travailleurs en reconnaissant et en respectant leurs droits fondamentaux en mati\u00e8re de conditions de travail. Je crois que ce dialogue avec Glencore contribue \u00e0 faire avancer les relations du travail dans les op\u00e9rations de la compagnie&nbsp;&raquo;.<\/p><\/blockquote><p>La r\u00e9union s&rsquo;est termin\u00e9e sur la compr\u00e9hension commune d&rsquo;engager le m\u00eame dialogue au niveau des pays.<\/p><p>La r\u00e9union du r\u00e9seau syndical mondial Glencore d&rsquo;IndustriALL aura lieu en Colombie, en septembre; o\u00f9 la direction de la compagnie est attendue de s&rsquo;engager \u00e0 entamer un dialogue similaire au niveau mondial.<\/p>","protected":false},"featured_media":0,"template":"","issues":[],"companies":[60],"regions":[322,350,311,357],"sectors":[495,494],"article_tags":[],"class_list":["post-148021","article","type-article","status-publish","hentry","companies-glencore","regions-congo-drc","regions-south-africa","regions-sub-saharan-africa","regions-zambia","sectors-mining","sectors-mining-and-dgojp"],"acf":[],"yoast_head":"<!-- This site is optimized with the Yoast SEO Premium plugin v27.1 (Yoast SEO v27.1) - https:\/\/yoast.com\/product\/yoast-seo-premium-wordpress\/ -->\n<title>Le r\u00e9seau syndical africain de Glencore entame le dialogue avec la compagnie - industriall-union<\/title>\n<meta name=\"description\" content=\"Les repr\u00e9sentants syndicaux des pays africains de l&rsquo;Afrique du Sud, de la R\u00e9publique d\u00e9mocratique du Congo (RDC) et de la Zambie, o\u00f9 le g\u00e9ant minier\" \/>\n<meta name=\"robots\" content=\"index, follow, max-snippet:-1, max-image-preview:large, max-video-preview:-1\" \/>\n<link rel=\"canonical\" href=\"https:\/\/admin.industriall-union.org\/fr\/le-reseau-syndical-africain-de-glencore-entame-le-dialogue-avec-la-compagnie\/\" \/>\n<meta property=\"og:locale\" content=\"fr_FR\" \/>\n<meta property=\"og:type\" content=\"article\" \/>\n<meta property=\"og:title\" content=\"Le r\u00e9seau syndical africain de Glencore entame le dialogue avec la compagnie\" \/>\n<meta property=\"og:description\" content=\"Les repr\u00e9sentants syndicaux des pays africains de l&rsquo;Afrique du Sud, de la R\u00e9publique d\u00e9mocratique du Congo (RDC) et de la Zambie, o\u00f9 le g\u00e9ant minier\" \/>\n<meta property=\"og:url\" content=\"https:\/\/admin.industriall-union.org\/fr\/le-reseau-syndical-africain-de-glencore-entame-le-dialogue-avec-la-compagnie\/\" \/>\n<meta property=\"og:site_name\" content=\"industriall-union\" \/>\n<meta property=\"article:modified_time\" content=\"2025-02-03T20:41:14+00:00\" \/>\n<meta name=\"twitter:card\" content=\"summary_large_image\" \/>\n<meta name=\"twitter:label1\" content=\"Est. reading time\" \/>\n\t<meta name=\"twitter:data1\" content=\"3 minutes\" \/>\n<script type=\"application\/ld+json\" class=\"yoast-schema-graph\">{\"@context\":\"https:\/\/schema.org\",\"@graph\":[{\"@type\":\"WebPage\",\"@id\":\"https:\/\/admin.industriall-union.org\/fr\/le-reseau-syndical-africain-de-glencore-entame-le-dialogue-avec-la-compagnie\/\",\"url\":\"https:\/\/admin.industriall-union.org\/fr\/le-reseau-syndical-africain-de-glencore-entame-le-dialogue-avec-la-compagnie\/\",\"name\":\"Le r\u00e9seau syndical africain de Glencore entame le dialogue avec la compagnie - industriall-union\",\"isPartOf\":{\"@id\":\"https:\/\/admin.industriall-union.org\/#website\"},\"datePublished\":\"2019-02-21T13:13:43+00:00\",\"dateModified\":\"2025-02-03T20:41:14+00:00\",\"description\":\"Les repr\u00e9sentants syndicaux des pays africains de l&rsquo;Afrique du Sud, de la R\u00e9publique d\u00e9mocratique du Congo (RDC) et de la Zambie, o\u00f9 le g\u00e9ant minier\",\"breadcrumb\":{\"@id\":\"https:\/\/admin.industriall-union.org\/fr\/le-reseau-syndical-africain-de-glencore-entame-le-dialogue-avec-la-compagnie\/#breadcrumb\"},\"inLanguage\":\"fr-FR\",\"potentialAction\":[{\"@type\":\"ReadAction\",\"target\":[\"https:\/\/admin.industriall-union.org\/fr\/le-reseau-syndical-africain-de-glencore-entame-le-dialogue-avec-la-compagnie\/\"]}]},{\"@type\":\"BreadcrumbList\",\"@id\":\"https:\/\/admin.industriall-union.org\/fr\/le-reseau-syndical-africain-de-glencore-entame-le-dialogue-avec-la-compagnie\/#breadcrumb\",\"itemListElement\":[{\"@type\":\"ListItem\",\"position\":1,\"name\":\"Home\",\"item\":\"https:\/\/admin.industriall-union.org\/\"},{\"@type\":\"ListItem\",\"position\":2,\"name\":\"Articles\",\"item\":\"https:\/\/admin.industriall-union.org\/article\/\"},{\"@type\":\"ListItem\",\"position\":3,\"name\":\"Le r\u00e9seau syndical africain de Glencore entame le dialogue avec la compagnie\"}]},{\"@type\":\"WebSite\",\"@id\":\"https:\/\/admin.industriall-union.org\/#website\",\"url\":\"https:\/\/admin.industriall-union.org\/\",\"name\":\"industriall-union\",\"description\":\"\",\"potentialAction\":[{\"@type\":\"SearchAction\",\"target\":{\"@type\":\"EntryPoint\",\"urlTemplate\":\"https:\/\/admin.industriall-union.org\/?s={search_term_string}\"},\"query-input\":{\"@type\":\"PropertyValueSpecification\",\"valueRequired\":true,\"valueName\":\"search_term_string\"}}],\"inLanguage\":\"fr-FR\"}]}<\/script>\n<!-- \/ Yoast SEO Premium plugin. -->","yoast_head_json":{"title":"Le r\u00e9seau syndical africain de Glencore entame le dialogue avec la compagnie - industriall-union","description":"Les repr\u00e9sentants syndicaux des pays africains de l&rsquo;Afrique du Sud, de la R\u00e9publique d\u00e9mocratique du Congo (RDC) et de la Zambie, o\u00f9 le g\u00e9ant minier","robots":{"index":"index","follow":"follow","max-snippet":"max-snippet:-1","max-image-preview":"max-image-preview:large","max-video-preview":"max-video-preview:-1"},"canonical":"https:\/\/admin.industriall-union.org\/fr\/le-reseau-syndical-africain-de-glencore-entame-le-dialogue-avec-la-compagnie\/","og_locale":"fr_FR","og_type":"article","og_title":"Le r\u00e9seau syndical africain de Glencore entame le dialogue avec la compagnie","og_description":"Les repr\u00e9sentants syndicaux des pays africains de l&rsquo;Afrique du Sud, de la R\u00e9publique d\u00e9mocratique du Congo (RDC) et de la Zambie, o\u00f9 le g\u00e9ant minier","og_url":"https:\/\/admin.industriall-union.org\/fr\/le-reseau-syndical-africain-de-glencore-entame-le-dialogue-avec-la-compagnie\/","og_site_name":"industriall-union","article_modified_time":"2025-02-03T20:41:14+00:00","twitter_card":"summary_large_image","twitter_misc":{"Est. reading time":"3 minutes"},"schema":{"@context":"https:\/\/schema.org","@graph":[{"@type":"WebPage","@id":"https:\/\/admin.industriall-union.org\/fr\/le-reseau-syndical-africain-de-glencore-entame-le-dialogue-avec-la-compagnie\/","url":"https:\/\/admin.industriall-union.org\/fr\/le-reseau-syndical-africain-de-glencore-entame-le-dialogue-avec-la-compagnie\/","name":"Le r\u00e9seau syndical africain de Glencore entame le dialogue avec la compagnie - industriall-union","isPartOf":{"@id":"https:\/\/admin.industriall-union.org\/#website"},"datePublished":"2019-02-21T13:13:43+00:00","dateModified":"2025-02-03T20:41:14+00:00","description":"Les repr\u00e9sentants syndicaux des pays africains de l&rsquo;Afrique du Sud, de la R\u00e9publique d\u00e9mocratique du Congo (RDC) et de la Zambie, o\u00f9 le g\u00e9ant minier","breadcrumb":{"@id":"https:\/\/admin.industriall-union.org\/fr\/le-reseau-syndical-africain-de-glencore-entame-le-dialogue-avec-la-compagnie\/#breadcrumb"},"inLanguage":"fr-FR","potentialAction":[{"@type":"ReadAction","target":["https:\/\/admin.industriall-union.org\/fr\/le-reseau-syndical-africain-de-glencore-entame-le-dialogue-avec-la-compagnie\/"]}]},{"@type":"BreadcrumbList","@id":"https:\/\/admin.industriall-union.org\/fr\/le-reseau-syndical-africain-de-glencore-entame-le-dialogue-avec-la-compagnie\/#breadcrumb","itemListElement":[{"@type":"ListItem","position":1,"name":"Home","item":"https:\/\/admin.industriall-union.org\/"},{"@type":"ListItem","position":2,"name":"Articles","item":"https:\/\/admin.industriall-union.org\/article\/"},{"@type":"ListItem","position":3,"name":"Le r\u00e9seau syndical africain de Glencore entame le dialogue avec la compagnie"}]},{"@type":"WebSite","@id":"https:\/\/admin.industriall-union.org\/#website","url":"https:\/\/admin.industriall-union.org\/","name":"industriall-union","description":"","potentialAction":[{"@type":"SearchAction","target":{"@type":"EntryPoint","urlTemplate":"https:\/\/admin.industriall-union.org\/?s={search_term_string}"},"query-input":{"@type":"PropertyValueSpecification","valueRequired":true,"valueName":"search_term_string"}}],"inLanguage":"fr-FR"}]}},"_links":{"self":[{"href":"https:\/\/admin.industriall-union.org\/fr\/wp-json\/wp\/v2\/article\/148021","targetHints":{"allow":["GET"]}}],"collection":[{"href":"https:\/\/admin.industriall-union.org\/fr\/wp-json\/wp\/v2\/article"}],"about":[{"href":"https:\/\/admin.industriall-union.org\/fr\/wp-json\/wp\/v2\/types\/article"}],"wp:attachment":[{"href":"https:\/\/admin.industriall-union.org\/fr\/wp-json\/wp\/v2\/media?parent=148021"}],"wp:term":[{"taxonomy":"issues","embeddable":true,"href":"https:\/\/admin.industriall-union.org\/fr\/wp-json\/wp\/v2\/issues?post=148021"},{"taxonomy":"companies","embeddable":true,"href":"https:\/\/admin.industriall-union.org\/fr\/wp-json\/wp\/v2\/companies?post=148021"},{"taxonomy":"regions","embeddable":true,"href":"https:\/\/admin.industriall-union.org\/fr\/wp-json\/wp\/v2\/regions?post=148021"},{"taxonomy":"sectors","embeddable":true,"href":"https:\/\/admin.industriall-union.org\/fr\/wp-json\/wp\/v2\/sectors?post=148021"},{"taxonomy":"article_tags","embeddable":true,"href":"https:\/\/admin.industriall-union.org\/fr\/wp-json\/wp\/v2\/article_tags?post=148021"}],"curies":[{"name":"wp","href":"https:\/\/api.w.org\/{rel}","templated":true}]}}