{"id":148005,"date":"2019-02-26T14:49:03","date_gmt":"2019-02-26T14:49:03","guid":{"rendered":"https:\/\/admin.industriall-union.org\/les-depouilles-des-victimes-de-pasta-de-conchos-pourraient-etre-ramenees-a-la-surface\/"},"modified":"2025-02-03T20:28:35","modified_gmt":"2025-02-03T20:28:35","slug":"les-depouilles-des-victimes-de-pasta-de-conchos-pourraient-etre-ramenees-a-la-surface","status":"publish","type":"article","link":"https:\/\/admin.industriall-union.org\/fr\/les-depouilles-des-victimes-de-pasta-de-conchos-pourraient-etre-ramenees-a-la-surface\/","title":{"rendered":"Les d\u00e9pouilles des victimes de Pasta de Conchos pourraient \u00eatre ramen\u00e9es \u00e0 la surface"},"content":{"rendered":"<p>Le mardi 19 f\u00e9vrier marquait le 13e anniversaire de la trag\u00e9die de Pasta de Conchos au cours de laquelle 65 travailleurs ont \u00e9t\u00e9 tu\u00e9s \u00e0 la suite d&rsquo;une explosion au sein de cette mine appartenant \u00e0 Grupo Mexico. Le Pr\u00e9sident du Mexique, Andr\u00e9s L\u00f3pez Obrador, a annonc\u00e9 qu&rsquo;il allait envisager la possibilit\u00e9 de faire r\u00e9cup\u00e9rer les corps des 63 mineurs toujours ensevelis sous terre.<\/p><p>Le Pr\u00e9sident a exprim\u00e9 son soutien pour la recherche des restes des dizaines de mineurs toujours ensevelis dans le charbonnage n&deg;8 appartenant \u00e0 la compagnie Grupo Mexico, \u00e0 Pasta de Conchos, Coahuila. \u00c0 l&rsquo;origine, les op\u00e9rations de recherche des survivants avaient \u00e9t\u00e9 arr\u00eat\u00e9es \u00e0 peine cinq jours apr\u00e8s l&rsquo;explosion et les corps n&rsquo;ont jamais \u00e9t\u00e9 r\u00e9cup\u00e9r\u00e9s.<\/p><p>Durant une conf\u00e9rence de presse, le Pr\u00e9sident du Mexique a d\u00e9clar\u00e9 qu&rsquo;il se pencherait sur la possibilit\u00e9 d&rsquo;aller retrouver les corps, car cela permettrait de panser les blessures et d&rsquo;apporter r\u00e9conciliation nationale et justice pour les familles des victimes.<\/p><p>&ldquo;En l&rsquo;occurrence, nous n&rsquo;excluons pas l&rsquo;option o\u00f9 l&rsquo;entreprise accepterait de mani\u00e8re volontaire de conduire les op\u00e9rations de recherche des restes de ceux qui ont \u00e9t\u00e9 pris au pi\u00e8ge dans la mine. Ce serait un grand pas pour permettre une r\u00e9conciliation entre les parties, ainsi par ailleurs qu&rsquo;au plan national. Des experts de niveau mondial devraient se rendre sur place pour que les excavations soient organis\u00e9es et les corps r\u00e9cup\u00e9r\u00e9s. Tout ce qui pourra \u00eatre entrepris participera \u00e0 la gu\u00e9rison des blessures.&rdquo;<\/p><p>Au cours de la m\u00eame journ\u00e9e, le syndicat des mines Los Mineros, un affili\u00e9 d&rsquo;IndustriALL Global Union, a organis\u00e9 une marche et un rassemblement \u00e0 la m\u00e9moire des mineurs tu\u00e9s lors de cet homicide industriel. Cet \u00e9v\u00e9nement a eu lieu devant l&rsquo;acc\u00e8s au site General De Hulla du Charbonnage n&deg;8.<\/p><p>En plus de membres du syndicat, y ont assist\u00e9&nbsp;: des membres des familles des mineurs d\u00e9c\u00e9d\u00e9s, le Directeur national de l&rsquo;USW pour le Canada, Ken Neumann, le Directeur de l&rsquo;USW pour les affaires internationales, Benjamin Davis, ainsi que le Pr\u00e9sident de Los Mineros et S\u00e9nateur mexicain, Napole\u00f3n G\u00f3mez Urrutia.<\/p><p>\u00c0 l&rsquo;occasion de cet \u00e9v\u00e9nement, le leader de Los Mineros a d\u00e9clar\u00e9&nbsp;:<\/p><blockquote><p>&ldquo;Cette trag\u00e9die dure depuis 13 longues ann\u00e9es. Depuis le d\u00e9but, nous avons eu trois revendications fondamentales que nous r\u00e9p\u00e9tons aujourd&rsquo;hui&nbsp;:<\/p><p>1. Les corps toujours pr\u00e9sents dans la mine doivent \u00eatre remont\u00e9s<\/p><p>2. Les familles concern\u00e9es par cet homicide industriel doivent recevoir une indemnisation juste et \u00e9quitable<\/p><p>3. L&rsquo;enqu\u00eate sur la cause de la n\u00e9gligence de Grupo Mexico doit \u00eatre rouverte et les responsables punis.&rdquo;<\/p><\/blockquote><p>Il a indiqu\u00e9 qu&rsquo;il ferait tout ce qui est de son ressort pour s&rsquo;assurer que ces revendications soient rencontr\u00e9es et que des experts soient mandat\u00e9s pour mener les \u00e9tudes techniques pouvant mener \u00e0 la r\u00e9cup\u00e9ration des d\u00e9pouilles des travailleurs.<\/p><p>Le Secr\u00e9taire r\u00e9gional d&rsquo;IndustriALL Global Union, Marino Vani, a d\u00e9clar\u00e9&nbsp;:<\/p><blockquote><p>&ldquo;IndustriALL se range aux c\u00f4t\u00e9s des familles des mineurs d\u00e9c\u00e9d\u00e9s et soutient le syndicat Los Mineros dans ses \u00e9preuves et son combat sans rel\u00e2che en vue de restaurer la dignit\u00e9 des victimes de cette trag\u00e9die.&rdquo;<\/p><\/blockquote>","protected":false},"featured_media":0,"template":"","issues":[403,402,422,420,415,425],"companies":[],"regions":[254,275],"sectors":[495],"article_tags":[],"class_list":["post-148005","article","type-article","status-publish","hentry","issues-convention-176-mine-safety","issues-health-and-safety","issues-human-trade-union-rights","issues-solidarity","issues-stop-precarious-work","issues-workers-rights","regions-latin-america-and-the-caribbean","regions-mexico","sectors-mining"],"acf":[],"yoast_head":"<!-- This site is optimized with the Yoast SEO Premium plugin v27.1 (Yoast SEO v27.1) - https:\/\/yoast.com\/product\/yoast-seo-premium-wordpress\/ -->\n<title>Les d\u00e9pouilles des victimes de Pasta de Conchos pourraient \u00eatre ramen\u00e9es \u00e0 la surface - industriall-union<\/title>\n<meta name=\"description\" content=\"Le mardi 19 f\u00e9vrier marquait le 13e anniversaire de la trag\u00e9die de Pasta de Conchos au cours de laquelle 65 travailleurs ont \u00e9t\u00e9 tu\u00e9s \u00e0 la suite\" \/>\n<meta name=\"robots\" content=\"index, follow, max-snippet:-1, max-image-preview:large, max-video-preview:-1\" \/>\n<link rel=\"canonical\" href=\"https:\/\/admin.industriall-union.org\/fr\/les-depouilles-des-victimes-de-pasta-de-conchos-pourraient-etre-ramenees-a-la-surface\/\" \/>\n<meta property=\"og:locale\" content=\"fr_FR\" \/>\n<meta property=\"og:type\" content=\"article\" \/>\n<meta property=\"og:title\" content=\"Les d\u00e9pouilles des victimes de Pasta de Conchos pourraient \u00eatre ramen\u00e9es \u00e0 la surface\" \/>\n<meta property=\"og:description\" content=\"Le mardi 19 f\u00e9vrier marquait le 13e anniversaire de la trag\u00e9die de Pasta de Conchos au cours de laquelle 65 travailleurs ont \u00e9t\u00e9 tu\u00e9s \u00e0 la suite\" \/>\n<meta property=\"og:url\" content=\"https:\/\/admin.industriall-union.org\/fr\/les-depouilles-des-victimes-de-pasta-de-conchos-pourraient-etre-ramenees-a-la-surface\/\" \/>\n<meta property=\"og:site_name\" content=\"industriall-union\" \/>\n<meta property=\"article:modified_time\" content=\"2025-02-03T20:28:35+00:00\" \/>\n<meta name=\"twitter:card\" content=\"summary_large_image\" \/>\n<meta name=\"twitter:label1\" content=\"Est. reading time\" \/>\n\t<meta name=\"twitter:data1\" content=\"3 minutes\" \/>\n<script type=\"application\/ld+json\" class=\"yoast-schema-graph\">{\"@context\":\"https:\/\/schema.org\",\"@graph\":[{\"@type\":\"WebPage\",\"@id\":\"https:\/\/admin.industriall-union.org\/fr\/les-depouilles-des-victimes-de-pasta-de-conchos-pourraient-etre-ramenees-a-la-surface\/\",\"url\":\"https:\/\/admin.industriall-union.org\/fr\/les-depouilles-des-victimes-de-pasta-de-conchos-pourraient-etre-ramenees-a-la-surface\/\",\"name\":\"Les d\u00e9pouilles des victimes de Pasta de Conchos pourraient \u00eatre ramen\u00e9es \u00e0 la surface - industriall-union\",\"isPartOf\":{\"@id\":\"https:\/\/admin.industriall-union.org\/#website\"},\"datePublished\":\"2019-02-26T14:49:03+00:00\",\"dateModified\":\"2025-02-03T20:28:35+00:00\",\"description\":\"Le mardi 19 f\u00e9vrier marquait le 13e anniversaire de la trag\u00e9die de Pasta de Conchos au cours de laquelle 65 travailleurs ont \u00e9t\u00e9 tu\u00e9s \u00e0 la suite\",\"breadcrumb\":{\"@id\":\"https:\/\/admin.industriall-union.org\/fr\/les-depouilles-des-victimes-de-pasta-de-conchos-pourraient-etre-ramenees-a-la-surface\/#breadcrumb\"},\"inLanguage\":\"fr-FR\",\"potentialAction\":[{\"@type\":\"ReadAction\",\"target\":[\"https:\/\/admin.industriall-union.org\/fr\/les-depouilles-des-victimes-de-pasta-de-conchos-pourraient-etre-ramenees-a-la-surface\/\"]}]},{\"@type\":\"BreadcrumbList\",\"@id\":\"https:\/\/admin.industriall-union.org\/fr\/les-depouilles-des-victimes-de-pasta-de-conchos-pourraient-etre-ramenees-a-la-surface\/#breadcrumb\",\"itemListElement\":[{\"@type\":\"ListItem\",\"position\":1,\"name\":\"Home\",\"item\":\"https:\/\/admin.industriall-union.org\/\"},{\"@type\":\"ListItem\",\"position\":2,\"name\":\"Articles\",\"item\":\"https:\/\/admin.industriall-union.org\/article\/\"},{\"@type\":\"ListItem\",\"position\":3,\"name\":\"Les d\u00e9pouilles des victimes de Pasta de Conchos pourraient \u00eatre ramen\u00e9es \u00e0 la surface\"}]},{\"@type\":\"WebSite\",\"@id\":\"https:\/\/admin.industriall-union.org\/#website\",\"url\":\"https:\/\/admin.industriall-union.org\/\",\"name\":\"industriall-union\",\"description\":\"\",\"potentialAction\":[{\"@type\":\"SearchAction\",\"target\":{\"@type\":\"EntryPoint\",\"urlTemplate\":\"https:\/\/admin.industriall-union.org\/?s={search_term_string}\"},\"query-input\":{\"@type\":\"PropertyValueSpecification\",\"valueRequired\":true,\"valueName\":\"search_term_string\"}}],\"inLanguage\":\"fr-FR\"}]}<\/script>\n<!-- \/ Yoast SEO Premium plugin. -->","yoast_head_json":{"title":"Les d\u00e9pouilles des victimes de Pasta de Conchos pourraient \u00eatre ramen\u00e9es \u00e0 la surface - industriall-union","description":"Le mardi 19 f\u00e9vrier marquait le 13e anniversaire de la trag\u00e9die de Pasta de Conchos au cours de laquelle 65 travailleurs ont \u00e9t\u00e9 tu\u00e9s \u00e0 la suite","robots":{"index":"index","follow":"follow","max-snippet":"max-snippet:-1","max-image-preview":"max-image-preview:large","max-video-preview":"max-video-preview:-1"},"canonical":"https:\/\/admin.industriall-union.org\/fr\/les-depouilles-des-victimes-de-pasta-de-conchos-pourraient-etre-ramenees-a-la-surface\/","og_locale":"fr_FR","og_type":"article","og_title":"Les d\u00e9pouilles des victimes de Pasta de Conchos pourraient \u00eatre ramen\u00e9es \u00e0 la surface","og_description":"Le mardi 19 f\u00e9vrier marquait le 13e anniversaire de la trag\u00e9die de Pasta de Conchos au cours de laquelle 65 travailleurs ont \u00e9t\u00e9 tu\u00e9s \u00e0 la suite","og_url":"https:\/\/admin.industriall-union.org\/fr\/les-depouilles-des-victimes-de-pasta-de-conchos-pourraient-etre-ramenees-a-la-surface\/","og_site_name":"industriall-union","article_modified_time":"2025-02-03T20:28:35+00:00","twitter_card":"summary_large_image","twitter_misc":{"Est. reading time":"3 minutes"},"schema":{"@context":"https:\/\/schema.org","@graph":[{"@type":"WebPage","@id":"https:\/\/admin.industriall-union.org\/fr\/les-depouilles-des-victimes-de-pasta-de-conchos-pourraient-etre-ramenees-a-la-surface\/","url":"https:\/\/admin.industriall-union.org\/fr\/les-depouilles-des-victimes-de-pasta-de-conchos-pourraient-etre-ramenees-a-la-surface\/","name":"Les d\u00e9pouilles des victimes de Pasta de Conchos pourraient \u00eatre ramen\u00e9es \u00e0 la surface - industriall-union","isPartOf":{"@id":"https:\/\/admin.industriall-union.org\/#website"},"datePublished":"2019-02-26T14:49:03+00:00","dateModified":"2025-02-03T20:28:35+00:00","description":"Le mardi 19 f\u00e9vrier marquait le 13e anniversaire de la trag\u00e9die de Pasta de Conchos au cours de laquelle 65 travailleurs ont \u00e9t\u00e9 tu\u00e9s \u00e0 la suite","breadcrumb":{"@id":"https:\/\/admin.industriall-union.org\/fr\/les-depouilles-des-victimes-de-pasta-de-conchos-pourraient-etre-ramenees-a-la-surface\/#breadcrumb"},"inLanguage":"fr-FR","potentialAction":[{"@type":"ReadAction","target":["https:\/\/admin.industriall-union.org\/fr\/les-depouilles-des-victimes-de-pasta-de-conchos-pourraient-etre-ramenees-a-la-surface\/"]}]},{"@type":"BreadcrumbList","@id":"https:\/\/admin.industriall-union.org\/fr\/les-depouilles-des-victimes-de-pasta-de-conchos-pourraient-etre-ramenees-a-la-surface\/#breadcrumb","itemListElement":[{"@type":"ListItem","position":1,"name":"Home","item":"https:\/\/admin.industriall-union.org\/"},{"@type":"ListItem","position":2,"name":"Articles","item":"https:\/\/admin.industriall-union.org\/article\/"},{"@type":"ListItem","position":3,"name":"Les d\u00e9pouilles des victimes de Pasta de Conchos pourraient \u00eatre ramen\u00e9es \u00e0 la surface"}]},{"@type":"WebSite","@id":"https:\/\/admin.industriall-union.org\/#website","url":"https:\/\/admin.industriall-union.org\/","name":"industriall-union","description":"","potentialAction":[{"@type":"SearchAction","target":{"@type":"EntryPoint","urlTemplate":"https:\/\/admin.industriall-union.org\/?s={search_term_string}"},"query-input":{"@type":"PropertyValueSpecification","valueRequired":true,"valueName":"search_term_string"}}],"inLanguage":"fr-FR"}]}},"_links":{"self":[{"href":"https:\/\/admin.industriall-union.org\/fr\/wp-json\/wp\/v2\/article\/148005","targetHints":{"allow":["GET"]}}],"collection":[{"href":"https:\/\/admin.industriall-union.org\/fr\/wp-json\/wp\/v2\/article"}],"about":[{"href":"https:\/\/admin.industriall-union.org\/fr\/wp-json\/wp\/v2\/types\/article"}],"wp:attachment":[{"href":"https:\/\/admin.industriall-union.org\/fr\/wp-json\/wp\/v2\/media?parent=148005"}],"wp:term":[{"taxonomy":"issues","embeddable":true,"href":"https:\/\/admin.industriall-union.org\/fr\/wp-json\/wp\/v2\/issues?post=148005"},{"taxonomy":"companies","embeddable":true,"href":"https:\/\/admin.industriall-union.org\/fr\/wp-json\/wp\/v2\/companies?post=148005"},{"taxonomy":"regions","embeddable":true,"href":"https:\/\/admin.industriall-union.org\/fr\/wp-json\/wp\/v2\/regions?post=148005"},{"taxonomy":"sectors","embeddable":true,"href":"https:\/\/admin.industriall-union.org\/fr\/wp-json\/wp\/v2\/sectors?post=148005"},{"taxonomy":"article_tags","embeddable":true,"href":"https:\/\/admin.industriall-union.org\/fr\/wp-json\/wp\/v2\/article_tags?post=148005"}],"curies":[{"name":"wp","href":"https:\/\/api.w.org\/{rel}","templated":true}]}}