{"id":148003,"date":"2019-02-28T12:48:27","date_gmt":"2019-02-28T12:48:27","guid":{"rendered":"https:\/\/admin.industriall-union.org\/les-syndicats-disent-non-a-la-violence-contre-les-femmes\/"},"modified":"2025-02-03T20:25:26","modified_gmt":"2025-02-03T20:25:26","slug":"les-syndicats-disent-non-a-la-violence-contre-les-femmes","status":"publish","type":"article","link":"https:\/\/admin.industriall-union.org\/fr\/les-syndicats-disent-non-a-la-violence-contre-les-femmes\/","title":{"rendered":"Les syndicats disent non \u00e0 la violence contre les femmes!"},"content":{"rendered":"<blockquote><p>En tant que syndicats, nous sommes aux avant-postes de cette lutte. Mobilisons-nous \u00e0 l&rsquo;occasion du 8 mars, Journ\u00e9e internationale de la femme, pour montrer une fois encore notre d\u00e9termination sans faille \u00e0 faire progresser l&rsquo;\u00e9galit\u00e9 entre hommes et femmes dans le monde du travail<\/p><\/blockquote><p>dit la Secr\u00e9taire g\u00e9n\u00e9rale adjointe d&rsquo;IndustriALL, Jenny Holdcroft.<\/p><p>Renforcer le r\u00f4le et la voix des femmes, \u00e9liminer la violence et le harc\u00e8lement au travail, et mettre en oeuvre des politiques de transparence salariale sont des conditions pr\u00e9alables \u00e0 l&rsquo;\u00e9galit\u00e9 des genres.<\/p><p>Pour les affili\u00e9s qui ne se seraient pas encore engag\u00e9s \u00e0 mettre fin \u00e0 la violence et au harc\u00e8lement \u00e0 l&rsquo;\u00e9gard des femmes sur leurs lieux de travail et dans les syndicats, IndustriALL les encourage \u00e0 souscrire \u00e0 <a href=\"\/wp-content\/uploads\/documents\/Women\/VAW\/pledge_french_poster.pdf\" target=\"_blank\">l&rsquo;Engagement<\/a> (#TakeThePledge).<\/p><p>Nous avons cr\u00e9\u00e9 des<a href=\"http:\/\/www.industriall-union.org\/fr\/themes\/construire-des-syndicats-forts\/femmes\" target=\"_self\"> supports graphiques<\/a> ainsi qu&rsquo;une <a href=\"https:\/\/www.youtube.com\/watch?v=SvAqJqoOAZY\">vid\u00e9o<\/a> que vous pouvez t\u00e9l\u00e9charger \u00e0 partir de notre site web. Vous pouvez \u00e9galement rejoindre notre <a href=\"https:\/\/www.facebook.com\/groups\/IndustriALLWomen\/\">groupe Facebook d\u00e9di\u00e9 aux Femmes<\/a> et faire part des projets de votre syndicat \u00e0 l&rsquo;occasion du 8 mars.<\/p><p>Utilisez \u00e9galement cette plateforme pour pr\u00e9senter vos actions, ou envoyez des photos \u00e0 <a href=\"mailto:press@industriall-union.org\">press@industriall-union.org<\/a> ; nous les utiliserons afin de promouvoir vos actions. Sur les r\u00e9seaux sociaux, pensez \u00e0 utiliser les hashtags #ALLWomen #TakeThePledge.<\/p>","protected":false},"featured_media":0,"template":"","issues":[397],"companies":[],"regions":[],"sectors":[],"article_tags":[],"class_list":["post-148003","article","type-article","status-publish","hentry","issues-women"],"acf":[],"yoast_head":"<!-- This site is optimized with the Yoast SEO Premium plugin v27.1 (Yoast SEO v27.1) - https:\/\/yoast.com\/product\/yoast-seo-premium-wordpress\/ -->\n<title>Les syndicats disent non \u00e0 la violence contre les femmes! - industriall-union<\/title>\n<meta name=\"description\" content=\"En tant que syndicats, nous sommes aux avant-postes de cette lutte. Mobilisons-nous \u00e0 l&rsquo;occasion du 8 mars, Journ\u00e9e internationale de la femme, pour\" \/>\n<meta name=\"robots\" content=\"index, follow, max-snippet:-1, max-image-preview:large, max-video-preview:-1\" \/>\n<link rel=\"canonical\" href=\"https:\/\/admin.industriall-union.org\/fr\/les-syndicats-disent-non-a-la-violence-contre-les-femmes\/\" \/>\n<meta property=\"og:locale\" content=\"fr_FR\" \/>\n<meta property=\"og:type\" content=\"article\" \/>\n<meta property=\"og:title\" content=\"Les syndicats disent non \u00e0 la violence contre les femmes!\" \/>\n<meta property=\"og:description\" content=\"En tant que syndicats, nous sommes aux avant-postes de cette lutte. Mobilisons-nous \u00e0 l&rsquo;occasion du 8 mars, Journ\u00e9e internationale de la femme, pour\" \/>\n<meta property=\"og:url\" content=\"https:\/\/admin.industriall-union.org\/fr\/les-syndicats-disent-non-a-la-violence-contre-les-femmes\/\" \/>\n<meta property=\"og:site_name\" content=\"industriall-union\" \/>\n<meta property=\"article:modified_time\" content=\"2025-02-03T20:25:26+00:00\" \/>\n<meta name=\"twitter:card\" content=\"summary_large_image\" \/>\n<meta name=\"twitter:label1\" content=\"Est. reading time\" \/>\n\t<meta name=\"twitter:data1\" content=\"1 minute\" \/>\n<script type=\"application\/ld+json\" class=\"yoast-schema-graph\">{\"@context\":\"https:\/\/schema.org\",\"@graph\":[{\"@type\":\"WebPage\",\"@id\":\"https:\/\/admin.industriall-union.org\/fr\/les-syndicats-disent-non-a-la-violence-contre-les-femmes\/\",\"url\":\"https:\/\/admin.industriall-union.org\/fr\/les-syndicats-disent-non-a-la-violence-contre-les-femmes\/\",\"name\":\"Les syndicats disent non \u00e0 la violence contre les femmes! - industriall-union\",\"isPartOf\":{\"@id\":\"https:\/\/admin.industriall-union.org\/#website\"},\"datePublished\":\"2019-02-28T12:48:27+00:00\",\"dateModified\":\"2025-02-03T20:25:26+00:00\",\"description\":\"En tant que syndicats, nous sommes aux avant-postes de cette lutte. Mobilisons-nous \u00e0 l&rsquo;occasion du 8 mars, Journ\u00e9e internationale de la femme, pour\",\"breadcrumb\":{\"@id\":\"https:\/\/admin.industriall-union.org\/fr\/les-syndicats-disent-non-a-la-violence-contre-les-femmes\/#breadcrumb\"},\"inLanguage\":\"fr-FR\",\"potentialAction\":[{\"@type\":\"ReadAction\",\"target\":[\"https:\/\/admin.industriall-union.org\/fr\/les-syndicats-disent-non-a-la-violence-contre-les-femmes\/\"]}]},{\"@type\":\"BreadcrumbList\",\"@id\":\"https:\/\/admin.industriall-union.org\/fr\/les-syndicats-disent-non-a-la-violence-contre-les-femmes\/#breadcrumb\",\"itemListElement\":[{\"@type\":\"ListItem\",\"position\":1,\"name\":\"Home\",\"item\":\"https:\/\/admin.industriall-union.org\/\"},{\"@type\":\"ListItem\",\"position\":2,\"name\":\"Articles\",\"item\":\"https:\/\/admin.industriall-union.org\/article\/\"},{\"@type\":\"ListItem\",\"position\":3,\"name\":\"Les syndicats disent non \u00e0 la violence contre les femmes!\"}]},{\"@type\":\"WebSite\",\"@id\":\"https:\/\/admin.industriall-union.org\/#website\",\"url\":\"https:\/\/admin.industriall-union.org\/\",\"name\":\"industriall-union\",\"description\":\"\",\"potentialAction\":[{\"@type\":\"SearchAction\",\"target\":{\"@type\":\"EntryPoint\",\"urlTemplate\":\"https:\/\/admin.industriall-union.org\/?s={search_term_string}\"},\"query-input\":{\"@type\":\"PropertyValueSpecification\",\"valueRequired\":true,\"valueName\":\"search_term_string\"}}],\"inLanguage\":\"fr-FR\"}]}<\/script>\n<!-- \/ Yoast SEO Premium plugin. -->","yoast_head_json":{"title":"Les syndicats disent non \u00e0 la violence contre les femmes! - industriall-union","description":"En tant que syndicats, nous sommes aux avant-postes de cette lutte. Mobilisons-nous \u00e0 l&rsquo;occasion du 8 mars, Journ\u00e9e internationale de la femme, pour","robots":{"index":"index","follow":"follow","max-snippet":"max-snippet:-1","max-image-preview":"max-image-preview:large","max-video-preview":"max-video-preview:-1"},"canonical":"https:\/\/admin.industriall-union.org\/fr\/les-syndicats-disent-non-a-la-violence-contre-les-femmes\/","og_locale":"fr_FR","og_type":"article","og_title":"Les syndicats disent non \u00e0 la violence contre les femmes!","og_description":"En tant que syndicats, nous sommes aux avant-postes de cette lutte. Mobilisons-nous \u00e0 l&rsquo;occasion du 8 mars, Journ\u00e9e internationale de la femme, pour","og_url":"https:\/\/admin.industriall-union.org\/fr\/les-syndicats-disent-non-a-la-violence-contre-les-femmes\/","og_site_name":"industriall-union","article_modified_time":"2025-02-03T20:25:26+00:00","twitter_card":"summary_large_image","twitter_misc":{"Est. reading time":"1 minute"},"schema":{"@context":"https:\/\/schema.org","@graph":[{"@type":"WebPage","@id":"https:\/\/admin.industriall-union.org\/fr\/les-syndicats-disent-non-a-la-violence-contre-les-femmes\/","url":"https:\/\/admin.industriall-union.org\/fr\/les-syndicats-disent-non-a-la-violence-contre-les-femmes\/","name":"Les syndicats disent non \u00e0 la violence contre les femmes! - industriall-union","isPartOf":{"@id":"https:\/\/admin.industriall-union.org\/#website"},"datePublished":"2019-02-28T12:48:27+00:00","dateModified":"2025-02-03T20:25:26+00:00","description":"En tant que syndicats, nous sommes aux avant-postes de cette lutte. Mobilisons-nous \u00e0 l&rsquo;occasion du 8 mars, Journ\u00e9e internationale de la femme, pour","breadcrumb":{"@id":"https:\/\/admin.industriall-union.org\/fr\/les-syndicats-disent-non-a-la-violence-contre-les-femmes\/#breadcrumb"},"inLanguage":"fr-FR","potentialAction":[{"@type":"ReadAction","target":["https:\/\/admin.industriall-union.org\/fr\/les-syndicats-disent-non-a-la-violence-contre-les-femmes\/"]}]},{"@type":"BreadcrumbList","@id":"https:\/\/admin.industriall-union.org\/fr\/les-syndicats-disent-non-a-la-violence-contre-les-femmes\/#breadcrumb","itemListElement":[{"@type":"ListItem","position":1,"name":"Home","item":"https:\/\/admin.industriall-union.org\/"},{"@type":"ListItem","position":2,"name":"Articles","item":"https:\/\/admin.industriall-union.org\/article\/"},{"@type":"ListItem","position":3,"name":"Les syndicats disent non \u00e0 la violence contre les femmes!"}]},{"@type":"WebSite","@id":"https:\/\/admin.industriall-union.org\/#website","url":"https:\/\/admin.industriall-union.org\/","name":"industriall-union","description":"","potentialAction":[{"@type":"SearchAction","target":{"@type":"EntryPoint","urlTemplate":"https:\/\/admin.industriall-union.org\/?s={search_term_string}"},"query-input":{"@type":"PropertyValueSpecification","valueRequired":true,"valueName":"search_term_string"}}],"inLanguage":"fr-FR"}]}},"_links":{"self":[{"href":"https:\/\/admin.industriall-union.org\/fr\/wp-json\/wp\/v2\/article\/148003","targetHints":{"allow":["GET"]}}],"collection":[{"href":"https:\/\/admin.industriall-union.org\/fr\/wp-json\/wp\/v2\/article"}],"about":[{"href":"https:\/\/admin.industriall-union.org\/fr\/wp-json\/wp\/v2\/types\/article"}],"wp:attachment":[{"href":"https:\/\/admin.industriall-union.org\/fr\/wp-json\/wp\/v2\/media?parent=148003"}],"wp:term":[{"taxonomy":"issues","embeddable":true,"href":"https:\/\/admin.industriall-union.org\/fr\/wp-json\/wp\/v2\/issues?post=148003"},{"taxonomy":"companies","embeddable":true,"href":"https:\/\/admin.industriall-union.org\/fr\/wp-json\/wp\/v2\/companies?post=148003"},{"taxonomy":"regions","embeddable":true,"href":"https:\/\/admin.industriall-union.org\/fr\/wp-json\/wp\/v2\/regions?post=148003"},{"taxonomy":"sectors","embeddable":true,"href":"https:\/\/admin.industriall-union.org\/fr\/wp-json\/wp\/v2\/sectors?post=148003"},{"taxonomy":"article_tags","embeddable":true,"href":"https:\/\/admin.industriall-union.org\/fr\/wp-json\/wp\/v2\/article_tags?post=148003"}],"curies":[{"name":"wp","href":"https:\/\/api.w.org\/{rel}","templated":true}]}}