{"id":147998,"date":"2019-03-07T15:18:02","date_gmt":"2019-03-07T15:18:02","guid":{"rendered":"https:\/\/admin.industriall-union.org\/industriall-plaide-en-faveur-d-une-convention-forte-de-l-oit-sur-la-lutte-contre-la-violence-fondee-sur-le-genre\/"},"modified":"2025-02-03T20:13:07","modified_gmt":"2025-02-03T20:13:07","slug":"industriall-plaide-en-faveur-d-une-convention-forte-de-l-oit-sur-la-lutte-contre-la-violence-fondee-sur-le-genre","status":"publish","type":"article","link":"https:\/\/admin.industriall-union.org\/fr\/industriall-plaide-en-faveur-d-une-convention-forte-de-l-oit-sur-la-lutte-contre-la-violence-fondee-sur-le-genre\/","title":{"rendered":"IndustriALL plaide en faveur d\u2019une convention forte de l\u2019OIT sur la lutte contre la violence fond\u00e9e sur le genre"},"content":{"rendered":"<div class=\"rte clearfix\"><p>Le deuxi\u00e8me d\u00e9bat de l&rsquo;OIT sur la violence et le harc\u00e8lement dans le monde du travail se tiendra en juin 2019, \u00e0 la Conf\u00e9rence internationale du Travail, \u00e0 Gen\u00e8ve, en Suisse. Ce d\u00e9bat sera une occasion historique d&rsquo;adopter un instrument juridique ayant force obligatoire qui s&rsquo;attaque \u00e0 cette grave lacune dans les normes internationales du travail aux fins de prot\u00e9ger des millions de travailleurs, en particulier les femmes. Aussi, quel type de Convention voulons-nous?&nbsp;&nbsp;&nbsp;<\/p><ol><li><strong>Nous avons besoin d&rsquo;un texte juridiquement contraignant<\/strong><\/li><\/ol><p>Les employeurs \u00e0 l&rsquo;OIT et certains gouvernements ont mis en cause la pertinence de l&rsquo;adoption d&rsquo;un instrument juridique ayant force obligatoire sur la violence et le harc\u00e8lement sur le lieu de travail. Cela ne saurait \u00eatre.&nbsp;&nbsp;<\/p><p>Tout le monde a le droit d&rsquo;avoir acc\u00e8s \u00e0 un monde du travail sans violence et sans harc\u00e8lement, y compris sans violence et sans harc\u00e8lement fond\u00e9s sur le genre. Or, la violence \u00e0 l&rsquo;\u00e9gard des femmes est r\u00e9pandue en milieu du travail. Elle a des cons\u00e9quences d\u00e9vastatrices sur la sant\u00e9 psychologique, physique et sexuelle, et des r\u00e9percussions sur le milieu de travail et familial.<\/p><p>C&rsquo;est pourquoi l&rsquo;adoption sans d\u00e9lai d&rsquo;une norme internationale sur la violence et le harc\u00e8lement sur le lieu de travail est n\u00e9cessaire pour garantir des normes minimales pour TOUS.<\/p><ol><li value=\"2\"><strong>Nous avons besoin d&rsquo;une<\/strong> <strong>convention qui accorde une attention particuli\u00e8re<\/strong> <strong>\u00e0<\/strong> <strong>la violence<\/strong> <strong>exerc\u00e9e \u00e0 l&rsquo;encontre des femmes<\/strong><\/li><\/ol><p>La violence \u00e0 l&rsquo;\u00e9gard des femmes sur le lieu de travail demeure l&rsquo;une des violations des droits humains des travailleurs la plus tol\u00e9r\u00e9e. Selon les Nations Unies, 35 % des femmes \u00e2g\u00e9es de plus de 15 ans au niveau mondial (soit 818 millions de femmes) souffrent de s\u00e9vices sexuels ou de violences physiques \u00e0 leur domicile, au sein de leurs communaut\u00e9s ou sur leurs lieux de travail.<\/p><p>La violence \u00e0 l&rsquo;\u00e9gard des femmes sur le lieu de travail porte atteinte \u00e0 leur participation au march\u00e9 du travail et peut les emp\u00eacher d&rsquo;occuper des emplois dans des secteurs domin\u00e9s par les hommes.<\/p><p>La nouvelle convention doit mettre en \u00e9vidence la n\u00e9cessit\u00e9 de lutter contre les causes sous-jacentes et les facteurs de risque de la violence dirig\u00e9e contre les femmes, y compris les rapports de force in\u00e9gaux fond\u00e9s sur le genre, les nombreuses formes de discrimination&nbsp; s&rsquo;interp\u00e9n\u00e9trant et les st\u00e9r\u00e9otypes sexistes.<\/p><ol><li value=\"3\"><strong>Nous avons besoin d&rsquo;une<\/strong> <strong>convention qui lutte contre toutes les formes de violence ET le harc\u00e8lement<\/strong><\/li><\/ol><p>Nous voulons une convention qui s&rsquo;attaque \u00e0 tous les types de &laquo;&nbsp;violence et de harc\u00e8lement&nbsp;&raquo;, y compris les brimades et le harc\u00e8lement psychologique.<\/p><p>Une norme de l&rsquo;OIT est l&rsquo;occasion de convenir, pour la premi\u00e8re fois, d&rsquo;une d\u00e9finition internationale de la violence et du harc\u00e8lement dans le monde du travail, y compris le harc\u00e8lement sexuel.<\/p><ol><li value=\"4\"><strong>Tous les travailleurs, y compris les travailleurs pr\u00e9caires<\/strong> <strong>devraient \u00eatre prot\u00e9g\u00e9s<\/strong> <strong>par la convention<\/strong><\/li><\/ol><p>La nouvelle convention doit englober tous les travailleurs, afin que nul ne soit laiss\u00e9 pour compte. Selon l&rsquo;OIT, les trois quarts des travailleurs dans le monde occupent des emplois informels, temporaires, ind\u00e9pendants ou non r\u00e9mun\u00e9r\u00e9s. Le monde du travail \u00e9volue vers un statut d&rsquo;emploi moins formel.<\/p><p>Bien que tous les travailleurs puissent \u00eatre victimes de violence et de harc\u00e8lement, certains sont plus vuln\u00e9rables que d&rsquo;autres. Plusieurs \u00e9tudes r\u00e9v\u00e8lent que les travailleurs temporaires et \u00e0 temps partiel, ainsi que ceux occupant des emplois pr\u00e9caires, courent davantage de risques que les travailleurs permanents \u00e0 temps plein de subir des violences et d&rsquo;\u00eatre victimes de harc\u00e8lement. Il existe un lien \u00e9vident entre la violence et la vuln\u00e9rabilit\u00e9 \u00e9conomique, la pauvret\u00e9 et les salaires peu \u00e9lev\u00e9s des femmes.<\/p><p>Il est essentiel que la nouvelle convention adopte une d\u00e9finition large des travailleurs, ind\u00e9pendamment de leur situation d&rsquo;emploi, et qui comprenne l&rsquo;\u00e9conomie informelle.<\/p><ol><li value=\"5\"><strong>La convention ne doit pas \u00eatre limit\u00e9e aux milieux de travail<\/strong> <strong>physiques <\/strong>&nbsp;<\/li><\/ol><p>La convention devrait non seulement porter sur le lieu de travail mais aussi sur les situations professionnelles, telles que les formations, les d\u00e9placements professionnels ou pour se rendre au travail, les moyens de transport fournis par l&rsquo;entreprise et les activit\u00e9s sociales. Selon une \u00e9tude du Congr\u00e8s syndical (TUC-Trade Union Congress) r\u00e9alis\u00e9e en 2016, une minorit\u00e9 importante de femmes (14 %) ont indiqu\u00e9 que le harc\u00e8lement avait eu lieu lors d&rsquo;un \u00e9v\u00e9nement social li\u00e9 au travail, comme la f\u00eate de No\u00ebl.<\/p><p>Un rapport d&rsquo;ACTRAV montre que les risques pour les travailleuses sont accrus dans les emplois o\u00f9 les cha\u00eenes d&rsquo;approvisionnement mondiales, notamment dans les secteurs de l&rsquo;habillement et de l&rsquo;\u00e9lectronique, sont impliqu\u00e9es en raison de la pression d&rsquo;honorer les commandes, des longues heures de travail et de la n\u00e9cessit\u00e9 de se d\u00e9placer tard dans la nuit. Les jeunes femmes qui travaillent dans les zones franches \u00e9conomiques sont particuli\u00e8rement vuln\u00e9rables \u00e0 la violence et aux atteintes sexuelles dans les usines, les locaux des entreprises ou sur le chemin de leur travail.<\/p><p>Des recherches effectu\u00e9es dans les mines sud-africaines d\u00e9voilent que les femmes qui travaillent dans les \u00e9quipes du soir et du matin tr\u00e8s t\u00f4t ont davantage de risques d&rsquo;\u00eatre agress\u00e9es lorsqu&rsquo;elles se rendent \u00e0 la mine ou attendent l&rsquo;autobus seules le soir.<\/p><ol><li value=\"6\"><strong>La convention devrait tenir compte de<\/strong> <strong>l&rsquo;impact de la<\/strong> <strong>violence domestique<\/strong><\/li><\/ol><p>Les deux tiers des femmes du monde entier qui subissent la violence de la part de leur partenaire intime occupent un emploi. Cette violence et les efforts pour y \u00e9chapper affectent la vie des travailleuses. Le manque ou l&rsquo;absence d&rsquo;ind\u00e9pendance \u00e9conomique peut \u00e9galement maintenir les femmes enferm\u00e9es dans des relations marqu\u00e9es par la violence.<\/p><p>La nouvelle convention doit tenir compte du fait que le lieu de travail puisse r\u00e9duire les cons\u00e9quences de la violence domestique. Le soutien qui pourrait \u00eatre apport\u00e9 \u00e0 une femme pour conserver son emploi pourrait lui permettre de sortir d&rsquo;une relation violente o\u00f9 elle reste coinc\u00e9e pour des raisons financi\u00e8res.<\/p><ol><li value=\"7\"><strong>La convention devrait fournir un cadre de responsabilit\u00e9 solide<\/strong><\/li><\/ol><p>La convention devrait fournir un cadre aux gouvernements, aux employeurs, aux entreprises et aux syndicats pour lutter contre la violence et le harc\u00e8lement sur le lieu de travail.<\/p><p>Alors que la convention devrait s&rsquo;adresser aux gouvernements, la responsabilit\u00e9 premi\u00e8re de cr\u00e9er un environnement de travail d\u00e9nu\u00e9 de harc\u00e8lement et de violence \u00e9choit aux employeurs. Ceux-ci devraient supporter la responsabilit\u00e9 de mettre en place, en consultation avec les syndicats, des politiques relatives au milieu du travail incluant des mesures de pr\u00e9vention, des proc\u00e9dures transparentes et confidentielles de traitement des plaintes, des peines \u00e0 l&rsquo;encontre des coupables, des information pour s&rsquo;assurer que les travailleurs comprennent les politiques et les proc\u00e9dures en place, et un soutien aux victimes de la violence et du harc\u00e8lement sur le lieu de travail.<\/p><p>IndustriALL encourage nos affili\u00e9s et leurs centres nationaux \u00e0 utiliser cette Journ\u00e9e internationale des femmes pour agir \u00e0 l&rsquo;appui d&rsquo;une convention de l&rsquo;OIT sur la violence fond\u00e9e sur le genre dans le monde du travail.<\/p><\/div>","protected":false},"featured_media":0,"template":"","issues":[397],"companies":[],"regions":[],"sectors":[],"article_tags":[512,1701,513],"class_list":["post-147998","article","type-article","status-publish","hentry","issues-women","article_tags-international-womens-day","article_tags-international-womens-day-fr","article_tags-labour-laws"],"acf":[],"yoast_head":"<!-- This site is optimized with the Yoast SEO Premium plugin v27.1 (Yoast SEO v27.1) - https:\/\/yoast.com\/product\/yoast-seo-premium-wordpress\/ -->\n<title>IndustriALL plaide en faveur d\u2019une convention forte de l\u2019OIT sur la lutte contre la violence fond\u00e9e sur le genre - industriall-union<\/title>\n<meta name=\"description\" content=\"Le deuxi\u00e8me d\u00e9bat de l&rsquo;OIT sur la violence et le harc\u00e8lement dans le monde du travail se tiendra en juin 2019, \u00e0 la Conf\u00e9rence internationale du\" \/>\n<meta name=\"robots\" content=\"index, follow, max-snippet:-1, max-image-preview:large, max-video-preview:-1\" \/>\n<link rel=\"canonical\" href=\"https:\/\/admin.industriall-union.org\/fr\/industriall-plaide-en-faveur-d-une-convention-forte-de-l-oit-sur-la-lutte-contre-la-violence-fondee-sur-le-genre\/\" \/>\n<meta property=\"og:locale\" content=\"fr_FR\" \/>\n<meta property=\"og:type\" content=\"article\" \/>\n<meta property=\"og:title\" content=\"IndustriALL plaide en faveur d\u2019une convention forte de l\u2019OIT sur la lutte contre la violence fond\u00e9e sur le genre\" \/>\n<meta property=\"og:description\" content=\"Le deuxi\u00e8me d\u00e9bat de l&rsquo;OIT sur la violence et le harc\u00e8lement dans le monde du travail se tiendra en juin 2019, \u00e0 la Conf\u00e9rence internationale du\" \/>\n<meta property=\"og:url\" content=\"https:\/\/admin.industriall-union.org\/fr\/industriall-plaide-en-faveur-d-une-convention-forte-de-l-oit-sur-la-lutte-contre-la-violence-fondee-sur-le-genre\/\" \/>\n<meta property=\"og:site_name\" content=\"industriall-union\" \/>\n<meta property=\"article:modified_time\" content=\"2025-02-03T20:13:07+00:00\" \/>\n<meta name=\"twitter:card\" content=\"summary_large_image\" \/>\n<meta name=\"twitter:label1\" content=\"Est. reading time\" \/>\n\t<meta name=\"twitter:data1\" content=\"6 minutes\" \/>\n<script type=\"application\/ld+json\" class=\"yoast-schema-graph\">{\"@context\":\"https:\/\/schema.org\",\"@graph\":[{\"@type\":\"WebPage\",\"@id\":\"https:\/\/admin.industriall-union.org\/fr\/industriall-plaide-en-faveur-d-une-convention-forte-de-l-oit-sur-la-lutte-contre-la-violence-fondee-sur-le-genre\/\",\"url\":\"https:\/\/admin.industriall-union.org\/fr\/industriall-plaide-en-faveur-d-une-convention-forte-de-l-oit-sur-la-lutte-contre-la-violence-fondee-sur-le-genre\/\",\"name\":\"IndustriALL plaide en faveur d\u2019une convention forte de l\u2019OIT sur la lutte contre la violence fond\u00e9e sur le genre - industriall-union\",\"isPartOf\":{\"@id\":\"https:\/\/admin.industriall-union.org\/#website\"},\"datePublished\":\"2019-03-07T15:18:02+00:00\",\"dateModified\":\"2025-02-03T20:13:07+00:00\",\"description\":\"Le deuxi\u00e8me d\u00e9bat de l&rsquo;OIT sur la violence et le harc\u00e8lement dans le monde du travail se tiendra en juin 2019, \u00e0 la Conf\u00e9rence internationale du\",\"breadcrumb\":{\"@id\":\"https:\/\/admin.industriall-union.org\/fr\/industriall-plaide-en-faveur-d-une-convention-forte-de-l-oit-sur-la-lutte-contre-la-violence-fondee-sur-le-genre\/#breadcrumb\"},\"inLanguage\":\"fr-FR\",\"potentialAction\":[{\"@type\":\"ReadAction\",\"target\":[\"https:\/\/admin.industriall-union.org\/fr\/industriall-plaide-en-faveur-d-une-convention-forte-de-l-oit-sur-la-lutte-contre-la-violence-fondee-sur-le-genre\/\"]}]},{\"@type\":\"BreadcrumbList\",\"@id\":\"https:\/\/admin.industriall-union.org\/fr\/industriall-plaide-en-faveur-d-une-convention-forte-de-l-oit-sur-la-lutte-contre-la-violence-fondee-sur-le-genre\/#breadcrumb\",\"itemListElement\":[{\"@type\":\"ListItem\",\"position\":1,\"name\":\"Home\",\"item\":\"https:\/\/admin.industriall-union.org\/\"},{\"@type\":\"ListItem\",\"position\":2,\"name\":\"Articles\",\"item\":\"https:\/\/admin.industriall-union.org\/article\/\"},{\"@type\":\"ListItem\",\"position\":3,\"name\":\"IndustriALL plaide en faveur d\u2019une convention forte de l\u2019OIT sur la lutte contre la violence fond\u00e9e sur le genre\"}]},{\"@type\":\"WebSite\",\"@id\":\"https:\/\/admin.industriall-union.org\/#website\",\"url\":\"https:\/\/admin.industriall-union.org\/\",\"name\":\"industriall-union\",\"description\":\"\",\"potentialAction\":[{\"@type\":\"SearchAction\",\"target\":{\"@type\":\"EntryPoint\",\"urlTemplate\":\"https:\/\/admin.industriall-union.org\/?s={search_term_string}\"},\"query-input\":{\"@type\":\"PropertyValueSpecification\",\"valueRequired\":true,\"valueName\":\"search_term_string\"}}],\"inLanguage\":\"fr-FR\"}]}<\/script>\n<!-- \/ Yoast SEO Premium plugin. -->","yoast_head_json":{"title":"IndustriALL plaide en faveur d\u2019une convention forte de l\u2019OIT sur la lutte contre la violence fond\u00e9e sur le genre - industriall-union","description":"Le deuxi\u00e8me d\u00e9bat de l&rsquo;OIT sur la violence et le harc\u00e8lement dans le monde du travail se tiendra en juin 2019, \u00e0 la Conf\u00e9rence internationale du","robots":{"index":"index","follow":"follow","max-snippet":"max-snippet:-1","max-image-preview":"max-image-preview:large","max-video-preview":"max-video-preview:-1"},"canonical":"https:\/\/admin.industriall-union.org\/fr\/industriall-plaide-en-faveur-d-une-convention-forte-de-l-oit-sur-la-lutte-contre-la-violence-fondee-sur-le-genre\/","og_locale":"fr_FR","og_type":"article","og_title":"IndustriALL plaide en faveur d\u2019une convention forte de l\u2019OIT sur la lutte contre la violence fond\u00e9e sur le genre","og_description":"Le deuxi\u00e8me d\u00e9bat de l&rsquo;OIT sur la violence et le harc\u00e8lement dans le monde du travail se tiendra en juin 2019, \u00e0 la Conf\u00e9rence internationale du","og_url":"https:\/\/admin.industriall-union.org\/fr\/industriall-plaide-en-faveur-d-une-convention-forte-de-l-oit-sur-la-lutte-contre-la-violence-fondee-sur-le-genre\/","og_site_name":"industriall-union","article_modified_time":"2025-02-03T20:13:07+00:00","twitter_card":"summary_large_image","twitter_misc":{"Est. reading time":"6 minutes"},"schema":{"@context":"https:\/\/schema.org","@graph":[{"@type":"WebPage","@id":"https:\/\/admin.industriall-union.org\/fr\/industriall-plaide-en-faveur-d-une-convention-forte-de-l-oit-sur-la-lutte-contre-la-violence-fondee-sur-le-genre\/","url":"https:\/\/admin.industriall-union.org\/fr\/industriall-plaide-en-faveur-d-une-convention-forte-de-l-oit-sur-la-lutte-contre-la-violence-fondee-sur-le-genre\/","name":"IndustriALL plaide en faveur d\u2019une convention forte de l\u2019OIT sur la lutte contre la violence fond\u00e9e sur le genre - industriall-union","isPartOf":{"@id":"https:\/\/admin.industriall-union.org\/#website"},"datePublished":"2019-03-07T15:18:02+00:00","dateModified":"2025-02-03T20:13:07+00:00","description":"Le deuxi\u00e8me d\u00e9bat de l&rsquo;OIT sur la violence et le harc\u00e8lement dans le monde du travail se tiendra en juin 2019, \u00e0 la Conf\u00e9rence internationale du","breadcrumb":{"@id":"https:\/\/admin.industriall-union.org\/fr\/industriall-plaide-en-faveur-d-une-convention-forte-de-l-oit-sur-la-lutte-contre-la-violence-fondee-sur-le-genre\/#breadcrumb"},"inLanguage":"fr-FR","potentialAction":[{"@type":"ReadAction","target":["https:\/\/admin.industriall-union.org\/fr\/industriall-plaide-en-faveur-d-une-convention-forte-de-l-oit-sur-la-lutte-contre-la-violence-fondee-sur-le-genre\/"]}]},{"@type":"BreadcrumbList","@id":"https:\/\/admin.industriall-union.org\/fr\/industriall-plaide-en-faveur-d-une-convention-forte-de-l-oit-sur-la-lutte-contre-la-violence-fondee-sur-le-genre\/#breadcrumb","itemListElement":[{"@type":"ListItem","position":1,"name":"Home","item":"https:\/\/admin.industriall-union.org\/"},{"@type":"ListItem","position":2,"name":"Articles","item":"https:\/\/admin.industriall-union.org\/article\/"},{"@type":"ListItem","position":3,"name":"IndustriALL plaide en faveur d\u2019une convention forte de l\u2019OIT sur la lutte contre la violence fond\u00e9e sur le genre"}]},{"@type":"WebSite","@id":"https:\/\/admin.industriall-union.org\/#website","url":"https:\/\/admin.industriall-union.org\/","name":"industriall-union","description":"","potentialAction":[{"@type":"SearchAction","target":{"@type":"EntryPoint","urlTemplate":"https:\/\/admin.industriall-union.org\/?s={search_term_string}"},"query-input":{"@type":"PropertyValueSpecification","valueRequired":true,"valueName":"search_term_string"}}],"inLanguage":"fr-FR"}]}},"_links":{"self":[{"href":"https:\/\/admin.industriall-union.org\/fr\/wp-json\/wp\/v2\/article\/147998","targetHints":{"allow":["GET"]}}],"collection":[{"href":"https:\/\/admin.industriall-union.org\/fr\/wp-json\/wp\/v2\/article"}],"about":[{"href":"https:\/\/admin.industriall-union.org\/fr\/wp-json\/wp\/v2\/types\/article"}],"wp:attachment":[{"href":"https:\/\/admin.industriall-union.org\/fr\/wp-json\/wp\/v2\/media?parent=147998"}],"wp:term":[{"taxonomy":"issues","embeddable":true,"href":"https:\/\/admin.industriall-union.org\/fr\/wp-json\/wp\/v2\/issues?post=147998"},{"taxonomy":"companies","embeddable":true,"href":"https:\/\/admin.industriall-union.org\/fr\/wp-json\/wp\/v2\/companies?post=147998"},{"taxonomy":"regions","embeddable":true,"href":"https:\/\/admin.industriall-union.org\/fr\/wp-json\/wp\/v2\/regions?post=147998"},{"taxonomy":"sectors","embeddable":true,"href":"https:\/\/admin.industriall-union.org\/fr\/wp-json\/wp\/v2\/sectors?post=147998"},{"taxonomy":"article_tags","embeddable":true,"href":"https:\/\/admin.industriall-union.org\/fr\/wp-json\/wp\/v2\/article_tags?post=147998"}],"curies":[{"name":"wp","href":"https:\/\/api.w.org\/{rel}","templated":true}]}}