{"id":147934,"date":"2019-04-17T13:53:18","date_gmt":"2019-04-17T13:53:18","guid":{"rendered":"https:\/\/admin.industriall-union.org\/dechets-electriques-et-electroniques-il-est-temps-d-agir-pour-assurer-des-conditions-de-travail-decent\/"},"modified":"2025-02-03T18:51:00","modified_gmt":"2025-02-03T18:51:00","slug":"dechets-electriques-et-electroniques-il-est-temps-d-agir-pour-assurer-des-conditions-de-travail-decent","status":"publish","type":"article","link":"https:\/\/admin.industriall-union.org\/fr\/dechets-electriques-et-electroniques-il-est-temps-d-agir-pour-assurer-des-conditions-de-travail-decent\/","title":{"rendered":"D\u00e9chets \u00e9lectriques et \u00e9lectroniques: il est temps d\u2019agir pour assurer des conditions de travail d\u00e9cent"},"content":{"rendered":"<p><u><em>Cette vid\u00e9o de l&rsquo;Association des travailleuses non salari\u00e9es en Inde montre les r\u00e9alit\u00e9s du traitement des d\u00e9chets \u00e9lectroniques<\/em><\/u><\/p><p><iframe loading=\"lazy\" title=\"E-waste recyclers In Bhavnagar, India\" width=\"500\" height=\"281\" src=\"https:\/\/www.youtube.com\/embed\/V2fU2QKljYs?feature=oembed\" frameborder=\"0\" allow=\"accelerometer; autoplay; clipboard-write; encrypted-media; gyroscope; picture-in-picture; web-share\" referrerpolicy=\"strict-origin-when-cross-origin\" allowfullscreen><\/iframe><\/p><p>Le Forum de dialogue mondial sur le travail d\u00e9cent dans la gestion des d\u00e9chets \u00e9lectriques et \u00e9lectroniques s&rsquo;est tenu du 9 au 11 avril 2019. L&rsquo;objet du forum est d&rsquo;examiner des questions d&rsquo;actualit\u00e9 et des questions nouvelles en lien avec la promotion du travail d\u00e9cent dans la gestion des d\u00e9chets \u00e9lectriques et \u00e9lectroniques, l&rsquo;objectif \u00e9tant d&rsquo;adopter des points de consensus, y compris des recommandations en vue d&rsquo;une action future de l&rsquo;Organisation internationale du travail (OIT) et de ses membres.<\/p><p><br \/>IndustriALL Global Union, sous l&rsquo;\u00e9gide de la Conf\u00e9d\u00e9ration syndicale internationale, a coordonn\u00e9 la participation des experts syndicaux issus des six pays suivants: Danemark, Inde, Japon, Royaume-Uni, Russie et Su\u00e8de.<\/p><p><br \/>L&rsquo;industrie des d\u00e9chets \u00e9lectriques et \u00e9lectroniques est le lieu o\u00f9 afflux la part la plus importante et grandissante des d\u00e9chets. Ces d\u00e9chets sont dangereux, complexes et co\u00fbteux \u00e0 traiter d&rsquo;une mani\u00e8re qui soit respectueuse de l&rsquo;environnement. En outre, la l\u00e9gislation de nombreux pays dans ce domaine est g\u00e9n\u00e9ralement d\u00e9ficiente tout comme son application. La majorit\u00e9 du traitement des d\u00e9chets \u00e9lectriques et \u00e9lectroniques dans les pays en d\u00e9veloppement se d\u00e9roule dans l&rsquo;\u00e9conomie informelle. Dans ces conditions, divers probl\u00e8mes auxquels sont confront\u00e9s les travailleurs dans ce secteur, comme la violation de leurs droits fondamentaux, le travail des enfants, la pr\u00e9carit\u00e9 des conditions de travail et les n\u00e9gligences \u00e0 l&rsquo;\u00e9gard de la sant\u00e9 et de la s\u00e9curit\u00e9, ont \u00e9t\u00e9 signal\u00e9s \u00e0 IndustriALL, en particulier dans les pays en d\u00e9veloppement.<\/p><p><br \/>Les cha\u00eenes d&rsquo;approvisionnement qui fournissent l&rsquo;industrie des technologies de l&rsquo;information et de la communication (TIC), de l&rsquo;\u00e9lectricit\u00e9 et de l&rsquo;\u00e9lectronique deviennent plus longues et plus complexes au fur et \u00e0 mesure que la technologie p\u00e9n\u00e8tre tous les domaines de notre vie, et cette technologie continuera \u00e0 dynamiser l&rsquo;industrie des d\u00e9chets \u00e9lectriques et \u00e9lectroniques. Tous les intervenants dans les cha\u00eenes d&rsquo;approvisionnement ont la responsabilit\u00e9 de fournir des emplois s\u00fbrs, sains, propres et durables, et les travailleurs ont le droit d&rsquo;attendre ce type d&rsquo;emplois. Lors du Forum, les questions et les d\u00e9fis des personnes travaillant dans le secteur des d\u00e9chets \u00e9lectriques et \u00e9lectroniques portaient surtout sur l&rsquo;\u00e9conomie circulaire et les fa\u00e7ons de promouvoir le travail d\u00e9cent dans l&rsquo;industrie.<\/p><figure class=\"imageArticle imageFull colorOverlay\"><img decoding=\"async\" alt=\"\" src=\"\/wp-content\/uploads\/images\/2019\/SWITZERLAND\/EWaste\/screen_shot_2019-04-17_at_16.01.22.png\" style=\"width: 3598px;height: 1828px\" \/><figcaption class=\"imageContent\"><div class=\"imageTitle\"><h1>&laquo; Les travailleurs qui manipulent les d\u00e9chets ne sont pas \u00e0 m\u00eame de faire entendre leur voix et n&rsquo;ont aucun pouvoir de n\u00e9gociation &raquo;<\/h1><\/div><div class=\"imageCaption\"><p>James Towers, vice-pr\u00e9sident du groupe des travailleurs<\/p><\/div><\/figcaption><\/figure><p>&laquo; Les travailleurs qui manipulent les d\u00e9chets \u00e9lectriques et \u00e9lectroniques ne sont pas \u00e0 m\u00eame de faire entendre leur voix et n&rsquo;ont aucun pouvoir de n\u00e9gociation, alors que leur t\u00e2che consiste \u00e0 d\u00e9truire des mat\u00e9riaux dangereux avec leurs mains. En outre, ces travailleurs n&rsquo;ont pas conscience des nombreux risques li\u00e9s \u00e0 la manipulation des d\u00e9chets \u00e9lectriques et \u00e9lectroniques &raquo;, a expliqu\u00e9 James Towers, vice-pr\u00e9sident du groupe des travailleurs.<\/p><blockquote><p><br \/>&laquo; Nous, les travailleurs, voulons un avenir professionnel assorti de bonnes pratiques de travail ainsi qu&rsquo;une transition juste pour les travailleurs des d\u00e9chets \u00e9lectriques et \u00e9lectroniques &raquo;.<\/p><\/blockquote><p>Kan Matsuzaki, directeur d&rsquo;IndustriALL charg\u00e9 du secteur des technologies de l&rsquo;information et de la communication (TIC), de l&rsquo;\u00e9lectricit\u00e9 et de l&rsquo;\u00e9lectronique, a d\u00e9clar\u00e9:<\/p><blockquote><p><br \/>&laquo; C&rsquo;est la premi\u00e8re r\u00e9union au cours de laquelle les gouvernements, les employeurs et les travailleurs ont \u00e9chang\u00e9 en profondeur sur des questions et des d\u00e9fis en lien avec les d\u00e9chets \u00e9lectriques et \u00e9lectroniques, et sont parvenus de mani\u00e8re s\u00e9rieuse et constructive \u00e0 \u00e9laborer des projets de points de consensus portant sur les pr\u00e9occupations des travailleurs. Il s&rsquo;agit d&rsquo;une \u00e9tape importante vers un avenir durable. Il est temps d&rsquo;agir pour assurer des conditions de travail d\u00e9cent \u00e0 tous les travailleurs des d\u00e9chets \u00e9lectriques et \u00e9lectroniques! &raquo;.<\/p><\/blockquote><p><strong>Documents (en anglais)<\/strong><\/p><ul><li><a href=\"https:\/\/www.ilo.org\/wcmsp5\/groups\/public\/---ed_dialogue\/---sector\/documents\/meetingdocument\/wcms_685681.pdf\">Draft points of consensus<\/a><\/li><li><a href=\"https:\/\/www.ilo.org\/sector\/news\/WCMS_685561\/lang--en\/index.htm\">ILO&rsquo;s first ever meeting on e-waste adopts Points of Consensus to promote decent work in the sector<\/a><\/li><\/ul>","protected":false},"featured_media":0,"template":"","issues":[],"companies":[],"regions":[202,248],"sectors":[490],"article_tags":[],"class_list":["post-147934","article","type-article","status-publish","hentry","regions-europe","regions-switzerland","sectors-ict-electrical-and-electronics"],"acf":[],"yoast_head":"<!-- This site is optimized with the Yoast SEO Premium plugin v27.1 (Yoast SEO v27.1) - https:\/\/yoast.com\/product\/yoast-seo-premium-wordpress\/ -->\n<title>D\u00e9chets \u00e9lectriques et \u00e9lectroniques: il est temps d\u2019agir pour assurer des conditions de travail d\u00e9cent - industriall-union<\/title>\n<meta name=\"description\" content=\"Cette vid\u00e9o de l&rsquo;Association des travailleuses non salari\u00e9es en Inde montre les r\u00e9alit\u00e9s du traitement des d\u00e9chets\" \/>\n<meta name=\"robots\" content=\"index, follow, max-snippet:-1, max-image-preview:large, max-video-preview:-1\" \/>\n<link rel=\"canonical\" href=\"https:\/\/admin.industriall-union.org\/fr\/dechets-electriques-et-electroniques-il-est-temps-d-agir-pour-assurer-des-conditions-de-travail-decent\/\" \/>\n<meta property=\"og:locale\" content=\"fr_FR\" \/>\n<meta property=\"og:type\" content=\"article\" \/>\n<meta property=\"og:title\" content=\"D\u00e9chets \u00e9lectriques et \u00e9lectroniques: il est temps d\u2019agir pour assurer des conditions de travail d\u00e9cent\" \/>\n<meta property=\"og:description\" content=\"Cette vid\u00e9o de l&rsquo;Association des travailleuses non salari\u00e9es en Inde montre les r\u00e9alit\u00e9s du traitement des d\u00e9chets\" \/>\n<meta property=\"og:url\" content=\"https:\/\/admin.industriall-union.org\/fr\/dechets-electriques-et-electroniques-il-est-temps-d-agir-pour-assurer-des-conditions-de-travail-decent\/\" \/>\n<meta property=\"og:site_name\" content=\"industriall-union\" \/>\n<meta property=\"article:modified_time\" content=\"2025-02-03T18:51:00+00:00\" \/>\n<meta name=\"twitter:card\" content=\"summary_large_image\" \/>\n<meta name=\"twitter:label1\" content=\"Est. reading time\" \/>\n\t<meta name=\"twitter:data1\" content=\"4 minutes\" \/>\n<script type=\"application\/ld+json\" class=\"yoast-schema-graph\">{\"@context\":\"https:\/\/schema.org\",\"@graph\":[{\"@type\":\"WebPage\",\"@id\":\"https:\/\/admin.industriall-union.org\/fr\/dechets-electriques-et-electroniques-il-est-temps-d-agir-pour-assurer-des-conditions-de-travail-decent\/\",\"url\":\"https:\/\/admin.industriall-union.org\/fr\/dechets-electriques-et-electroniques-il-est-temps-d-agir-pour-assurer-des-conditions-de-travail-decent\/\",\"name\":\"D\u00e9chets \u00e9lectriques et \u00e9lectroniques: il est temps d\u2019agir pour assurer des conditions de travail d\u00e9cent - industriall-union\",\"isPartOf\":{\"@id\":\"https:\/\/admin.industriall-union.org\/#website\"},\"datePublished\":\"2019-04-17T13:53:18+00:00\",\"dateModified\":\"2025-02-03T18:51:00+00:00\",\"description\":\"Cette vid\u00e9o de l&rsquo;Association des travailleuses non salari\u00e9es en Inde montre les r\u00e9alit\u00e9s du traitement des d\u00e9chets\",\"breadcrumb\":{\"@id\":\"https:\/\/admin.industriall-union.org\/fr\/dechets-electriques-et-electroniques-il-est-temps-d-agir-pour-assurer-des-conditions-de-travail-decent\/#breadcrumb\"},\"inLanguage\":\"fr-FR\",\"potentialAction\":[{\"@type\":\"ReadAction\",\"target\":[\"https:\/\/admin.industriall-union.org\/fr\/dechets-electriques-et-electroniques-il-est-temps-d-agir-pour-assurer-des-conditions-de-travail-decent\/\"]}]},{\"@type\":\"BreadcrumbList\",\"@id\":\"https:\/\/admin.industriall-union.org\/fr\/dechets-electriques-et-electroniques-il-est-temps-d-agir-pour-assurer-des-conditions-de-travail-decent\/#breadcrumb\",\"itemListElement\":[{\"@type\":\"ListItem\",\"position\":1,\"name\":\"Home\",\"item\":\"https:\/\/admin.industriall-union.org\/\"},{\"@type\":\"ListItem\",\"position\":2,\"name\":\"Articles\",\"item\":\"https:\/\/admin.industriall-union.org\/article\/\"},{\"@type\":\"ListItem\",\"position\":3,\"name\":\"D\u00e9chets \u00e9lectriques et \u00e9lectroniques: il est temps d\u2019agir pour assurer des conditions de travail d\u00e9cent\"}]},{\"@type\":\"WebSite\",\"@id\":\"https:\/\/admin.industriall-union.org\/#website\",\"url\":\"https:\/\/admin.industriall-union.org\/\",\"name\":\"industriall-union\",\"description\":\"\",\"potentialAction\":[{\"@type\":\"SearchAction\",\"target\":{\"@type\":\"EntryPoint\",\"urlTemplate\":\"https:\/\/admin.industriall-union.org\/?s={search_term_string}\"},\"query-input\":{\"@type\":\"PropertyValueSpecification\",\"valueRequired\":true,\"valueName\":\"search_term_string\"}}],\"inLanguage\":\"fr-FR\"}]}<\/script>\n<!-- \/ Yoast SEO Premium plugin. -->","yoast_head_json":{"title":"D\u00e9chets \u00e9lectriques et \u00e9lectroniques: il est temps d\u2019agir pour assurer des conditions de travail d\u00e9cent - industriall-union","description":"Cette vid\u00e9o de l&rsquo;Association des travailleuses non salari\u00e9es en Inde montre les r\u00e9alit\u00e9s du traitement des d\u00e9chets","robots":{"index":"index","follow":"follow","max-snippet":"max-snippet:-1","max-image-preview":"max-image-preview:large","max-video-preview":"max-video-preview:-1"},"canonical":"https:\/\/admin.industriall-union.org\/fr\/dechets-electriques-et-electroniques-il-est-temps-d-agir-pour-assurer-des-conditions-de-travail-decent\/","og_locale":"fr_FR","og_type":"article","og_title":"D\u00e9chets \u00e9lectriques et \u00e9lectroniques: il est temps d\u2019agir pour assurer des conditions de travail d\u00e9cent","og_description":"Cette vid\u00e9o de l&rsquo;Association des travailleuses non salari\u00e9es en Inde montre les r\u00e9alit\u00e9s du traitement des d\u00e9chets","og_url":"https:\/\/admin.industriall-union.org\/fr\/dechets-electriques-et-electroniques-il-est-temps-d-agir-pour-assurer-des-conditions-de-travail-decent\/","og_site_name":"industriall-union","article_modified_time":"2025-02-03T18:51:00+00:00","twitter_card":"summary_large_image","twitter_misc":{"Est. reading time":"4 minutes"},"schema":{"@context":"https:\/\/schema.org","@graph":[{"@type":"WebPage","@id":"https:\/\/admin.industriall-union.org\/fr\/dechets-electriques-et-electroniques-il-est-temps-d-agir-pour-assurer-des-conditions-de-travail-decent\/","url":"https:\/\/admin.industriall-union.org\/fr\/dechets-electriques-et-electroniques-il-est-temps-d-agir-pour-assurer-des-conditions-de-travail-decent\/","name":"D\u00e9chets \u00e9lectriques et \u00e9lectroniques: il est temps d\u2019agir pour assurer des conditions de travail d\u00e9cent - industriall-union","isPartOf":{"@id":"https:\/\/admin.industriall-union.org\/#website"},"datePublished":"2019-04-17T13:53:18+00:00","dateModified":"2025-02-03T18:51:00+00:00","description":"Cette vid\u00e9o de l&rsquo;Association des travailleuses non salari\u00e9es en Inde montre les r\u00e9alit\u00e9s du traitement des d\u00e9chets","breadcrumb":{"@id":"https:\/\/admin.industriall-union.org\/fr\/dechets-electriques-et-electroniques-il-est-temps-d-agir-pour-assurer-des-conditions-de-travail-decent\/#breadcrumb"},"inLanguage":"fr-FR","potentialAction":[{"@type":"ReadAction","target":["https:\/\/admin.industriall-union.org\/fr\/dechets-electriques-et-electroniques-il-est-temps-d-agir-pour-assurer-des-conditions-de-travail-decent\/"]}]},{"@type":"BreadcrumbList","@id":"https:\/\/admin.industriall-union.org\/fr\/dechets-electriques-et-electroniques-il-est-temps-d-agir-pour-assurer-des-conditions-de-travail-decent\/#breadcrumb","itemListElement":[{"@type":"ListItem","position":1,"name":"Home","item":"https:\/\/admin.industriall-union.org\/"},{"@type":"ListItem","position":2,"name":"Articles","item":"https:\/\/admin.industriall-union.org\/article\/"},{"@type":"ListItem","position":3,"name":"D\u00e9chets \u00e9lectriques et \u00e9lectroniques: il est temps d\u2019agir pour assurer des conditions de travail d\u00e9cent"}]},{"@type":"WebSite","@id":"https:\/\/admin.industriall-union.org\/#website","url":"https:\/\/admin.industriall-union.org\/","name":"industriall-union","description":"","potentialAction":[{"@type":"SearchAction","target":{"@type":"EntryPoint","urlTemplate":"https:\/\/admin.industriall-union.org\/?s={search_term_string}"},"query-input":{"@type":"PropertyValueSpecification","valueRequired":true,"valueName":"search_term_string"}}],"inLanguage":"fr-FR"}]}},"_links":{"self":[{"href":"https:\/\/admin.industriall-union.org\/fr\/wp-json\/wp\/v2\/article\/147934","targetHints":{"allow":["GET"]}}],"collection":[{"href":"https:\/\/admin.industriall-union.org\/fr\/wp-json\/wp\/v2\/article"}],"about":[{"href":"https:\/\/admin.industriall-union.org\/fr\/wp-json\/wp\/v2\/types\/article"}],"wp:attachment":[{"href":"https:\/\/admin.industriall-union.org\/fr\/wp-json\/wp\/v2\/media?parent=147934"}],"wp:term":[{"taxonomy":"issues","embeddable":true,"href":"https:\/\/admin.industriall-union.org\/fr\/wp-json\/wp\/v2\/issues?post=147934"},{"taxonomy":"companies","embeddable":true,"href":"https:\/\/admin.industriall-union.org\/fr\/wp-json\/wp\/v2\/companies?post=147934"},{"taxonomy":"regions","embeddable":true,"href":"https:\/\/admin.industriall-union.org\/fr\/wp-json\/wp\/v2\/regions?post=147934"},{"taxonomy":"sectors","embeddable":true,"href":"https:\/\/admin.industriall-union.org\/fr\/wp-json\/wp\/v2\/sectors?post=147934"},{"taxonomy":"article_tags","embeddable":true,"href":"https:\/\/admin.industriall-union.org\/fr\/wp-json\/wp\/v2\/article_tags?post=147934"}],"curies":[{"name":"wp","href":"https:\/\/api.w.org\/{rel}","templated":true}]}}