{"id":147865,"date":"2019-05-16T09:38:30","date_gmt":"2019-05-16T09:38:30","guid":{"rendered":"https:\/\/admin.industriall-union.org\/27-mineurs-tues-depuis-le-1er-janvier-au-pakistan\/"},"modified":"2025-02-03T17:58:51","modified_gmt":"2025-02-03T17:58:51","slug":"27-mineurs-tues-depuis-le-1er-janvier-au-pakistan","status":"publish","type":"article","link":"https:\/\/admin.industriall-union.org\/fr\/27-mineurs-tues-depuis-le-1er-janvier-au-pakistan\/","title":{"rendered":"27 mineurs tu\u00e9s depuis le 1er janvier au Pakistan"},"content":{"rendered":"<p>Des relations des horribles accidents qui endeuillent les charbonnages pakistanais ne cessent d&#039;affluer. La plupart se sont produits dans la province du Baloutchistan, connue pour ses richesses min\u00e9rales, mais aussi dans celles de Khyber Pakhtunkhwa et du Sind. <a href=\"http:\/\/www.industriall-union.org\/new-year-brings-fresh-tragedy-for-pakistans-coal-miners\">2019 a d\u00e9but\u00e9 tragiquement<\/a> pour les mineurs, et la tendance se maintient.<\/p><p>2018 fut une des ann\u00e9es les plus meurtri\u00e8res pour les mineurs, 104 d&#039;entre eux ayant perdu la vie en tentant de la gagner. Entre 2010 et mai 2019, 414 mineurs au moins ont \u00e9t\u00e9 tu\u00e9s dans des accidents survenus dans des charbonnages. Ces chiffres sont ceux cit\u00e9s dans la presse mais, en r\u00e9alit\u00e9, ils pourraient \u00eatre beaucoup plus \u00e9lev\u00e9s.<\/p><p>Beaucoup d&#039;accidents sont caus\u00e9s par des coups de grisou qui provoquent des br\u00fblures mortelles et la mort par asphyxie des victimes. Souvent, ces explosions provoquent aussi un effondrement des galeries mini\u00e8res. Du fait de l&#039;absence totale de mesures de s\u00e9curit\u00e9, le sauvetage des victimes est presque toujours difficile.<\/p><p>Presque toutes les victimes de ces accidents sont des travailleurs pr\u00e9caires, forc\u00e9s de travailler dans des conditions dangereuses pour des salaires d\u00e9risoires. Ils n&#039;ont pas de contrat \u00e9crit et, en g\u00e9n\u00e9ral, il n&#039;existe pas de registre des pr\u00e9sences ou des horaires effectu\u00e9s. Ils ne re\u00e7oivent non plus aucune formation digne de ce nom.<\/p><p>Pour illustrer les m\u00e9thodes scandaleusement primitives utilis\u00e9es dans les charbonnages, on retiendra que les mineurs ont toujours recours \u00e0 des oiseaux en cage pour d\u00e9tecter la pr\u00e9sence de gaz d\u00e9l\u00e9t\u00e8res. Outre les accidents mortels, les mineurs sont expos\u00e9s \u00e0 des maladies professionnelles telles que l&#039;asthme, la pneumoconiose, la bronchite et autres affections pulmonaires.<\/p><p>Les m\u00e9canismes officiels charg\u00e9s de r\u00e9glementer et de contr\u00f4ler les mesures de s\u00e9curit\u00e9 dans les exploitations mini\u00e8res sont totalement d\u00e9faillants et leurs agents assistent en spectateurs muets \u00e0 ces trag\u00e9dies. Ils manquent aussi de personnel et ne peuvent compter sur des mesures de s\u00e9curit\u00e9 ad\u00e9quates pour mener \u00e0 bien les inspections.<\/p><p><a href=\"https:\/\/www.dawn.com\/news\/1433241\">En septembre 2018, la Cour supr\u00eame du Pakistan<\/a> a demand\u00e9 aux gouvernements des provinces du Baloutchistan et de Khyber Pakhtunkhwa de lui remettre un rapport en r\u00e9ponse \u00e0 une p\u00e9tition r\u00e9clamant l&#039;ouverture d&#039;une enqu\u00eate sur les d\u00e9c\u00e8s de mineurs et demandant de faire appliquer la l\u00e9gislation sur la s\u00e9curit\u00e9 mini\u00e8re. Or, aucune des deux provinces ne semble avoir r\u00e9agi. Il semble que la Commission nationale pakistanaise des droits de l&#039;homme ait aussi pris note de ces accidents, mais le gouvernement n&#039;a pris aucune mesure notable.<\/p><p>Kemal \u00d6zkan, le Secr\u00e9taire g\u00e9n\u00e9ral adjoint d&#039;IndustriALL, d\u00e9clare \u00e0 ce propos :<\/p><blockquote><p>&ldquo;IndustriALL et l&#039;ensemble du monde syndical sont scandalis\u00e9s par le carnage qui se poursuit impun\u00e9ment dans les mines pakistanaises. Nous ne pouvons l&#039;accepter. Le nouveau gouvernement, qui a promis un &quot;Nouveau Pakistan&quot;, doit agir sur-le-champ et mettre en \u0153uvre tous les moyens pour am\u00e9liorer la s\u00e9curit\u00e9 et arr\u00eater ces d\u00e9c\u00e8s dans les charbonnages. Il est imp\u00e9ratif que le gouvernement ratifie et applique sans retard la convention 176 de l&#039;OIT sur la s\u00e9curit\u00e9 et la sant\u00e9 dans les mines&quot;.<\/p><p>&ldquo;En mars 2018, IndustriALL et ses affili\u00e9s <a href=\"http:\/\/www.industriall-union.org\/industriall-launches-campaign-for-health-and-safety-in-pakistan-mines\">ont lanc\u00e9 une campagne pour la sant\u00e9 et la s\u00e9curit\u00e9 dans les mines<\/a>. Nous allons durcir notre campagne en 2019.&rdquo;<\/p><\/blockquote>","protected":false},"featured_media":0,"template":"","issues":[403],"companies":[],"regions":[155,182],"sectors":[495,494],"article_tags":[528],"class_list":["post-147865","article","type-article","status-publish","hentry","issues-convention-176-mine-safety","regions-asia-pacific","regions-pakistan","sectors-mining","sectors-mining-and-dgojp","article_tags-south-asia"],"acf":[],"yoast_head":"<!-- This site is optimized with the Yoast SEO Premium plugin v27.1 (Yoast SEO v27.1) - https:\/\/yoast.com\/product\/yoast-seo-premium-wordpress\/ -->\n<title>27 mineurs tu\u00e9s depuis le 1er janvier au Pakistan - industriall-union<\/title>\n<meta name=\"description\" content=\"Des relations des horribles accidents qui endeuillent les charbonnages pakistanais ne cessent d&#039;affluer. La plupart se sont produits dans la province\" \/>\n<meta name=\"robots\" content=\"index, follow, max-snippet:-1, max-image-preview:large, max-video-preview:-1\" \/>\n<link rel=\"canonical\" href=\"https:\/\/admin.industriall-union.org\/fr\/27-mineurs-tues-depuis-le-1er-janvier-au-pakistan\/\" \/>\n<meta property=\"og:locale\" content=\"fr_FR\" \/>\n<meta property=\"og:type\" content=\"article\" \/>\n<meta property=\"og:title\" content=\"27 mineurs tu\u00e9s depuis le 1er janvier au Pakistan\" \/>\n<meta property=\"og:description\" content=\"Des relations des horribles accidents qui endeuillent les charbonnages pakistanais ne cessent d&#039;affluer. La plupart se sont produits dans la province\" \/>\n<meta property=\"og:url\" content=\"https:\/\/admin.industriall-union.org\/fr\/27-mineurs-tues-depuis-le-1er-janvier-au-pakistan\/\" \/>\n<meta property=\"og:site_name\" content=\"industriall-union\" \/>\n<meta property=\"article:modified_time\" content=\"2025-02-03T17:58:51+00:00\" \/>\n<meta name=\"twitter:card\" content=\"summary_large_image\" \/>\n<meta name=\"twitter:label1\" content=\"Est. reading time\" \/>\n\t<meta name=\"twitter:data1\" content=\"3 minutes\" \/>\n<script type=\"application\/ld+json\" class=\"yoast-schema-graph\">{\"@context\":\"https:\/\/schema.org\",\"@graph\":[{\"@type\":\"WebPage\",\"@id\":\"https:\/\/admin.industriall-union.org\/fr\/27-mineurs-tues-depuis-le-1er-janvier-au-pakistan\/\",\"url\":\"https:\/\/admin.industriall-union.org\/fr\/27-mineurs-tues-depuis-le-1er-janvier-au-pakistan\/\",\"name\":\"27 mineurs tu\u00e9s depuis le 1er janvier au Pakistan - industriall-union\",\"isPartOf\":{\"@id\":\"https:\/\/admin.industriall-union.org\/#website\"},\"datePublished\":\"2019-05-16T09:38:30+00:00\",\"dateModified\":\"2025-02-03T17:58:51+00:00\",\"description\":\"Des relations des horribles accidents qui endeuillent les charbonnages pakistanais ne cessent d&#039;affluer. La plupart se sont produits dans la province\",\"breadcrumb\":{\"@id\":\"https:\/\/admin.industriall-union.org\/fr\/27-mineurs-tues-depuis-le-1er-janvier-au-pakistan\/#breadcrumb\"},\"inLanguage\":\"fr-FR\",\"potentialAction\":[{\"@type\":\"ReadAction\",\"target\":[\"https:\/\/admin.industriall-union.org\/fr\/27-mineurs-tues-depuis-le-1er-janvier-au-pakistan\/\"]}]},{\"@type\":\"BreadcrumbList\",\"@id\":\"https:\/\/admin.industriall-union.org\/fr\/27-mineurs-tues-depuis-le-1er-janvier-au-pakistan\/#breadcrumb\",\"itemListElement\":[{\"@type\":\"ListItem\",\"position\":1,\"name\":\"Home\",\"item\":\"https:\/\/admin.industriall-union.org\/\"},{\"@type\":\"ListItem\",\"position\":2,\"name\":\"Articles\",\"item\":\"https:\/\/admin.industriall-union.org\/article\/\"},{\"@type\":\"ListItem\",\"position\":3,\"name\":\"27 mineurs tu\u00e9s depuis le 1er janvier au Pakistan\"}]},{\"@type\":\"WebSite\",\"@id\":\"https:\/\/admin.industriall-union.org\/#website\",\"url\":\"https:\/\/admin.industriall-union.org\/\",\"name\":\"industriall-union\",\"description\":\"\",\"potentialAction\":[{\"@type\":\"SearchAction\",\"target\":{\"@type\":\"EntryPoint\",\"urlTemplate\":\"https:\/\/admin.industriall-union.org\/?s={search_term_string}\"},\"query-input\":{\"@type\":\"PropertyValueSpecification\",\"valueRequired\":true,\"valueName\":\"search_term_string\"}}],\"inLanguage\":\"fr-FR\"}]}<\/script>\n<!-- \/ Yoast SEO Premium plugin. -->","yoast_head_json":{"title":"27 mineurs tu\u00e9s depuis le 1er janvier au Pakistan - industriall-union","description":"Des relations des horribles accidents qui endeuillent les charbonnages pakistanais ne cessent d&#039;affluer. La plupart se sont produits dans la province","robots":{"index":"index","follow":"follow","max-snippet":"max-snippet:-1","max-image-preview":"max-image-preview:large","max-video-preview":"max-video-preview:-1"},"canonical":"https:\/\/admin.industriall-union.org\/fr\/27-mineurs-tues-depuis-le-1er-janvier-au-pakistan\/","og_locale":"fr_FR","og_type":"article","og_title":"27 mineurs tu\u00e9s depuis le 1er janvier au Pakistan","og_description":"Des relations des horribles accidents qui endeuillent les charbonnages pakistanais ne cessent d&#039;affluer. La plupart se sont produits dans la province","og_url":"https:\/\/admin.industriall-union.org\/fr\/27-mineurs-tues-depuis-le-1er-janvier-au-pakistan\/","og_site_name":"industriall-union","article_modified_time":"2025-02-03T17:58:51+00:00","twitter_card":"summary_large_image","twitter_misc":{"Est. reading time":"3 minutes"},"schema":{"@context":"https:\/\/schema.org","@graph":[{"@type":"WebPage","@id":"https:\/\/admin.industriall-union.org\/fr\/27-mineurs-tues-depuis-le-1er-janvier-au-pakistan\/","url":"https:\/\/admin.industriall-union.org\/fr\/27-mineurs-tues-depuis-le-1er-janvier-au-pakistan\/","name":"27 mineurs tu\u00e9s depuis le 1er janvier au Pakistan - industriall-union","isPartOf":{"@id":"https:\/\/admin.industriall-union.org\/#website"},"datePublished":"2019-05-16T09:38:30+00:00","dateModified":"2025-02-03T17:58:51+00:00","description":"Des relations des horribles accidents qui endeuillent les charbonnages pakistanais ne cessent d&#039;affluer. La plupart se sont produits dans la province","breadcrumb":{"@id":"https:\/\/admin.industriall-union.org\/fr\/27-mineurs-tues-depuis-le-1er-janvier-au-pakistan\/#breadcrumb"},"inLanguage":"fr-FR","potentialAction":[{"@type":"ReadAction","target":["https:\/\/admin.industriall-union.org\/fr\/27-mineurs-tues-depuis-le-1er-janvier-au-pakistan\/"]}]},{"@type":"BreadcrumbList","@id":"https:\/\/admin.industriall-union.org\/fr\/27-mineurs-tues-depuis-le-1er-janvier-au-pakistan\/#breadcrumb","itemListElement":[{"@type":"ListItem","position":1,"name":"Home","item":"https:\/\/admin.industriall-union.org\/"},{"@type":"ListItem","position":2,"name":"Articles","item":"https:\/\/admin.industriall-union.org\/article\/"},{"@type":"ListItem","position":3,"name":"27 mineurs tu\u00e9s depuis le 1er janvier au Pakistan"}]},{"@type":"WebSite","@id":"https:\/\/admin.industriall-union.org\/#website","url":"https:\/\/admin.industriall-union.org\/","name":"industriall-union","description":"","potentialAction":[{"@type":"SearchAction","target":{"@type":"EntryPoint","urlTemplate":"https:\/\/admin.industriall-union.org\/?s={search_term_string}"},"query-input":{"@type":"PropertyValueSpecification","valueRequired":true,"valueName":"search_term_string"}}],"inLanguage":"fr-FR"}]}},"_links":{"self":[{"href":"https:\/\/admin.industriall-union.org\/fr\/wp-json\/wp\/v2\/article\/147865","targetHints":{"allow":["GET"]}}],"collection":[{"href":"https:\/\/admin.industriall-union.org\/fr\/wp-json\/wp\/v2\/article"}],"about":[{"href":"https:\/\/admin.industriall-union.org\/fr\/wp-json\/wp\/v2\/types\/article"}],"wp:attachment":[{"href":"https:\/\/admin.industriall-union.org\/fr\/wp-json\/wp\/v2\/media?parent=147865"}],"wp:term":[{"taxonomy":"issues","embeddable":true,"href":"https:\/\/admin.industriall-union.org\/fr\/wp-json\/wp\/v2\/issues?post=147865"},{"taxonomy":"companies","embeddable":true,"href":"https:\/\/admin.industriall-union.org\/fr\/wp-json\/wp\/v2\/companies?post=147865"},{"taxonomy":"regions","embeddable":true,"href":"https:\/\/admin.industriall-union.org\/fr\/wp-json\/wp\/v2\/regions?post=147865"},{"taxonomy":"sectors","embeddable":true,"href":"https:\/\/admin.industriall-union.org\/fr\/wp-json\/wp\/v2\/sectors?post=147865"},{"taxonomy":"article_tags","embeddable":true,"href":"https:\/\/admin.industriall-union.org\/fr\/wp-json\/wp\/v2\/article_tags?post=147865"}],"curies":[{"name":"wp","href":"https:\/\/api.w.org\/{rel}","templated":true}]}}