{"id":147768,"date":"2019-05-29T14:20:09","date_gmt":"2019-05-29T14:20:09","guid":{"rendered":"https:\/\/admin.industriall-union.org\/le-comite-executif-d-industriall-fait-progresser-les-droits-des-travailleurs\/"},"modified":"2025-02-03T17:07:28","modified_gmt":"2025-02-03T17:07:28","slug":"le-comite-executif-d-industriall-fait-progresser-les-droits-des-travailleurs","status":"publish","type":"article","link":"https:\/\/admin.industriall-union.org\/fr\/le-comite-executif-d-industriall-fait-progresser-les-droits-des-travailleurs\/","title":{"rendered":"Le Comit\u00e9 ex\u00e9cutif d\u2019IndustriALL fait progresser les droits des travailleurs"},"content":{"rendered":"<p>&ldquo;Une attaque contre l&rsquo;un d&rsquo;entre nous est une attaque contre tous&rdquo; a affirm\u00e9 le Pr\u00e9sident d&rsquo;IndustriALL J\u00f6rg Hofmann dans son allocution initiale.<\/p><p>&ldquo;Nous devons nous assurer qu&rsquo;autant de personnes que possible puissent b\u00e9n\u00e9ficier de la solidarit\u00e9 mondiale, dont nous savons qu&rsquo;elle peut faire la diff\u00e9rence face au capital mondialis\u00e9.&rdquo;<\/p><p>Au cours des deux journ\u00e9es de r\u00e9union, les leaders syndicaux ont d\u00e9battu de r\u00e9ponses mondiales \u00e0 donner aux d\u00e9fis qui se pr\u00e9sentent, au sein d&rsquo;un monde o\u00f9 les r\u00e9gimes en place s&rsquo;en prennent aux opposants, aux citoyens et aux syndicats, comme au Br\u00e9sil, en Alg\u00e9rie ou en Colombie, o\u00f9 Igor Diaz de Sintracarb\u00f3n <a href=\"http:\/\/www.industriall-union.org\/colombian-union-leaders-receive-death-threats\">re\u00e7oit des menaces de mort<\/a>.<\/p><p>Les d\u00e9l\u00e9gu\u00e9s ont entendu le t\u00e9moignage des M\u00e9tallos USW du Canada, dont les 1.000 adh\u00e9rents de Trois-Rivi\u00e8res, au Qu\u00e9bec, sont lock-out\u00e9s de l&rsquo;usine Alcoa depuis pr\u00e8s de 17 mois \u00e0 la suite du refus de l&rsquo;entreprise de n\u00e9gocier.<\/p><p>Les travailleurs et travailleuses de Volkswagen \u00e0 Chattanooga, au Tennessee, \u00c9tats-Unis, se voient toujours refuser le droit de rejoindre un syndicat, ce qui a conduit IndustriALL \u00e0 <a href=\"http:\/\/www.industriall-union.org\/industriall-suspends-global-agreement-with-volkswagen\">suspendre un accord-cadre mondial <\/a>(ACM) pour la premi\u00e8re fois.<\/p><p>Confronter le capital mondial est un objectif strat\u00e9gique et un \u00e9l\u00e9ment cl\u00e9 pour faire progresser les droits des travailleurs. Les 46 ACM sign\u00e9s entre IndustriALL et des multinationales sont des outils importants pour d\u00e9velopper des relations sociales sur un plan mondial, comme le montre la mani\u00e8re dont l&rsquo;ACM avec Solvay a permis de r\u00e9soudre un probl\u00e8me concernant des primes sur un site de l&rsquo;entreprise en Inde.<\/p><p>Pour l&rsquo;instant, des n\u00e9gociations sont en cours avec un important constructeur automobile de stature mondiale concernant un accord sur l&rsquo;avenir du travail, qui donne l&rsquo;opportunit\u00e9 de donner des r\u00e9ponses aux \u00e9normes transformations au sein du monde du travail et de mettre la Transition juste \u00e0 l&rsquo;ordre du jour.<\/p><p>La <a href=\"https:\/\/www.ilo.org\/global\/publications\/books\/WCMS_662410\/lang--en\/index.htm\">Commission mondiale sur l&rsquo;avenir du travail de l&rsquo;OIT<\/a> examine comment atteindre la notion de travail meilleur pour tous alors que nous connaissons une \u00e9poque de changements in\u00e9dits. Les participants ont partag\u00e9 leurs exp\u00e9riences et d\u00e9battu d&rsquo;un besoin de strat\u00e9gies au plan mondial pour le mouvement ouvrier, sachant que tous les pays ne sont pas avanc\u00e9s du point de vue technologique.<\/p><p>Prenant acte du besoin d&rsquo;\u00e9changer les exp\u00e9riences, le Comit\u00e9 ex\u00e9cutif a ent\u00e9rin\u00e9 la poursuite de ce travail et a<\/p><ul><li>encourag\u00e9 les affili\u00e9s \u00e0 assurer un suivi du rapport de l&rsquo;OIT<\/li><li>pris l&rsquo;engagement de collaborer avec les agences multilat\u00e9rales pour influencer les actions et les d\u00e9cisions concernant les membres d&rsquo;IndustriALL sur le terrain<\/li><li>pris d&rsquo;engagement de rechercher et revendiquer des engagements contractuels de la part des entreprises qui g\u00e8rent les transformations autour d&rsquo;Industrie 4.0<\/li><li>pris d&rsquo;engagement de continuer \u00e0 conscientiser et \u00e0 d\u00e9velopper des capacit\u00e9s aux plans des r\u00e9gions et des pays mais aussi des secteurs et des r\u00e9seaux<\/li><\/ul><p>Le <a href=\"http:\/\/www.industriall-union.org\/a-just-transition-for-workers\">guide syndical vers une Transition juste pour les travailleurs<\/a> d&rsquo;IndustriALL, qui se penche sur sa mise en \u0153uvre dans l&rsquo;int\u00e9r\u00eat des travailleurs et travailleuses, a servi de base \u00e0 un d\u00e9bat menant \u00e0 la prise d&rsquo;un engagement \u00e0 \u00e9changer les informations et les attentes en vue de concevoir des politiques sur la Transition juste et de s&rsquo;assurer que les travailleurs et travailleuses aient leur mot \u00e0 dire sur l&rsquo;avenir de leurs industries.<\/p><p>Le renforcement syndical constitue une part vitale des efforts consentis par IndustriALL pour augmenter la syndicalisation et la puissance syndicale. En 2018, 768 activit\u00e9s li\u00e9es au d\u00e9veloppement des capacit\u00e9s syndicales ont eu lieu, rassemblant le nombre impressionnant de 23.000 participants.<\/p><ul><li>Les projets de renforcement syndical ont permis d&rsquo;obtenir des victoires marquantes, comme <a href=\"http:\/\/www.industriall-union.org\/victory-in-the-philippines-as-expanded-maternity-leave-law-passed\">l&rsquo;allongement du cong\u00e9 de maternit\u00e9<\/a> aux Philippines.<\/li><li>Au Kenya, 135 comit\u00e9s de sant\u00e9 et s\u00e9curit\u00e9 ont \u00e9t\u00e9 mis sur pied et ont form\u00e9 des travailleurs et travailleuses dans plus de 600 usines.<\/li><li>Le travail en vue d&rsquo;augmenter la ratification de la convention de Hong Kong progresse, la Turquie \u00e9tant le dernier pays en date \u00e0 avoir franchi le pas. Le nombre de pays signataires s&rsquo;\u00e9l\u00e8ve maintenant \u00e0 neuf.<\/li><\/ul><p>Le Comit\u00e9 ex\u00e9cutif a approuv\u00e9 l&rsquo;affiliation de six nouveaux syndicats, ce qui ajoute 224.000 nouveaux adh\u00e9rents et consolide d&rsquo;autant nos capacit\u00e9s de lutte et d\u00e9montre qu&rsquo;ensemble nous sommes plus fort.<\/p><p>Le Comit\u00e9 des Femmes d&rsquo;IndustriALL pr\u00e9voit une Conf\u00e9rence des Femmes pour la fin de l&rsquo;ann\u00e9e, en novembre. Le Comit\u00e9 ex\u00e9cutif a r\u00e9it\u00e9r\u00e9 son soutien \u00e0 une Convention de l&rsquo;OIT sur la violence fond\u00e9e sur le genre, une convention \u00e0 propos de laquelle IndustriALL se bat en compagnie d&rsquo;autres F\u00e9d\u00e9rations syndicales internationales.<\/p><p>Plus de 100 organisations affili\u00e9es ont \u00e0 ce jour adopt\u00e9 l&rsquo;<a href=\"http:\/\/www.youtube.com\/watch?time_continue=2&amp;v=11H_Ydc8-1U\">Engagement<\/a> d&rsquo;IndustriALL pour mettre fin aux violences faites aux femmes sur le lieu de travail, une campagne qui se poursuit.<\/p><p>Les deux groupes de travail concernant le 3e Congr\u00e8s d&rsquo;IndustriALL, qui se tiendra au Cap en novembre 2020, ont entam\u00e9 les pr\u00e9paratifs pour ainsi r\u00e9unir des d\u00e9l\u00e9gu\u00e9s syndicaux venus des quatre coins du monde. L&rsquo;implication des syndicats affili\u00e9s sera un \u00e9l\u00e9ment important au niveau des propositions sur le plan d&rsquo;action, les priorit\u00e9s et les structures d&rsquo;IndustriALL.<\/p><p>Le Comit\u00e9 ex\u00e9cutif d&rsquo;IndustriALL a adopt\u00e9 un certain nombre de r\u00e9solutions de solidarit\u00e9&nbsp;:<\/p><p><em>Soutien au mouvement syndical br\u00e9silien<\/em><br \/>IndustriALL soutien l&rsquo;appel \u00e0 la gr\u00e8ve g\u00e9n\u00e9rale lanc\u00e9 par les centrales syndicales br\u00e9siliennes pour le 14 juin, face \u00e0 la d\u00e9t\u00e9rioration de la l\u00e9gislation du travail ainsi que des droits sociaux et syndicaux.<\/p><p><em>R\u00e9solution sur l&rsquo;acquisition par Hyundai Heavy Industries de Daewoo Shipbuilding and Marine Engineering en Cor\u00e9e du Sud<\/em><br \/>IndustriALL est pr\u00e9occup\u00e9 par le manque de transparence dans les n\u00e9gociations sur cette fusion&nbsp;; restreindre un commerce \u00e9quitable ainsi que la concurrence est une menace significative pour les travailleurs et les syndicats au sein de la cha\u00eene d&rsquo;approvisionnement de l&rsquo;industrie de la construction navale.<\/p><p><em>Appel au gouvernement sud-cor\u00e9en \u00e0 arr\u00eater ses r\u00e9visions l\u00e9gislatives r\u00e9gressives pour le monde du travail et \u00e0 ratifier les conventions fondamentales de l&rsquo;OIT<\/em><br \/>Il s&rsquo;agit de droits humains fondamentaux pour les travailleurs et travailleuses, non pas des monnaies d&rsquo;\u00e9change pour les employeurs. IndustriALL exhorte le gouvernement sud-cor\u00e9en \u00e0 montrer un signe d&rsquo;engagement \u00e0 cet \u00e9gard.<\/p><p><strong>Toutes les <a href=\"https:\/\/www.flickr.com\/photos\/industriall_gu\/albums\/72157708542642935\">photos du Comit\u00e9 ex\u00e9cutif d&rsquo;IndustriALL<\/a> se trouvent sur Flickr.<\/strong><\/p>","protected":false},"featured_media":0,"template":"","issues":[393,406,407,391,420,397],"companies":[],"regions":[],"sectors":[],"article_tags":[],"class_list":["post-147768","article","type-article","status-publish","hentry","issues-climate-change-just-transition","issues-confronting-global-capital","issues-global-framework-agreements","issues-industry-40","issues-solidarity","issues-women"],"acf":[],"yoast_head":"<!-- This site is optimized with the Yoast SEO Premium plugin v27.1 (Yoast SEO v27.1) - https:\/\/yoast.com\/product\/yoast-seo-premium-wordpress\/ -->\n<title>Le Comit\u00e9 ex\u00e9cutif d\u2019IndustriALL fait progresser les droits des travailleurs - industriall-union<\/title>\n<meta name=\"description\" content=\"&ldquo;Une attaque contre l&rsquo;un d&rsquo;entre nous est une attaque contre tous&rdquo; a affirm\u00e9 le Pr\u00e9sident d&rsquo;IndustriALL J\u00f6rg Hofmann dans\" \/>\n<meta name=\"robots\" content=\"index, follow, max-snippet:-1, max-image-preview:large, max-video-preview:-1\" \/>\n<link rel=\"canonical\" href=\"https:\/\/admin.industriall-union.org\/fr\/le-comite-executif-d-industriall-fait-progresser-les-droits-des-travailleurs\/\" \/>\n<meta property=\"og:locale\" content=\"fr_FR\" \/>\n<meta property=\"og:type\" content=\"article\" \/>\n<meta property=\"og:title\" content=\"Le Comit\u00e9 ex\u00e9cutif d\u2019IndustriALL fait progresser les droits des travailleurs\" \/>\n<meta property=\"og:description\" content=\"&ldquo;Une attaque contre l&rsquo;un d&rsquo;entre nous est une attaque contre tous&rdquo; a affirm\u00e9 le Pr\u00e9sident d&rsquo;IndustriALL J\u00f6rg Hofmann dans\" \/>\n<meta property=\"og:url\" content=\"https:\/\/admin.industriall-union.org\/fr\/le-comite-executif-d-industriall-fait-progresser-les-droits-des-travailleurs\/\" \/>\n<meta property=\"og:site_name\" content=\"industriall-union\" \/>\n<meta property=\"article:modified_time\" content=\"2025-02-03T17:07:28+00:00\" \/>\n<meta name=\"twitter:card\" content=\"summary_large_image\" \/>\n<meta name=\"twitter:label1\" content=\"Est. reading time\" \/>\n\t<meta name=\"twitter:data1\" content=\"6 minutes\" \/>\n<script type=\"application\/ld+json\" class=\"yoast-schema-graph\">{\"@context\":\"https:\/\/schema.org\",\"@graph\":[{\"@type\":\"WebPage\",\"@id\":\"https:\/\/admin.industriall-union.org\/fr\/le-comite-executif-d-industriall-fait-progresser-les-droits-des-travailleurs\/\",\"url\":\"https:\/\/admin.industriall-union.org\/fr\/le-comite-executif-d-industriall-fait-progresser-les-droits-des-travailleurs\/\",\"name\":\"Le Comit\u00e9 ex\u00e9cutif d\u2019IndustriALL fait progresser les droits des travailleurs - industriall-union\",\"isPartOf\":{\"@id\":\"https:\/\/admin.industriall-union.org\/ru\/#website\"},\"datePublished\":\"2019-05-29T14:20:09+00:00\",\"dateModified\":\"2025-02-03T17:07:28+00:00\",\"description\":\"&ldquo;Une attaque contre l&rsquo;un d&rsquo;entre nous est une attaque contre tous&rdquo; a affirm\u00e9 le Pr\u00e9sident d&rsquo;IndustriALL J\u00f6rg Hofmann dans\",\"breadcrumb\":{\"@id\":\"https:\/\/admin.industriall-union.org\/fr\/le-comite-executif-d-industriall-fait-progresser-les-droits-des-travailleurs\/#breadcrumb\"},\"inLanguage\":\"fr-FR\",\"potentialAction\":[{\"@type\":\"ReadAction\",\"target\":[\"https:\/\/admin.industriall-union.org\/fr\/le-comite-executif-d-industriall-fait-progresser-les-droits-des-travailleurs\/\"]}]},{\"@type\":\"BreadcrumbList\",\"@id\":\"https:\/\/admin.industriall-union.org\/fr\/le-comite-executif-d-industriall-fait-progresser-les-droits-des-travailleurs\/#breadcrumb\",\"itemListElement\":[{\"@type\":\"ListItem\",\"position\":1,\"name\":\"Home\",\"item\":\"https:\/\/admin.industriall-union.org\/ru\/\"},{\"@type\":\"ListItem\",\"position\":2,\"name\":\"Articles\",\"item\":\"https:\/\/admin.industriall-union.org\/ru\/article\/\"},{\"@type\":\"ListItem\",\"position\":3,\"name\":\"Le Comit\u00e9 ex\u00e9cutif d\u2019IndustriALL fait progresser les droits des travailleurs\"}]},{\"@type\":\"WebSite\",\"@id\":\"https:\/\/admin.industriall-union.org\/ru\/#website\",\"url\":\"https:\/\/admin.industriall-union.org\/ru\/\",\"name\":\"industriall-union\",\"description\":\"\",\"potentialAction\":[{\"@type\":\"SearchAction\",\"target\":{\"@type\":\"EntryPoint\",\"urlTemplate\":\"https:\/\/admin.industriall-union.org\/ru\/?s={search_term_string}\"},\"query-input\":{\"@type\":\"PropertyValueSpecification\",\"valueRequired\":true,\"valueName\":\"search_term_string\"}}],\"inLanguage\":\"fr-FR\"}]}<\/script>\n<!-- \/ Yoast SEO Premium plugin. -->","yoast_head_json":{"title":"Le Comit\u00e9 ex\u00e9cutif d\u2019IndustriALL fait progresser les droits des travailleurs - industriall-union","description":"&ldquo;Une attaque contre l&rsquo;un d&rsquo;entre nous est une attaque contre tous&rdquo; a affirm\u00e9 le Pr\u00e9sident d&rsquo;IndustriALL J\u00f6rg Hofmann dans","robots":{"index":"index","follow":"follow","max-snippet":"max-snippet:-1","max-image-preview":"max-image-preview:large","max-video-preview":"max-video-preview:-1"},"canonical":"https:\/\/admin.industriall-union.org\/fr\/le-comite-executif-d-industriall-fait-progresser-les-droits-des-travailleurs\/","og_locale":"fr_FR","og_type":"article","og_title":"Le Comit\u00e9 ex\u00e9cutif d\u2019IndustriALL fait progresser les droits des travailleurs","og_description":"&ldquo;Une attaque contre l&rsquo;un d&rsquo;entre nous est une attaque contre tous&rdquo; a affirm\u00e9 le Pr\u00e9sident d&rsquo;IndustriALL J\u00f6rg Hofmann dans","og_url":"https:\/\/admin.industriall-union.org\/fr\/le-comite-executif-d-industriall-fait-progresser-les-droits-des-travailleurs\/","og_site_name":"industriall-union","article_modified_time":"2025-02-03T17:07:28+00:00","twitter_card":"summary_large_image","twitter_misc":{"Est. reading time":"6 minutes"},"schema":{"@context":"https:\/\/schema.org","@graph":[{"@type":"WebPage","@id":"https:\/\/admin.industriall-union.org\/fr\/le-comite-executif-d-industriall-fait-progresser-les-droits-des-travailleurs\/","url":"https:\/\/admin.industriall-union.org\/fr\/le-comite-executif-d-industriall-fait-progresser-les-droits-des-travailleurs\/","name":"Le Comit\u00e9 ex\u00e9cutif d\u2019IndustriALL fait progresser les droits des travailleurs - industriall-union","isPartOf":{"@id":"https:\/\/admin.industriall-union.org\/ru\/#website"},"datePublished":"2019-05-29T14:20:09+00:00","dateModified":"2025-02-03T17:07:28+00:00","description":"&ldquo;Une attaque contre l&rsquo;un d&rsquo;entre nous est une attaque contre tous&rdquo; a affirm\u00e9 le Pr\u00e9sident d&rsquo;IndustriALL J\u00f6rg Hofmann dans","breadcrumb":{"@id":"https:\/\/admin.industriall-union.org\/fr\/le-comite-executif-d-industriall-fait-progresser-les-droits-des-travailleurs\/#breadcrumb"},"inLanguage":"fr-FR","potentialAction":[{"@type":"ReadAction","target":["https:\/\/admin.industriall-union.org\/fr\/le-comite-executif-d-industriall-fait-progresser-les-droits-des-travailleurs\/"]}]},{"@type":"BreadcrumbList","@id":"https:\/\/admin.industriall-union.org\/fr\/le-comite-executif-d-industriall-fait-progresser-les-droits-des-travailleurs\/#breadcrumb","itemListElement":[{"@type":"ListItem","position":1,"name":"Home","item":"https:\/\/admin.industriall-union.org\/ru\/"},{"@type":"ListItem","position":2,"name":"Articles","item":"https:\/\/admin.industriall-union.org\/ru\/article\/"},{"@type":"ListItem","position":3,"name":"Le Comit\u00e9 ex\u00e9cutif d\u2019IndustriALL fait progresser les droits des travailleurs"}]},{"@type":"WebSite","@id":"https:\/\/admin.industriall-union.org\/ru\/#website","url":"https:\/\/admin.industriall-union.org\/ru\/","name":"industriall-union","description":"","potentialAction":[{"@type":"SearchAction","target":{"@type":"EntryPoint","urlTemplate":"https:\/\/admin.industriall-union.org\/ru\/?s={search_term_string}"},"query-input":{"@type":"PropertyValueSpecification","valueRequired":true,"valueName":"search_term_string"}}],"inLanguage":"fr-FR"}]}},"_links":{"self":[{"href":"https:\/\/admin.industriall-union.org\/fr\/wp-json\/wp\/v2\/article\/147768","targetHints":{"allow":["GET"]}}],"collection":[{"href":"https:\/\/admin.industriall-union.org\/fr\/wp-json\/wp\/v2\/article"}],"about":[{"href":"https:\/\/admin.industriall-union.org\/fr\/wp-json\/wp\/v2\/types\/article"}],"wp:attachment":[{"href":"https:\/\/admin.industriall-union.org\/fr\/wp-json\/wp\/v2\/media?parent=147768"}],"wp:term":[{"taxonomy":"issues","embeddable":true,"href":"https:\/\/admin.industriall-union.org\/fr\/wp-json\/wp\/v2\/issues?post=147768"},{"taxonomy":"companies","embeddable":true,"href":"https:\/\/admin.industriall-union.org\/fr\/wp-json\/wp\/v2\/companies?post=147768"},{"taxonomy":"regions","embeddable":true,"href":"https:\/\/admin.industriall-union.org\/fr\/wp-json\/wp\/v2\/regions?post=147768"},{"taxonomy":"sectors","embeddable":true,"href":"https:\/\/admin.industriall-union.org\/fr\/wp-json\/wp\/v2\/sectors?post=147768"},{"taxonomy":"article_tags","embeddable":true,"href":"https:\/\/admin.industriall-union.org\/fr\/wp-json\/wp\/v2\/article_tags?post=147768"}],"curies":[{"name":"wp","href":"https:\/\/api.w.org\/{rel}","templated":true}]}}