{"id":147767,"date":"2019-06-03T09:38:08","date_gmt":"2019-06-03T09:38:08","guid":{"rendered":"https:\/\/admin.industriall-union.org\/une-syndicaliste-elue-au-parlement-d-039-afrique-du-sud\/"},"modified":"2025-02-03T17:05:28","modified_gmt":"2025-02-03T17:05:28","slug":"une-syndicaliste-elue-au-parlement-d-039-afrique-du-sud","status":"publish","type":"article","link":"https:\/\/admin.industriall-union.org\/fr\/une-syndicaliste-elue-au-parlement-d-039-afrique-du-sud\/","title":{"rendered":"Une syndicaliste \u00e9lue au parlement d&#039;Afrique du Sud"},"content":{"rendered":"<p>Apr\u00e8s avoir travaill\u00e9 plus de quarante ans comme simple op\u00e9ratrice, Beauty Zibula est pass\u00e9e de d\u00e9l\u00e9gu\u00e9e d&#039;atelier au poste de premi\u00e8re Vice-pr\u00e9sidente du Syndicat des travailleurs de l&#039;habillement et du textile d&#039;Afrique australe (SACTWU), affili\u00e9 \u00e0 IndustriALL Global Union. Elle est \u00e9galement membre du comit\u00e9 ex\u00e9cutif et du comit\u00e9 des femmes de la R\u00e9gion Afrique subsaharienne d&#039;IndustriALL et, le 22 mai, elle a pr\u00eat\u00e9 serment en tant que d\u00e9put\u00e9.<\/p><p>La R\u00e9gion Afrique subsaharienne se f\u00e9licite de son \u00e9lection au parlement o\u00f9 elle repr\u00e9sentera la province du KwaZulu-Natal pour le Congr\u00e8s national africain actuellement au pouvoir.<\/p><p>Comme la plupart des syndicalistes d&#039;Afrique du Sud, elle a entam\u00e9 une activit\u00e9 politique alors qu&#039;elle \u00e9tait encore \u00e0 l&#039;\u00e9cole et a commenc\u00e9 \u00e0 travailler dans le secteur en 1978. Sa carri\u00e8re dans le mouvement syndical est prestigieuse. Active au sein du Syndicat des travailleurs de l&#039;habillement et des secteurs connexes (GAWU) \u00e0 Durban dans les ann\u00e9es 1980, elle faisait partie d&#039;un collectif qui a transform\u00e9 le syndicat en organisation militante en lutte contre l&#039;apartheid.<\/p><p>Elle a ensuite occup\u00e9 la pr\u00e9sidence de la section de Durban Nord du GAWU entre 1987 et 1989, poste qu&#039;elle a conserv\u00e9 lorsque son syndicat est devenu le SACTWU. Parmi les autres postes qu&#039;elle a occup\u00e9s, ceux de tr\u00e9sori\u00e8re r\u00e9gionale du SACTWU pour le KwaZulu-Natal (KZN), pr\u00e9sidente adjointe puis pr\u00e9sidente de la r\u00e9gion KZN, et premi\u00e8re pr\u00e9sidente adjointe du SACTWU.<\/p><p>&quot;Nous f\u00e9licitons la camarade Beauty Zibula, une syndicaliste qui a gravi les \u00e9chelons dans les luttes de la classe ouvri\u00e8re. Ayant \u00e9t\u00e9 membre de l&#039;ex\u00e9cutif r\u00e9gional, elle sait comment lutter pour les droits des travailleurs contre le travail pr\u00e9caire et est une d\u00e9fenderesse acharn\u00e9e des droits des travailleurs dans le secteur de l&#039;habillement et du textile et dans d&#039;autres secteurs. Nous savons qu&#039;elle portera ce combat devant le parlement sud-africain aussi&quot;, a d\u00e9clar\u00e9 le Secr\u00e9taire g\u00e9n\u00e9ral d&#039;IndustriALL Valter Sanches.<\/p><p>Le SACTWU compte plus de 100.000 adh\u00e9rents, soit 85 pour cent du secteur de l&#039;habillement et du textile, y compris la chaussure et le cuir. Il repr\u00e9sente les travailleuses et travailleurs des filatures, du lavage de la laine, des magasins d&#039;usine, des usines de v\u00eatement, des activit\u00e9s de coupe, couture et finition, des petites entreprises, des ateliers de chaussure, de l&#039;\u00e9grenage du coton, des blanchisseries, des tanneries, des ateliers de tissage, des activit\u00e9s d&#039;appr\u00eatage, de teinture, des magasins de d\u00e9tail et des entrep\u00f4ts.<\/p>","protected":false},"featured_media":0,"template":"","issues":[397],"companies":[],"regions":[350],"sectors":[464],"article_tags":[],"class_list":["post-147767","article","type-article","status-publish","hentry","issues-women","regions-south-africa","sectors-textile-leather-garment-shoes-and-textile-services"],"acf":[],"yoast_head":"<!-- This site is optimized with the Yoast SEO Premium plugin v27.1 (Yoast SEO v27.1) - https:\/\/yoast.com\/product\/yoast-seo-premium-wordpress\/ -->\n<title>Une syndicaliste \u00e9lue au parlement d&#039;Afrique du Sud - industriall-union<\/title>\n<meta name=\"description\" content=\"Apr\u00e8s avoir travaill\u00e9 plus de quarante ans comme simple op\u00e9ratrice, Beauty Zibula est pass\u00e9e de d\u00e9l\u00e9gu\u00e9e d&#039;atelier au poste de premi\u00e8re\" \/>\n<meta name=\"robots\" content=\"index, follow, max-snippet:-1, max-image-preview:large, max-video-preview:-1\" \/>\n<link rel=\"canonical\" href=\"https:\/\/admin.industriall-union.org\/fr\/une-syndicaliste-elue-au-parlement-d-039-afrique-du-sud\/\" \/>\n<meta property=\"og:locale\" content=\"fr_FR\" \/>\n<meta property=\"og:type\" content=\"article\" \/>\n<meta property=\"og:title\" content=\"Une syndicaliste \u00e9lue au parlement d&#039;Afrique du Sud\" \/>\n<meta property=\"og:description\" content=\"Apr\u00e8s avoir travaill\u00e9 plus de quarante ans comme simple op\u00e9ratrice, Beauty Zibula est pass\u00e9e de d\u00e9l\u00e9gu\u00e9e d&#039;atelier au poste de premi\u00e8re\" \/>\n<meta property=\"og:url\" content=\"https:\/\/admin.industriall-union.org\/fr\/une-syndicaliste-elue-au-parlement-d-039-afrique-du-sud\/\" \/>\n<meta property=\"og:site_name\" content=\"industriall-union\" \/>\n<meta property=\"article:modified_time\" content=\"2025-02-03T17:05:28+00:00\" \/>\n<meta name=\"twitter:card\" content=\"summary_large_image\" \/>\n<meta name=\"twitter:label1\" content=\"Est. reading time\" \/>\n\t<meta name=\"twitter:data1\" content=\"2 minutes\" \/>\n<script type=\"application\/ld+json\" class=\"yoast-schema-graph\">{\"@context\":\"https:\/\/schema.org\",\"@graph\":[{\"@type\":\"WebPage\",\"@id\":\"https:\/\/admin.industriall-union.org\/fr\/une-syndicaliste-elue-au-parlement-d-039-afrique-du-sud\/\",\"url\":\"https:\/\/admin.industriall-union.org\/fr\/une-syndicaliste-elue-au-parlement-d-039-afrique-du-sud\/\",\"name\":\"Une syndicaliste \u00e9lue au parlement d&#039;Afrique du Sud - industriall-union\",\"isPartOf\":{\"@id\":\"https:\/\/admin.industriall-union.org\/#website\"},\"datePublished\":\"2019-06-03T09:38:08+00:00\",\"dateModified\":\"2025-02-03T17:05:28+00:00\",\"description\":\"Apr\u00e8s avoir travaill\u00e9 plus de quarante ans comme simple op\u00e9ratrice, Beauty Zibula est pass\u00e9e de d\u00e9l\u00e9gu\u00e9e d&#039;atelier au poste de premi\u00e8re\",\"breadcrumb\":{\"@id\":\"https:\/\/admin.industriall-union.org\/fr\/une-syndicaliste-elue-au-parlement-d-039-afrique-du-sud\/#breadcrumb\"},\"inLanguage\":\"fr-FR\",\"potentialAction\":[{\"@type\":\"ReadAction\",\"target\":[\"https:\/\/admin.industriall-union.org\/fr\/une-syndicaliste-elue-au-parlement-d-039-afrique-du-sud\/\"]}]},{\"@type\":\"BreadcrumbList\",\"@id\":\"https:\/\/admin.industriall-union.org\/fr\/une-syndicaliste-elue-au-parlement-d-039-afrique-du-sud\/#breadcrumb\",\"itemListElement\":[{\"@type\":\"ListItem\",\"position\":1,\"name\":\"Home\",\"item\":\"https:\/\/admin.industriall-union.org\/\"},{\"@type\":\"ListItem\",\"position\":2,\"name\":\"Articles\",\"item\":\"https:\/\/admin.industriall-union.org\/article\/\"},{\"@type\":\"ListItem\",\"position\":3,\"name\":\"Une syndicaliste \u00e9lue au parlement d&#039;Afrique du Sud\"}]},{\"@type\":\"WebSite\",\"@id\":\"https:\/\/admin.industriall-union.org\/#website\",\"url\":\"https:\/\/admin.industriall-union.org\/\",\"name\":\"industriall-union\",\"description\":\"\",\"potentialAction\":[{\"@type\":\"SearchAction\",\"target\":{\"@type\":\"EntryPoint\",\"urlTemplate\":\"https:\/\/admin.industriall-union.org\/?s={search_term_string}\"},\"query-input\":{\"@type\":\"PropertyValueSpecification\",\"valueRequired\":true,\"valueName\":\"search_term_string\"}}],\"inLanguage\":\"fr-FR\"}]}<\/script>\n<!-- \/ Yoast SEO Premium plugin. -->","yoast_head_json":{"title":"Une syndicaliste \u00e9lue au parlement d&#039;Afrique du Sud - industriall-union","description":"Apr\u00e8s avoir travaill\u00e9 plus de quarante ans comme simple op\u00e9ratrice, Beauty Zibula est pass\u00e9e de d\u00e9l\u00e9gu\u00e9e d&#039;atelier au poste de premi\u00e8re","robots":{"index":"index","follow":"follow","max-snippet":"max-snippet:-1","max-image-preview":"max-image-preview:large","max-video-preview":"max-video-preview:-1"},"canonical":"https:\/\/admin.industriall-union.org\/fr\/une-syndicaliste-elue-au-parlement-d-039-afrique-du-sud\/","og_locale":"fr_FR","og_type":"article","og_title":"Une syndicaliste \u00e9lue au parlement d&#039;Afrique du Sud","og_description":"Apr\u00e8s avoir travaill\u00e9 plus de quarante ans comme simple op\u00e9ratrice, Beauty Zibula est pass\u00e9e de d\u00e9l\u00e9gu\u00e9e d&#039;atelier au poste de premi\u00e8re","og_url":"https:\/\/admin.industriall-union.org\/fr\/une-syndicaliste-elue-au-parlement-d-039-afrique-du-sud\/","og_site_name":"industriall-union","article_modified_time":"2025-02-03T17:05:28+00:00","twitter_card":"summary_large_image","twitter_misc":{"Est. reading time":"2 minutes"},"schema":{"@context":"https:\/\/schema.org","@graph":[{"@type":"WebPage","@id":"https:\/\/admin.industriall-union.org\/fr\/une-syndicaliste-elue-au-parlement-d-039-afrique-du-sud\/","url":"https:\/\/admin.industriall-union.org\/fr\/une-syndicaliste-elue-au-parlement-d-039-afrique-du-sud\/","name":"Une syndicaliste \u00e9lue au parlement d&#039;Afrique du Sud - industriall-union","isPartOf":{"@id":"https:\/\/admin.industriall-union.org\/#website"},"datePublished":"2019-06-03T09:38:08+00:00","dateModified":"2025-02-03T17:05:28+00:00","description":"Apr\u00e8s avoir travaill\u00e9 plus de quarante ans comme simple op\u00e9ratrice, Beauty Zibula est pass\u00e9e de d\u00e9l\u00e9gu\u00e9e d&#039;atelier au poste de premi\u00e8re","breadcrumb":{"@id":"https:\/\/admin.industriall-union.org\/fr\/une-syndicaliste-elue-au-parlement-d-039-afrique-du-sud\/#breadcrumb"},"inLanguage":"fr-FR","potentialAction":[{"@type":"ReadAction","target":["https:\/\/admin.industriall-union.org\/fr\/une-syndicaliste-elue-au-parlement-d-039-afrique-du-sud\/"]}]},{"@type":"BreadcrumbList","@id":"https:\/\/admin.industriall-union.org\/fr\/une-syndicaliste-elue-au-parlement-d-039-afrique-du-sud\/#breadcrumb","itemListElement":[{"@type":"ListItem","position":1,"name":"Home","item":"https:\/\/admin.industriall-union.org\/"},{"@type":"ListItem","position":2,"name":"Articles","item":"https:\/\/admin.industriall-union.org\/article\/"},{"@type":"ListItem","position":3,"name":"Une syndicaliste \u00e9lue au parlement d&#039;Afrique du Sud"}]},{"@type":"WebSite","@id":"https:\/\/admin.industriall-union.org\/#website","url":"https:\/\/admin.industriall-union.org\/","name":"industriall-union","description":"","potentialAction":[{"@type":"SearchAction","target":{"@type":"EntryPoint","urlTemplate":"https:\/\/admin.industriall-union.org\/?s={search_term_string}"},"query-input":{"@type":"PropertyValueSpecification","valueRequired":true,"valueName":"search_term_string"}}],"inLanguage":"fr-FR"}]}},"_links":{"self":[{"href":"https:\/\/admin.industriall-union.org\/fr\/wp-json\/wp\/v2\/article\/147767","targetHints":{"allow":["GET"]}}],"collection":[{"href":"https:\/\/admin.industriall-union.org\/fr\/wp-json\/wp\/v2\/article"}],"about":[{"href":"https:\/\/admin.industriall-union.org\/fr\/wp-json\/wp\/v2\/types\/article"}],"wp:attachment":[{"href":"https:\/\/admin.industriall-union.org\/fr\/wp-json\/wp\/v2\/media?parent=147767"}],"wp:term":[{"taxonomy":"issues","embeddable":true,"href":"https:\/\/admin.industriall-union.org\/fr\/wp-json\/wp\/v2\/issues?post=147767"},{"taxonomy":"companies","embeddable":true,"href":"https:\/\/admin.industriall-union.org\/fr\/wp-json\/wp\/v2\/companies?post=147767"},{"taxonomy":"regions","embeddable":true,"href":"https:\/\/admin.industriall-union.org\/fr\/wp-json\/wp\/v2\/regions?post=147767"},{"taxonomy":"sectors","embeddable":true,"href":"https:\/\/admin.industriall-union.org\/fr\/wp-json\/wp\/v2\/sectors?post=147767"},{"taxonomy":"article_tags","embeddable":true,"href":"https:\/\/admin.industriall-union.org\/fr\/wp-json\/wp\/v2\/article_tags?post=147767"}],"curies":[{"name":"wp","href":"https:\/\/api.w.org\/{rel}","templated":true}]}}