{"id":147759,"date":"2019-06-05T14:58:52","date_gmt":"2019-06-05T14:58:52","guid":{"rendered":"https:\/\/admin.industriall-union.org\/le-comite-de-l-039-acm-avec-stora-enso-planifie-un-avenir-durable\/"},"modified":"2025-02-03T16:59:22","modified_gmt":"2025-02-03T16:59:22","slug":"le-comite-de-l-039-acm-avec-stora-enso-planifie-un-avenir-durable","status":"publish","type":"article","link":"https:\/\/admin.industriall-union.org\/fr\/le-comite-de-l-039-acm-avec-stora-enso-planifie-un-avenir-durable\/","title":{"rendered":"Le Comit\u00e9 de l&#039;ACM avec Stora Enso planifie un avenir durable"},"content":{"rendered":"<p>Les parties \u00e0 l&#039;ACM se sont engag\u00e9es \u00e0 maintenir un dialogue permanent et doivent se r\u00e9unir tous les deux ans afin de v\u00e9rifier son application dans l&#039;entreprise. Le comit\u00e9 se compose des trois syndicats mondiaux, plus trois syndicats nationaux, Paperiliitto pour la Finlande et Pappers et GS Facket pour la Su\u00e8de. Le comit\u00e9 directeur du Comit\u00e9 d&#039;entreprise europ\u00e9en de Stora Enso est un autre membre important du comit\u00e9.<\/p><p>Stora Enso s&#039;est engag\u00e9e \u00e0 mettre en place une entreprise durable et l&#039;ACM constitue un volet important de cette strat\u00e9gie. Cette politique consid\u00e8re que la durabilit\u00e9 rel\u00e8ve de trois axes majeurs : l&rsquo;environnement, l&#039;\u00e9conomique et le social. La direction est convaincue qu&#039;une approche \u00e9thique d\u00e9termin\u00e9e lui conf\u00e8re un avantage concurrentiel sur le march\u00e9. Les consommateurs sont de plus en plus sensibilis\u00e9s et exigeants s&#039;agissant du comportement environnemental et social.<\/p><p>Stora Enso est \u00e0 la pointe de la mutation de l&#039;industrie vers une production environnementalement durable bas\u00e9e sur des technologies renouvelables. Elle aspire \u00e0 d\u00e9velopper des solutions pour faire que tout ce qui est actuellement fabriqu\u00e9 \u00e0 partir de combustibles fossiles le soit \u00e0 partir des arbres \u00e0 l&#039;avenir. Cela inclut les voitures, les avions, les bouteilles en plastique, les panneaux solaires, et m\u00eame les gratte-ciels.<\/p><p>La direction de Stora Enso a expliqu\u00e9 au comit\u00e9 en quoi consistent ses travaux actuels dans les domaines sp\u00e9cifiques de la s\u00e9curit\u00e9, des conditions de travail, de l&#039;\u00e9thique, de l&#039;approvisionnement responsable et du d\u00e9veloppement de l&#039;entreprise en g\u00e9n\u00e9ral. Le comit\u00e9 a analys\u00e9 dans quelle mesure la participation des syndicats pourrait s&#039;accro\u00eetre dans ces diff\u00e9rents domaines d&#039;activit\u00e9. Ces discussions se poursuivront en mode continu.<\/p><p>Malin Bendz, Vice-pr\u00e9sidente ex\u00e9cutive des ressources humaines de Stora Enso, a d\u00e9clar\u00e9 :<\/p><blockquote><p>&quot;Cet ACM fait partie int\u00e9grante de notre activit\u00e9. Il est le reflet de nos convictions, de ce que nous essayons de faire en tant qu&#039;entreprise. Nous avons un partenariat et nous \u00e9tudions ce que nous pouvons faire ensemble pour nous rendre plus forts.&quot;<\/p><\/blockquote><p>Tom Grinter, Directeur du secteur des p\u00e2tes et papiers d&#039;IndustriALL, ajoute :<\/p><blockquote><p>&quot;Stora Enso fait beaucoup et le fait bien. Une priorit\u00e9 de nos d\u00e9l\u00e9gu\u00e9s syndicaux chez Stora Enso est d&#039;am\u00e9liorer la consultation des syndicats et leur implication dans les diff\u00e9rentes initiatives \u00e9thiques de l&#039;entreprise. Stora Enso va continuer \u00e0 grandir et le dialogue que nous avons par l&#039;ACM accompagnera cette croissance.&quot;<\/p><\/blockquote>","protected":false},"featured_media":0,"template":"","issues":[407],"companies":[],"regions":[202,216],"sectors":[474],"article_tags":[],"class_list":["post-147759","article","type-article","status-publish","hentry","issues-global-framework-agreements","regions-europe","regions-finland","sectors-pulp-and-paper"],"acf":[],"yoast_head":"<!-- This site is optimized with the Yoast SEO Premium plugin v27.1 (Yoast SEO v27.1) - https:\/\/yoast.com\/product\/yoast-seo-premium-wordpress\/ -->\n<title>Le Comit\u00e9 de l&#039;ACM avec Stora Enso planifie un avenir durable - industriall-union<\/title>\n<meta name=\"description\" content=\"Les parties \u00e0 l&#039;ACM se sont engag\u00e9es \u00e0 maintenir un dialogue permanent et doivent se r\u00e9unir tous les deux ans afin de v\u00e9rifier son application dans\" \/>\n<meta name=\"robots\" content=\"index, follow, max-snippet:-1, max-image-preview:large, max-video-preview:-1\" \/>\n<link rel=\"canonical\" href=\"https:\/\/admin.industriall-union.org\/fr\/le-comite-de-l-039-acm-avec-stora-enso-planifie-un-avenir-durable\/\" \/>\n<meta property=\"og:locale\" content=\"fr_FR\" \/>\n<meta property=\"og:type\" content=\"article\" \/>\n<meta property=\"og:title\" content=\"Le Comit\u00e9 de l&#039;ACM avec Stora Enso planifie un avenir durable\" \/>\n<meta property=\"og:description\" content=\"Les parties \u00e0 l&#039;ACM se sont engag\u00e9es \u00e0 maintenir un dialogue permanent et doivent se r\u00e9unir tous les deux ans afin de v\u00e9rifier son application dans\" \/>\n<meta property=\"og:url\" content=\"https:\/\/admin.industriall-union.org\/fr\/le-comite-de-l-039-acm-avec-stora-enso-planifie-un-avenir-durable\/\" \/>\n<meta property=\"og:site_name\" content=\"industriall-union\" \/>\n<meta property=\"article:modified_time\" content=\"2025-02-03T16:59:22+00:00\" \/>\n<meta name=\"twitter:card\" content=\"summary_large_image\" \/>\n<meta name=\"twitter:label1\" content=\"Est. reading time\" \/>\n\t<meta name=\"twitter:data1\" content=\"2 minutes\" \/>\n<script type=\"application\/ld+json\" class=\"yoast-schema-graph\">{\"@context\":\"https:\/\/schema.org\",\"@graph\":[{\"@type\":\"WebPage\",\"@id\":\"https:\/\/admin.industriall-union.org\/fr\/le-comite-de-l-039-acm-avec-stora-enso-planifie-un-avenir-durable\/\",\"url\":\"https:\/\/admin.industriall-union.org\/fr\/le-comite-de-l-039-acm-avec-stora-enso-planifie-un-avenir-durable\/\",\"name\":\"Le Comit\u00e9 de l&#039;ACM avec Stora Enso planifie un avenir durable - industriall-union\",\"isPartOf\":{\"@id\":\"https:\/\/admin.industriall-union.org\/#website\"},\"datePublished\":\"2019-06-05T14:58:52+00:00\",\"dateModified\":\"2025-02-03T16:59:22+00:00\",\"description\":\"Les parties \u00e0 l&#039;ACM se sont engag\u00e9es \u00e0 maintenir un dialogue permanent et doivent se r\u00e9unir tous les deux ans afin de v\u00e9rifier son application dans\",\"breadcrumb\":{\"@id\":\"https:\/\/admin.industriall-union.org\/fr\/le-comite-de-l-039-acm-avec-stora-enso-planifie-un-avenir-durable\/#breadcrumb\"},\"inLanguage\":\"fr-FR\",\"potentialAction\":[{\"@type\":\"ReadAction\",\"target\":[\"https:\/\/admin.industriall-union.org\/fr\/le-comite-de-l-039-acm-avec-stora-enso-planifie-un-avenir-durable\/\"]}]},{\"@type\":\"BreadcrumbList\",\"@id\":\"https:\/\/admin.industriall-union.org\/fr\/le-comite-de-l-039-acm-avec-stora-enso-planifie-un-avenir-durable\/#breadcrumb\",\"itemListElement\":[{\"@type\":\"ListItem\",\"position\":1,\"name\":\"Home\",\"item\":\"https:\/\/admin.industriall-union.org\/\"},{\"@type\":\"ListItem\",\"position\":2,\"name\":\"Articles\",\"item\":\"https:\/\/admin.industriall-union.org\/article\/\"},{\"@type\":\"ListItem\",\"position\":3,\"name\":\"Le Comit\u00e9 de l&#039;ACM avec Stora Enso planifie un avenir durable\"}]},{\"@type\":\"WebSite\",\"@id\":\"https:\/\/admin.industriall-union.org\/#website\",\"url\":\"https:\/\/admin.industriall-union.org\/\",\"name\":\"industriall-union\",\"description\":\"\",\"potentialAction\":[{\"@type\":\"SearchAction\",\"target\":{\"@type\":\"EntryPoint\",\"urlTemplate\":\"https:\/\/admin.industriall-union.org\/?s={search_term_string}\"},\"query-input\":{\"@type\":\"PropertyValueSpecification\",\"valueRequired\":true,\"valueName\":\"search_term_string\"}}],\"inLanguage\":\"fr-FR\"}]}<\/script>\n<!-- \/ Yoast SEO Premium plugin. -->","yoast_head_json":{"title":"Le Comit\u00e9 de l&#039;ACM avec Stora Enso planifie un avenir durable - industriall-union","description":"Les parties \u00e0 l&#039;ACM se sont engag\u00e9es \u00e0 maintenir un dialogue permanent et doivent se r\u00e9unir tous les deux ans afin de v\u00e9rifier son application dans","robots":{"index":"index","follow":"follow","max-snippet":"max-snippet:-1","max-image-preview":"max-image-preview:large","max-video-preview":"max-video-preview:-1"},"canonical":"https:\/\/admin.industriall-union.org\/fr\/le-comite-de-l-039-acm-avec-stora-enso-planifie-un-avenir-durable\/","og_locale":"fr_FR","og_type":"article","og_title":"Le Comit\u00e9 de l&#039;ACM avec Stora Enso planifie un avenir durable","og_description":"Les parties \u00e0 l&#039;ACM se sont engag\u00e9es \u00e0 maintenir un dialogue permanent et doivent se r\u00e9unir tous les deux ans afin de v\u00e9rifier son application dans","og_url":"https:\/\/admin.industriall-union.org\/fr\/le-comite-de-l-039-acm-avec-stora-enso-planifie-un-avenir-durable\/","og_site_name":"industriall-union","article_modified_time":"2025-02-03T16:59:22+00:00","twitter_card":"summary_large_image","twitter_misc":{"Est. reading time":"2 minutes"},"schema":{"@context":"https:\/\/schema.org","@graph":[{"@type":"WebPage","@id":"https:\/\/admin.industriall-union.org\/fr\/le-comite-de-l-039-acm-avec-stora-enso-planifie-un-avenir-durable\/","url":"https:\/\/admin.industriall-union.org\/fr\/le-comite-de-l-039-acm-avec-stora-enso-planifie-un-avenir-durable\/","name":"Le Comit\u00e9 de l&#039;ACM avec Stora Enso planifie un avenir durable - industriall-union","isPartOf":{"@id":"https:\/\/admin.industriall-union.org\/#website"},"datePublished":"2019-06-05T14:58:52+00:00","dateModified":"2025-02-03T16:59:22+00:00","description":"Les parties \u00e0 l&#039;ACM se sont engag\u00e9es \u00e0 maintenir un dialogue permanent et doivent se r\u00e9unir tous les deux ans afin de v\u00e9rifier son application dans","breadcrumb":{"@id":"https:\/\/admin.industriall-union.org\/fr\/le-comite-de-l-039-acm-avec-stora-enso-planifie-un-avenir-durable\/#breadcrumb"},"inLanguage":"fr-FR","potentialAction":[{"@type":"ReadAction","target":["https:\/\/admin.industriall-union.org\/fr\/le-comite-de-l-039-acm-avec-stora-enso-planifie-un-avenir-durable\/"]}]},{"@type":"BreadcrumbList","@id":"https:\/\/admin.industriall-union.org\/fr\/le-comite-de-l-039-acm-avec-stora-enso-planifie-un-avenir-durable\/#breadcrumb","itemListElement":[{"@type":"ListItem","position":1,"name":"Home","item":"https:\/\/admin.industriall-union.org\/"},{"@type":"ListItem","position":2,"name":"Articles","item":"https:\/\/admin.industriall-union.org\/article\/"},{"@type":"ListItem","position":3,"name":"Le Comit\u00e9 de l&#039;ACM avec Stora Enso planifie un avenir durable"}]},{"@type":"WebSite","@id":"https:\/\/admin.industriall-union.org\/#website","url":"https:\/\/admin.industriall-union.org\/","name":"industriall-union","description":"","potentialAction":[{"@type":"SearchAction","target":{"@type":"EntryPoint","urlTemplate":"https:\/\/admin.industriall-union.org\/?s={search_term_string}"},"query-input":{"@type":"PropertyValueSpecification","valueRequired":true,"valueName":"search_term_string"}}],"inLanguage":"fr-FR"}]}},"_links":{"self":[{"href":"https:\/\/admin.industriall-union.org\/fr\/wp-json\/wp\/v2\/article\/147759","targetHints":{"allow":["GET"]}}],"collection":[{"href":"https:\/\/admin.industriall-union.org\/fr\/wp-json\/wp\/v2\/article"}],"about":[{"href":"https:\/\/admin.industriall-union.org\/fr\/wp-json\/wp\/v2\/types\/article"}],"wp:attachment":[{"href":"https:\/\/admin.industriall-union.org\/fr\/wp-json\/wp\/v2\/media?parent=147759"}],"wp:term":[{"taxonomy":"issues","embeddable":true,"href":"https:\/\/admin.industriall-union.org\/fr\/wp-json\/wp\/v2\/issues?post=147759"},{"taxonomy":"companies","embeddable":true,"href":"https:\/\/admin.industriall-union.org\/fr\/wp-json\/wp\/v2\/companies?post=147759"},{"taxonomy":"regions","embeddable":true,"href":"https:\/\/admin.industriall-union.org\/fr\/wp-json\/wp\/v2\/regions?post=147759"},{"taxonomy":"sectors","embeddable":true,"href":"https:\/\/admin.industriall-union.org\/fr\/wp-json\/wp\/v2\/sectors?post=147759"},{"taxonomy":"article_tags","embeddable":true,"href":"https:\/\/admin.industriall-union.org\/fr\/wp-json\/wp\/v2\/article_tags?post=147759"}],"curies":[{"name":"wp","href":"https:\/\/api.w.org\/{rel}","templated":true}]}}