{"id":147735,"date":"2019-06-17T15:12:26","date_gmt":"2019-06-17T15:12:26","guid":{"rendered":"https:\/\/admin.industriall-union.org\/les-metallos-usw-portent-plainte-a-l-oit-contre-le-gouvernement-du-quebec\/"},"modified":"2025-02-03T16:24:13","modified_gmt":"2025-02-03T16:24:13","slug":"les-metallos-usw-portent-plainte-a-l-oit-contre-le-gouvernement-du-quebec","status":"publish","type":"article","link":"https:\/\/admin.industriall-union.org\/fr\/les-metallos-usw-portent-plainte-a-l-oit-contre-le-gouvernement-du-quebec\/","title":{"rendered":"Les M\u00e9tallos USW portent plainte \u00e0 l\u2019OIT contre le gouvernement du Qu\u00e9bec"},"content":{"rendered":"<p>La plainte de l&rsquo;USW fait suite \u00e0 l&rsquo;ing\u00e9rence du Premier Ministre du Qu\u00e9bec, Fran\u00e7ois Legault, dans les n\u00e9gociations sur le <a href=\"http:\/\/www.industriall-union.org\/workers-locked-out-of-canadian-aluminium-smelter-after-negotiations-break-down\">lock-out long de 17 mois<\/a> \u00e0 la fonderie d&rsquo;aluminium de B\u00e9cancour, qui est la copropri\u00e9t\u00e9 des g\u00e9ants de l&rsquo;aluminium Alcoa et Rio Tinto.<br \/><br \/>&ldquo;Par ses d\u00e9clarations destin\u00e9es \u00e0 discr\u00e9diter la position du syndicat en la d\u00e9crivant de mani\u00e8re r\u00e9p\u00e9t\u00e9e comme \u00e9tant &laquo;&nbsp;d\u00e9raisonnable&nbsp;&raquo;. le Premier en est venu \u00e0 mettre tout son poids derri\u00e8re l&rsquo;entreprise dans le cadre d&rsquo;une n\u00e9gociation relevant du secteur priv\u00e9. C&rsquo;est contraire \u00e0 la l\u00e9gislation internationale et nous demandons \u00e0 l&rsquo;OIT de se saisir de l&rsquo;affaire,&rdquo; a d\u00e9clar\u00e9 Alain Croteau, directeur des M\u00e9tallos USW du Qu\u00e9bec.<\/p><p>La plainte fait \u00e9tat d&rsquo;infractions aux Conventions de l&rsquo;OIT sur la libert\u00e9 syndicale et la protection du droit d&rsquo;organisation, de la D\u00e9claration de l&rsquo;OIT relative aux principes et droits fondamentaux au travail ainsi que de la De\u0301claration de principes tripartite sur les entreprises multinationales et la politique sociale et reprend au moins neuf d\u00e9clarations publiques du Premier Ministre faites entre le 1er avril et le 3 juin.<\/p><p>&ldquo;En se rangeant du c\u00f4t\u00e9 de l&rsquo;employeur et en mettant une pression injustifi\u00e9e sur les travailleurs par le biais de l&rsquo;opinion publique, le Premier a min\u00e9 les n\u00e9gociations et le processus de m\u00e9diation. L&rsquo;ing\u00e9rence du Premier jette le doute sur l&rsquo;objectivit\u00e9 du gouvernement dans ce dossier, au moment m\u00eame o\u00f9 le Ministre du Travail venait de d\u00e9poser un projet d&rsquo;accord et que le syndicat demandait la collaboration des autorit\u00e9s pour mettre en place une l\u00e9gislation anti-jaunes&rdquo; pr\u00e9cise le Pr\u00e9sident de la section locale USW 9700, Cl\u00e9ment Masse.<\/p><p>Le lock-out chez ABI a \u00e9t\u00e9 d\u00e9clench\u00e9 par Alcoa et Rio Tinto le 11 janvier de l&rsquo;ann\u00e9e derni\u00e8re, alors m\u00eame que le syndicat avait indiqu\u00e9 qu&rsquo;il n&rsquo;avait pas l&rsquo;intention d&rsquo;exercer son droit \u00e0 la gr\u00e8ve et que seules quelques probl\u00e9matiques restaient \u00e0 r\u00e9gler \u00e0 la table des n\u00e9gociations. L&rsquo;employeur a depuis ajout\u00e9 plusieurs nouvelles revendications, ce qui r\u00e9duit d&rsquo;autant les perspectives d&rsquo;un accord. Le 11 mars, 82% des adh\u00e9rents syndicaux ont rejet\u00e9 une offre de l&rsquo;employeur qui \u00e9tait inf\u00e9rieure \u00e0 celle faite avant que le lock-out soit impos\u00e9.<\/p><p>&ldquo;IndustriALL Global Union ne peut pas accepter que des politiciens s&rsquo;ing\u00e8rent d&rsquo;une mani\u00e8re aussi biais\u00e9e dans des n\u00e9gociations entre partenaires sociaux. Il s&rsquo;agit d&rsquo;une menace s\u00e9rieuse \u00e0 la libert\u00e9 syndicale et au droit de n\u00e9gocier collectivement.<\/p><p>&ldquo;Les travailleurs et travailleuses sont des \u00e9lecteurs et ont le droit \u00e0 \u00eatre respect\u00e9s par les mandataires politiques et les gouvernements. Nous soutenons totalement les pr\u00e9occupations soulev\u00e9es par notre affili\u00e9 sur cette rupture de l&rsquo;\u00e9quit\u00e9 dans l&rsquo;\u00e9valuation de la situation, ce qui conduit \u00e0 une perte de confiance dans le personnel politique,&rdquo; pr\u00e9cise Matthias Hartwich, Directeur d&rsquo;IndustriALL pour les m\u00e9taux de base.<\/p>","protected":false},"featured_media":0,"template":"","issues":[423,424],"companies":[],"regions":[309],"sectors":[481],"article_tags":[],"class_list":["post-147735","article","type-article","status-publish","hentry","issues-ilo-watch","issues-violation","regions-canada","sectors-base-metals"],"acf":[],"yoast_head":"<!-- This site is optimized with the Yoast SEO Premium plugin v27.1 (Yoast SEO v27.1) - https:\/\/yoast.com\/product\/yoast-seo-premium-wordpress\/ -->\n<title>Les M\u00e9tallos USW portent plainte \u00e0 l\u2019OIT contre le gouvernement du Qu\u00e9bec - industriall-union<\/title>\n<meta name=\"description\" content=\"La plainte de l&rsquo;USW fait suite \u00e0 l&rsquo;ing\u00e9rence du Premier Ministre du Qu\u00e9bec, Fran\u00e7ois Legault, dans les n\u00e9gociations sur le lock-out long de 17\" \/>\n<meta name=\"robots\" content=\"index, follow, max-snippet:-1, max-image-preview:large, max-video-preview:-1\" \/>\n<link rel=\"canonical\" href=\"https:\/\/admin.industriall-union.org\/fr\/les-metallos-usw-portent-plainte-a-l-oit-contre-le-gouvernement-du-quebec\/\" \/>\n<meta property=\"og:locale\" content=\"fr_FR\" \/>\n<meta property=\"og:type\" content=\"article\" \/>\n<meta property=\"og:title\" content=\"Les M\u00e9tallos USW portent plainte \u00e0 l\u2019OIT contre le gouvernement du Qu\u00e9bec\" \/>\n<meta property=\"og:description\" content=\"La plainte de l&rsquo;USW fait suite \u00e0 l&rsquo;ing\u00e9rence du Premier Ministre du Qu\u00e9bec, Fran\u00e7ois Legault, dans les n\u00e9gociations sur le lock-out long de 17\" \/>\n<meta property=\"og:url\" content=\"https:\/\/admin.industriall-union.org\/fr\/les-metallos-usw-portent-plainte-a-l-oit-contre-le-gouvernement-du-quebec\/\" \/>\n<meta property=\"og:site_name\" content=\"industriall-union\" \/>\n<meta property=\"article:modified_time\" content=\"2025-02-03T16:24:13+00:00\" \/>\n<meta name=\"twitter:card\" content=\"summary_large_image\" \/>\n<meta name=\"twitter:label1\" content=\"Est. reading time\" \/>\n\t<meta name=\"twitter:data1\" content=\"3 minutes\" \/>\n<script type=\"application\/ld+json\" class=\"yoast-schema-graph\">{\"@context\":\"https:\/\/schema.org\",\"@graph\":[{\"@type\":\"WebPage\",\"@id\":\"https:\/\/admin.industriall-union.org\/fr\/les-metallos-usw-portent-plainte-a-l-oit-contre-le-gouvernement-du-quebec\/\",\"url\":\"https:\/\/admin.industriall-union.org\/fr\/les-metallos-usw-portent-plainte-a-l-oit-contre-le-gouvernement-du-quebec\/\",\"name\":\"Les M\u00e9tallos USW portent plainte \u00e0 l\u2019OIT contre le gouvernement du Qu\u00e9bec - industriall-union\",\"isPartOf\":{\"@id\":\"https:\/\/admin.industriall-union.org\/#website\"},\"datePublished\":\"2019-06-17T15:12:26+00:00\",\"dateModified\":\"2025-02-03T16:24:13+00:00\",\"description\":\"La plainte de l&rsquo;USW fait suite \u00e0 l&rsquo;ing\u00e9rence du Premier Ministre du Qu\u00e9bec, Fran\u00e7ois Legault, dans les n\u00e9gociations sur le lock-out long de 17\",\"breadcrumb\":{\"@id\":\"https:\/\/admin.industriall-union.org\/fr\/les-metallos-usw-portent-plainte-a-l-oit-contre-le-gouvernement-du-quebec\/#breadcrumb\"},\"inLanguage\":\"fr-FR\",\"potentialAction\":[{\"@type\":\"ReadAction\",\"target\":[\"https:\/\/admin.industriall-union.org\/fr\/les-metallos-usw-portent-plainte-a-l-oit-contre-le-gouvernement-du-quebec\/\"]}]},{\"@type\":\"BreadcrumbList\",\"@id\":\"https:\/\/admin.industriall-union.org\/fr\/les-metallos-usw-portent-plainte-a-l-oit-contre-le-gouvernement-du-quebec\/#breadcrumb\",\"itemListElement\":[{\"@type\":\"ListItem\",\"position\":1,\"name\":\"Home\",\"item\":\"https:\/\/admin.industriall-union.org\/\"},{\"@type\":\"ListItem\",\"position\":2,\"name\":\"Articles\",\"item\":\"https:\/\/admin.industriall-union.org\/article\/\"},{\"@type\":\"ListItem\",\"position\":3,\"name\":\"Les M\u00e9tallos USW portent plainte \u00e0 l\u2019OIT contre le gouvernement du Qu\u00e9bec\"}]},{\"@type\":\"WebSite\",\"@id\":\"https:\/\/admin.industriall-union.org\/#website\",\"url\":\"https:\/\/admin.industriall-union.org\/\",\"name\":\"industriall-union\",\"description\":\"\",\"potentialAction\":[{\"@type\":\"SearchAction\",\"target\":{\"@type\":\"EntryPoint\",\"urlTemplate\":\"https:\/\/admin.industriall-union.org\/?s={search_term_string}\"},\"query-input\":{\"@type\":\"PropertyValueSpecification\",\"valueRequired\":true,\"valueName\":\"search_term_string\"}}],\"inLanguage\":\"fr-FR\"}]}<\/script>\n<!-- \/ Yoast SEO Premium plugin. -->","yoast_head_json":{"title":"Les M\u00e9tallos USW portent plainte \u00e0 l\u2019OIT contre le gouvernement du Qu\u00e9bec - industriall-union","description":"La plainte de l&rsquo;USW fait suite \u00e0 l&rsquo;ing\u00e9rence du Premier Ministre du Qu\u00e9bec, Fran\u00e7ois Legault, dans les n\u00e9gociations sur le lock-out long de 17","robots":{"index":"index","follow":"follow","max-snippet":"max-snippet:-1","max-image-preview":"max-image-preview:large","max-video-preview":"max-video-preview:-1"},"canonical":"https:\/\/admin.industriall-union.org\/fr\/les-metallos-usw-portent-plainte-a-l-oit-contre-le-gouvernement-du-quebec\/","og_locale":"fr_FR","og_type":"article","og_title":"Les M\u00e9tallos USW portent plainte \u00e0 l\u2019OIT contre le gouvernement du Qu\u00e9bec","og_description":"La plainte de l&rsquo;USW fait suite \u00e0 l&rsquo;ing\u00e9rence du Premier Ministre du Qu\u00e9bec, Fran\u00e7ois Legault, dans les n\u00e9gociations sur le lock-out long de 17","og_url":"https:\/\/admin.industriall-union.org\/fr\/les-metallos-usw-portent-plainte-a-l-oit-contre-le-gouvernement-du-quebec\/","og_site_name":"industriall-union","article_modified_time":"2025-02-03T16:24:13+00:00","twitter_card":"summary_large_image","twitter_misc":{"Est. reading time":"3 minutes"},"schema":{"@context":"https:\/\/schema.org","@graph":[{"@type":"WebPage","@id":"https:\/\/admin.industriall-union.org\/fr\/les-metallos-usw-portent-plainte-a-l-oit-contre-le-gouvernement-du-quebec\/","url":"https:\/\/admin.industriall-union.org\/fr\/les-metallos-usw-portent-plainte-a-l-oit-contre-le-gouvernement-du-quebec\/","name":"Les M\u00e9tallos USW portent plainte \u00e0 l\u2019OIT contre le gouvernement du Qu\u00e9bec - industriall-union","isPartOf":{"@id":"https:\/\/admin.industriall-union.org\/#website"},"datePublished":"2019-06-17T15:12:26+00:00","dateModified":"2025-02-03T16:24:13+00:00","description":"La plainte de l&rsquo;USW fait suite \u00e0 l&rsquo;ing\u00e9rence du Premier Ministre du Qu\u00e9bec, Fran\u00e7ois Legault, dans les n\u00e9gociations sur le lock-out long de 17","breadcrumb":{"@id":"https:\/\/admin.industriall-union.org\/fr\/les-metallos-usw-portent-plainte-a-l-oit-contre-le-gouvernement-du-quebec\/#breadcrumb"},"inLanguage":"fr-FR","potentialAction":[{"@type":"ReadAction","target":["https:\/\/admin.industriall-union.org\/fr\/les-metallos-usw-portent-plainte-a-l-oit-contre-le-gouvernement-du-quebec\/"]}]},{"@type":"BreadcrumbList","@id":"https:\/\/admin.industriall-union.org\/fr\/les-metallos-usw-portent-plainte-a-l-oit-contre-le-gouvernement-du-quebec\/#breadcrumb","itemListElement":[{"@type":"ListItem","position":1,"name":"Home","item":"https:\/\/admin.industriall-union.org\/"},{"@type":"ListItem","position":2,"name":"Articles","item":"https:\/\/admin.industriall-union.org\/article\/"},{"@type":"ListItem","position":3,"name":"Les M\u00e9tallos USW portent plainte \u00e0 l\u2019OIT contre le gouvernement du Qu\u00e9bec"}]},{"@type":"WebSite","@id":"https:\/\/admin.industriall-union.org\/#website","url":"https:\/\/admin.industriall-union.org\/","name":"industriall-union","description":"","potentialAction":[{"@type":"SearchAction","target":{"@type":"EntryPoint","urlTemplate":"https:\/\/admin.industriall-union.org\/?s={search_term_string}"},"query-input":{"@type":"PropertyValueSpecification","valueRequired":true,"valueName":"search_term_string"}}],"inLanguage":"fr-FR"}]}},"_links":{"self":[{"href":"https:\/\/admin.industriall-union.org\/fr\/wp-json\/wp\/v2\/article\/147735","targetHints":{"allow":["GET"]}}],"collection":[{"href":"https:\/\/admin.industriall-union.org\/fr\/wp-json\/wp\/v2\/article"}],"about":[{"href":"https:\/\/admin.industriall-union.org\/fr\/wp-json\/wp\/v2\/types\/article"}],"wp:attachment":[{"href":"https:\/\/admin.industriall-union.org\/fr\/wp-json\/wp\/v2\/media?parent=147735"}],"wp:term":[{"taxonomy":"issues","embeddable":true,"href":"https:\/\/admin.industriall-union.org\/fr\/wp-json\/wp\/v2\/issues?post=147735"},{"taxonomy":"companies","embeddable":true,"href":"https:\/\/admin.industriall-union.org\/fr\/wp-json\/wp\/v2\/companies?post=147735"},{"taxonomy":"regions","embeddable":true,"href":"https:\/\/admin.industriall-union.org\/fr\/wp-json\/wp\/v2\/regions?post=147735"},{"taxonomy":"sectors","embeddable":true,"href":"https:\/\/admin.industriall-union.org\/fr\/wp-json\/wp\/v2\/sectors?post=147735"},{"taxonomy":"article_tags","embeddable":true,"href":"https:\/\/admin.industriall-union.org\/fr\/wp-json\/wp\/v2\/article_tags?post=147735"}],"curies":[{"name":"wp","href":"https:\/\/api.w.org\/{rel}","templated":true}]}}