{"id":147655,"date":"2019-07-11T14:45:32","date_gmt":"2019-07-11T14:45:32","guid":{"rendered":"https:\/\/admin.industriall-union.org\/la-decision-d-une-cour-d-appel-menace-le-droit-de-greve-en-belgique\/"},"modified":"2025-02-03T15:25:51","modified_gmt":"2025-02-03T15:25:51","slug":"la-decision-d-une-cour-d-appel-menace-le-droit-de-greve-en-belgique","status":"publish","type":"article","link":"https:\/\/admin.industriall-union.org\/fr\/la-decision-d-une-cour-d-appel-menace-le-droit-de-greve-en-belgique\/","title":{"rendered":"La d\u00e9cision d\u2019une cour d\u2019appel menace le droit de gr\u00e8ve en Belgique"},"content":{"rendered":"<p>Bruno Verlaeckt, pr\u00e9sident de la section d&rsquo;Anvers de l&rsquo;affili\u00e9 belge \u00e0 IndustriALL Global Union, La Centrale G\u00e9n\u00e9rale &#8211; ABVV-FGTB, a \u00e9t\u00e9 reconnu coupable d&rsquo;&laquo;&nbsp;entrave m\u00e9chante \u00e0 la circulation&nbsp;&raquo;, apr\u00e8s que son syndicat ait bloqu\u00e9 les routes d&rsquo;acc\u00e8s vers le port d&rsquo;Anvers, lors d&rsquo;une manifestation en 2016. Les gr\u00e9vistes se sont heurt\u00e9s \u00e0 la police, qui a dispers\u00e9 la manifestation et arr\u00eat\u00e9 des dirigeants syndicaux.<\/p><p>Un repr\u00e9sentant d&rsquo;ABVV-FGTB a indiqu\u00e9:<\/p><p>&laquo;&nbsp;Pour nous, les syndicats, cette condamnation est une vrai gifle car, \u00e0 l&rsquo;avenir, de telles actions deviendront quasi impossibles, \u00e9tant entendu qu&rsquo;elles seraient menac\u00e9es de poursuites p\u00e9nales&#8230; Ce jugement est d\u00e9pourvu de tout sentiment de justice, il constitue une menace s\u00e9rieuse contre le droit de gr\u00e8ve et il est contraire \u00e0 la jurisprudence europ\u00e9enne. Par cons\u00e9quent, la FGTB a la ferme intention de faire appel de la d\u00e9cision.<\/p><p>&laquo;&nbsp;Nous refusons d&rsquo;accepter que la seule arme dont nous disposons (le droit de gr\u00e8ve et d&rsquo;organiser des piquets) nous soit retir\u00e9e et que des militants courageux, comme nos deux repr\u00e9sentants syndicaux, soient criminalis\u00e9s. Ca va trop loin&nbsp;!&nbsp;&raquo;<\/p><figure class=\"imageArticle imageMedium\"><img decoding=\"async\" alt=\"\" src=\"\/wp-content\/uploads\/images\/2019\/BELGIUM\/Antwerp_action\/3.jpg\" style=\"width: 600px;height: 401px\" \/><figcaption class=\"imageContent\"><div class=\"imageCaption\"><p>ABVV-FGTB (arr\u00eatez de criminaliser l&rsquo;action sociale)<\/p><\/div><\/figcaption><\/figure><p>La FGTB a jusqu&rsquo;au 25 juillet 2019 pour s&rsquo;adresser \u00e0 la Cour supr\u00eame de Belgique. Cette derni\u00e8re a le pouvoir d&rsquo;annuler un jugement seulement si la Cour d&rsquo;appel n&rsquo;a pas correctement interpr\u00e9t\u00e9 ou appliqu\u00e9 certaines r\u00e8gles juridiques. Dans ce cas, le jugement peut \u00eatre annul\u00e9 et renvoy\u00e9 par la Cour supr\u00eame devant une autre cour d&rsquo;appel. Cette Cour devra alors r\u00e9\u00e9valuer le bien-fond\u00e9 de l&rsquo;affaire.<\/p><p>&laquo;&nbsp;Mener une action organis\u00e9e et non-violente dans des lieux publics est un droit syndical fondamental qui doit \u00eatre pr\u00e9serv\u00e9. La condamnation de Bruno Verlaeckt constitue une violation des libert\u00e9s syndicales. IndustriALL condamne la d\u00e9cision de la Cour belge et exprime sa solidarit\u00e9 avec les syndicats, partout dans le monde, qui luttent pour pr\u00e9server le droit fondamental \u00e0 la libert\u00e9 de r\u00e9union pacifique et d&rsquo;association&nbsp;&raquo;, a d\u00e9clar\u00e9 Valter Sanches, Secr\u00e9taire g\u00e9n\u00e9ral d&rsquo;IndustriALL.<\/p><p>Lors de la conf\u00e9rence mondiale des industries chimiques d&rsquo;IndustriALL qui a eu lieu en juin, \u00e0 Istanbul, 230 participants, venus de 45 pays, ont \u00e9galement exprim\u00e9 leur soutien et leur solidarit\u00e9 avec Bruno Verlaeckt.<\/p><p><span class=\"link link--twitter\">https:\/\/twitter.com\/IndustriALL_GU\/status\/1143880706017452032<\/span><\/p><figure class=\"imageArticle imageMedium\"><figcaption class=\"imageContent\"><div class=\"imageCaption\"><p>ABVV-FGTB<\/p><\/div><\/figcaption><\/figure>","protected":false},"featured_media":0,"template":"","issues":[425],"companies":[],"regions":[208,202],"sectors":[],"article_tags":[529],"class_list":["post-147655","article","type-article","status-publish","hentry","issues-workers-rights","regions-belgium","regions-europe","article_tags-strike"],"acf":[],"yoast_head":"<!-- This site is optimized with the Yoast SEO Premium plugin v27.1 (Yoast SEO v27.1) - https:\/\/yoast.com\/product\/yoast-seo-premium-wordpress\/ -->\n<title>La d\u00e9cision d\u2019une cour d\u2019appel menace le droit de gr\u00e8ve en Belgique - industriall-union<\/title>\n<meta name=\"description\" content=\"Bruno Verlaeckt, pr\u00e9sident de la section d&rsquo;Anvers de l&rsquo;affili\u00e9 belge \u00e0 IndustriALL Global Union, La Centrale G\u00e9n\u00e9rale - ABVV-FGTB, a \u00e9t\u00e9\" \/>\n<meta name=\"robots\" content=\"index, follow, max-snippet:-1, max-image-preview:large, max-video-preview:-1\" \/>\n<link rel=\"canonical\" href=\"https:\/\/admin.industriall-union.org\/fr\/la-decision-d-une-cour-d-appel-menace-le-droit-de-greve-en-belgique\/\" \/>\n<meta property=\"og:locale\" content=\"fr_FR\" \/>\n<meta property=\"og:type\" content=\"article\" \/>\n<meta property=\"og:title\" content=\"La d\u00e9cision d\u2019une cour d\u2019appel menace le droit de gr\u00e8ve en Belgique\" \/>\n<meta property=\"og:description\" content=\"Bruno Verlaeckt, pr\u00e9sident de la section d&rsquo;Anvers de l&rsquo;affili\u00e9 belge \u00e0 IndustriALL Global Union, La Centrale G\u00e9n\u00e9rale - ABVV-FGTB, a \u00e9t\u00e9\" \/>\n<meta property=\"og:url\" content=\"https:\/\/admin.industriall-union.org\/fr\/la-decision-d-une-cour-d-appel-menace-le-droit-de-greve-en-belgique\/\" \/>\n<meta property=\"og:site_name\" content=\"industriall-union\" \/>\n<meta property=\"article:modified_time\" content=\"2025-02-03T15:25:51+00:00\" \/>\n<meta name=\"twitter:card\" content=\"summary_large_image\" \/>\n<meta name=\"twitter:label1\" content=\"Est. reading time\" \/>\n\t<meta name=\"twitter:data1\" content=\"2 minutes\" \/>\n<script type=\"application\/ld+json\" class=\"yoast-schema-graph\">{\"@context\":\"https:\/\/schema.org\",\"@graph\":[{\"@type\":\"WebPage\",\"@id\":\"https:\/\/admin.industriall-union.org\/fr\/la-decision-d-une-cour-d-appel-menace-le-droit-de-greve-en-belgique\/\",\"url\":\"https:\/\/admin.industriall-union.org\/fr\/la-decision-d-une-cour-d-appel-menace-le-droit-de-greve-en-belgique\/\",\"name\":\"La d\u00e9cision d\u2019une cour d\u2019appel menace le droit de gr\u00e8ve en Belgique - industriall-union\",\"isPartOf\":{\"@id\":\"https:\/\/admin.industriall-union.org\/#website\"},\"datePublished\":\"2019-07-11T14:45:32+00:00\",\"dateModified\":\"2025-02-03T15:25:51+00:00\",\"description\":\"Bruno Verlaeckt, pr\u00e9sident de la section d&rsquo;Anvers de l&rsquo;affili\u00e9 belge \u00e0 IndustriALL Global Union, La Centrale G\u00e9n\u00e9rale - ABVV-FGTB, a \u00e9t\u00e9\",\"breadcrumb\":{\"@id\":\"https:\/\/admin.industriall-union.org\/fr\/la-decision-d-une-cour-d-appel-menace-le-droit-de-greve-en-belgique\/#breadcrumb\"},\"inLanguage\":\"fr-FR\",\"potentialAction\":[{\"@type\":\"ReadAction\",\"target\":[\"https:\/\/admin.industriall-union.org\/fr\/la-decision-d-une-cour-d-appel-menace-le-droit-de-greve-en-belgique\/\"]}]},{\"@type\":\"BreadcrumbList\",\"@id\":\"https:\/\/admin.industriall-union.org\/fr\/la-decision-d-une-cour-d-appel-menace-le-droit-de-greve-en-belgique\/#breadcrumb\",\"itemListElement\":[{\"@type\":\"ListItem\",\"position\":1,\"name\":\"Home\",\"item\":\"https:\/\/admin.industriall-union.org\/\"},{\"@type\":\"ListItem\",\"position\":2,\"name\":\"Articles\",\"item\":\"https:\/\/admin.industriall-union.org\/article\/\"},{\"@type\":\"ListItem\",\"position\":3,\"name\":\"La d\u00e9cision d\u2019une cour d\u2019appel menace le droit de gr\u00e8ve en Belgique\"}]},{\"@type\":\"WebSite\",\"@id\":\"https:\/\/admin.industriall-union.org\/#website\",\"url\":\"https:\/\/admin.industriall-union.org\/\",\"name\":\"industriall-union\",\"description\":\"\",\"potentialAction\":[{\"@type\":\"SearchAction\",\"target\":{\"@type\":\"EntryPoint\",\"urlTemplate\":\"https:\/\/admin.industriall-union.org\/?s={search_term_string}\"},\"query-input\":{\"@type\":\"PropertyValueSpecification\",\"valueRequired\":true,\"valueName\":\"search_term_string\"}}],\"inLanguage\":\"fr-FR\"}]}<\/script>\n<!-- \/ Yoast SEO Premium plugin. -->","yoast_head_json":{"title":"La d\u00e9cision d\u2019une cour d\u2019appel menace le droit de gr\u00e8ve en Belgique - industriall-union","description":"Bruno Verlaeckt, pr\u00e9sident de la section d&rsquo;Anvers de l&rsquo;affili\u00e9 belge \u00e0 IndustriALL Global Union, La Centrale G\u00e9n\u00e9rale - ABVV-FGTB, a \u00e9t\u00e9","robots":{"index":"index","follow":"follow","max-snippet":"max-snippet:-1","max-image-preview":"max-image-preview:large","max-video-preview":"max-video-preview:-1"},"canonical":"https:\/\/admin.industriall-union.org\/fr\/la-decision-d-une-cour-d-appel-menace-le-droit-de-greve-en-belgique\/","og_locale":"fr_FR","og_type":"article","og_title":"La d\u00e9cision d\u2019une cour d\u2019appel menace le droit de gr\u00e8ve en Belgique","og_description":"Bruno Verlaeckt, pr\u00e9sident de la section d&rsquo;Anvers de l&rsquo;affili\u00e9 belge \u00e0 IndustriALL Global Union, La Centrale G\u00e9n\u00e9rale - ABVV-FGTB, a \u00e9t\u00e9","og_url":"https:\/\/admin.industriall-union.org\/fr\/la-decision-d-une-cour-d-appel-menace-le-droit-de-greve-en-belgique\/","og_site_name":"industriall-union","article_modified_time":"2025-02-03T15:25:51+00:00","twitter_card":"summary_large_image","twitter_misc":{"Est. reading time":"2 minutes"},"schema":{"@context":"https:\/\/schema.org","@graph":[{"@type":"WebPage","@id":"https:\/\/admin.industriall-union.org\/fr\/la-decision-d-une-cour-d-appel-menace-le-droit-de-greve-en-belgique\/","url":"https:\/\/admin.industriall-union.org\/fr\/la-decision-d-une-cour-d-appel-menace-le-droit-de-greve-en-belgique\/","name":"La d\u00e9cision d\u2019une cour d\u2019appel menace le droit de gr\u00e8ve en Belgique - industriall-union","isPartOf":{"@id":"https:\/\/admin.industriall-union.org\/#website"},"datePublished":"2019-07-11T14:45:32+00:00","dateModified":"2025-02-03T15:25:51+00:00","description":"Bruno Verlaeckt, pr\u00e9sident de la section d&rsquo;Anvers de l&rsquo;affili\u00e9 belge \u00e0 IndustriALL Global Union, La Centrale G\u00e9n\u00e9rale - ABVV-FGTB, a \u00e9t\u00e9","breadcrumb":{"@id":"https:\/\/admin.industriall-union.org\/fr\/la-decision-d-une-cour-d-appel-menace-le-droit-de-greve-en-belgique\/#breadcrumb"},"inLanguage":"fr-FR","potentialAction":[{"@type":"ReadAction","target":["https:\/\/admin.industriall-union.org\/fr\/la-decision-d-une-cour-d-appel-menace-le-droit-de-greve-en-belgique\/"]}]},{"@type":"BreadcrumbList","@id":"https:\/\/admin.industriall-union.org\/fr\/la-decision-d-une-cour-d-appel-menace-le-droit-de-greve-en-belgique\/#breadcrumb","itemListElement":[{"@type":"ListItem","position":1,"name":"Home","item":"https:\/\/admin.industriall-union.org\/"},{"@type":"ListItem","position":2,"name":"Articles","item":"https:\/\/admin.industriall-union.org\/article\/"},{"@type":"ListItem","position":3,"name":"La d\u00e9cision d\u2019une cour d\u2019appel menace le droit de gr\u00e8ve en Belgique"}]},{"@type":"WebSite","@id":"https:\/\/admin.industriall-union.org\/#website","url":"https:\/\/admin.industriall-union.org\/","name":"industriall-union","description":"","potentialAction":[{"@type":"SearchAction","target":{"@type":"EntryPoint","urlTemplate":"https:\/\/admin.industriall-union.org\/?s={search_term_string}"},"query-input":{"@type":"PropertyValueSpecification","valueRequired":true,"valueName":"search_term_string"}}],"inLanguage":"fr-FR"}]}},"_links":{"self":[{"href":"https:\/\/admin.industriall-union.org\/fr\/wp-json\/wp\/v2\/article\/147655","targetHints":{"allow":["GET"]}}],"collection":[{"href":"https:\/\/admin.industriall-union.org\/fr\/wp-json\/wp\/v2\/article"}],"about":[{"href":"https:\/\/admin.industriall-union.org\/fr\/wp-json\/wp\/v2\/types\/article"}],"wp:attachment":[{"href":"https:\/\/admin.industriall-union.org\/fr\/wp-json\/wp\/v2\/media?parent=147655"}],"wp:term":[{"taxonomy":"issues","embeddable":true,"href":"https:\/\/admin.industriall-union.org\/fr\/wp-json\/wp\/v2\/issues?post=147655"},{"taxonomy":"companies","embeddable":true,"href":"https:\/\/admin.industriall-union.org\/fr\/wp-json\/wp\/v2\/companies?post=147655"},{"taxonomy":"regions","embeddable":true,"href":"https:\/\/admin.industriall-union.org\/fr\/wp-json\/wp\/v2\/regions?post=147655"},{"taxonomy":"sectors","embeddable":true,"href":"https:\/\/admin.industriall-union.org\/fr\/wp-json\/wp\/v2\/sectors?post=147655"},{"taxonomy":"article_tags","embeddable":true,"href":"https:\/\/admin.industriall-union.org\/fr\/wp-json\/wp\/v2\/article_tags?post=147655"}],"curies":[{"name":"wp","href":"https:\/\/api.w.org\/{rel}","templated":true}]}}