{"id":147594,"date":"2019-08-08T11:45:24","date_gmt":"2019-08-08T11:45:24","guid":{"rendered":"https:\/\/admin.industriall-union.org\/manifestation-nationale-des-syndicats-indiens-contre-des-reformes-de-la-legislation-du-travail-anti-ouvrieres\/"},"modified":"2025-02-03T14:59:19","modified_gmt":"2025-02-03T14:59:19","slug":"manifestation-nationale-des-syndicats-indiens-contre-des-reformes-de-la-legislation-du-travail-anti-ouvrieres","status":"publish","type":"article","link":"https:\/\/admin.industriall-union.org\/fr\/manifestation-nationale-des-syndicats-indiens-contre-des-reformes-de-la-legislation-du-travail-anti-ouvrieres\/","title":{"rendered":"Manifestation nationale des syndicats indiens contre des \u201cr\u00e9formes\u201d de la l\u00e9gislation du travail anti-ouvri\u00e8res"},"content":{"rendered":"<p>Les travailleurs et travailleuses, dont ceux des affili\u00e9s d&rsquo;IndustriALL, sont descendus dans les rues en r\u00e9ponse \u00e0 l&rsquo;appel des centrales syndicales pour des manifestations \u00e0 l&rsquo;\u00e9chelle nationale, ce 2 ao\u00fbt dernier, alors que le gouvernement Modi introduisait les projets de loi sur le Code des salaires ainsi que le Code sur la sant\u00e9 et la s\u00e9curit\u00e9 professionnelles et les conditions de travail, lors de la session parlementaire en cours de la Lok Sabha.<\/p><figure class=\"imageArticle imageFull\"><img decoding=\"async\" alt=\"\" src=\"\/wp-content\/uploads\/images\/2019\/INDIA\/Wage_Code_protests\/img-20190802-wa0014.jpg\" style=\"width: 1040px;height: 585px\" \/><figcaption class=\"imageContent\">&nbsp;<\/figcaption><\/figure><p>Le Code des salaires, qui a maintenant \u00e9t\u00e9 adopt\u00e9 par le parlement, amalgame quatre lois distinctes qui gouvernent la fixation et le paiement des salaires. Les syndicats indiquent que le nouveau code remet en cause des progr\u00e8s accomplis dans un pass\u00e9 r\u00e9cent par le biais du dialogue social et sape la participation des repr\u00e9sentants syndicaux au processus de fixation des salaires minima.<\/p><p>Alors que les syndicats revendiquaient que les salaires minima soient revus annuellement, le nouveau code permet que leur r\u00e9vision n&rsquo;ait lieu qu&rsquo;une fois tous les cinq ans. Le code des salaires \u00e9dulcore le r\u00e9gime d&rsquo;inspection en rempla\u00e7ant les inspecteurs du travail par des &rsquo;inspecteurs-facilitateurs&rsquo; et introduit un syst\u00e8me d&rsquo;inspection bas\u00e9 sur le web, informatis\u00e9 et al\u00e9atoire, sans juridiction pr\u00e9cise et o\u00f9 les donn\u00e9es sont analys\u00e9es de mani\u00e8re \u00e9lectronique.<\/p><figure class=\"imageArticle imageFull\"><img decoding=\"async\" alt=\"\" src=\"\/wp-content\/uploads\/images\/2019\/INDIA\/Wage_Code_protests\/img-20190802-wa0043.jpg\" style=\"width: 1280px;height: 851px\" \/><figcaption class=\"imageContent\"><div class=\"imageTitle\"><h1>Modi tente de regrouper 44 lois existantes au sein de 4 codes du travail simplifi\u00e9s.<\/h1><\/div><\/figcaption><\/figure><p>Le Code sur la sant\u00e9 et la s\u00e9curit\u00e9 professionnelles et les conditions de travail englobe treize l\u00e9gislations du travail existantes et doit encore \u00eatre adopt\u00e9 par le parlement. Ceci, ainsi que deux autres codes, l&rsquo;un sur les relations sociales et l&rsquo;autre sur la s\u00e9curit\u00e9 sociale, fait partie de la tentative du gouvernement de Modi de regrouper 44 l\u00e9gislations du travail existantes au sein de quatre codes du travail simplifi\u00e9s.<\/p><p>Les l\u00e9gislations du travail existantes ont \u00e9t\u00e9 \u00e0 l&rsquo;origine adopt\u00e9es \u00e0 la suite de luttes ouvri\u00e8res et concernent des besoins et des protections des travailleurs et travailleuses sp\u00e9cifiques au sein de tout un \u00e9ventail de secteurs manufacturiers, de service et de construction. Les syndicats se sont oppos\u00e9s \u00e0 la sur-simplification des l\u00e9gislations du travail et soutiennent que ces projets l\u00e9gislatifs ont totalement ignor\u00e9 les objections soulev\u00e9es par eux.<\/p><p>Dans un communiqu\u00e9 de presse, les centrales syndicales ont d\u00e9clar\u00e9 qu&rsquo;en r\u00e9voquant les l\u00e9gislations existantes, le gouvernement, &ldquo;rendant service de mani\u00e8re extr\u00eamement docile \u00e0 ses ma\u00eetres du monde des affaires&rdquo; a manipul\u00e9 grossi\u00e8rement les droits des travailleurs et travailleuses et en exclu un grand nombre de la protection que leur donnait les codes du travail.<\/p><figure class=\"imageArticle imageFull\"><img decoding=\"async\" alt=\"\" src=\"\/wp-content\/uploads\/images\/2019\/INDIA\/Wage_Code_protests\/img-20190802-wa0029.jpg\" style=\"width: 1280px;height: 960px\" \/><figcaption class=\"imageContent\"><div class=\"imageTitle\"><h1><em>&ldquo;Les syndicats sont r\u00e9ellement mis sur la touche alors que l&rsquo;objectif principal du code du travail semble \u00eatre de rendre ais\u00e9e la conduite des affaires.&rdquo;<\/em><\/h1><\/div><\/figcaption><\/figure><p>Le Dr. G Sanjeeva Reddy, membre du Comit\u00e9 ex\u00e9cutif d&rsquo;IndustriALL et Pr\u00e9sident du Congr\u00e8s national des syndicats indiens, a d\u00e9clar\u00e9&nbsp;:<\/p><blockquote><p>&ldquo;La classe ouvri\u00e8re en Inde est confront\u00e9e \u00e0 la pire attaque jamais men\u00e9e contre elle sous le gouvernement Modi. Toutes les institutions, traditions et pratiques minutieusement construites depuis plus de soixante-dix ans sont \u00e9branl\u00e9es. Les syndicats sont r\u00e9ellement mis sur la touche alors que l&rsquo;objectif principal du code du travail semble \u00eatre de rendre ais\u00e9e la conduite des affaires. Au cours des prochaines ann\u00e9es, la r\u00e9sistance unifi\u00e9e du mouvement syndical va s&rsquo;intensifier.&rdquo;<\/p><\/blockquote><p>Parmi les centrales syndicales participant \u00e0 l&rsquo;action nationale, on retrouvait les organisations suivantes&nbsp;: INTUC, AITUC, HMS, CITU, AIUTUC, TUCC, SEWA, AICCTU, LPF, UTUC ainsi que des f\u00e9d\u00e9rations et associations ind\u00e9pendantes de travailleurs et de salari\u00e9s.<\/p>","protected":false},"featured_media":0,"template":"","issues":[],"companies":[],"regions":[155,166],"sectors":[],"article_tags":[],"class_list":["post-147594","article","type-article","status-publish","hentry","regions-asia-pacific","regions-india"],"acf":[],"yoast_head":"<!-- This site is optimized with the Yoast SEO Premium plugin v27.1 (Yoast SEO v27.1) - https:\/\/yoast.com\/product\/yoast-seo-premium-wordpress\/ -->\n<title>Manifestation nationale des syndicats indiens contre des \u201cr\u00e9formes\u201d de la l\u00e9gislation du travail anti-ouvri\u00e8res - industriall-union<\/title>\n<meta name=\"description\" content=\"Les travailleurs et travailleuses, dont ceux des affili\u00e9s d&rsquo;IndustriALL, sont descendus dans les rues en r\u00e9ponse \u00e0 l&rsquo;appel des centrales\" \/>\n<meta name=\"robots\" content=\"index, follow, max-snippet:-1, max-image-preview:large, max-video-preview:-1\" \/>\n<link rel=\"canonical\" href=\"https:\/\/admin.industriall-union.org\/fr\/manifestation-nationale-des-syndicats-indiens-contre-des-reformes-de-la-legislation-du-travail-anti-ouvrieres\/\" \/>\n<meta property=\"og:locale\" content=\"fr_FR\" \/>\n<meta property=\"og:type\" content=\"article\" \/>\n<meta property=\"og:title\" content=\"Manifestation nationale des syndicats indiens contre des \u201cr\u00e9formes\u201d de la l\u00e9gislation du travail anti-ouvri\u00e8res\" \/>\n<meta property=\"og:description\" content=\"Les travailleurs et travailleuses, dont ceux des affili\u00e9s d&rsquo;IndustriALL, sont descendus dans les rues en r\u00e9ponse \u00e0 l&rsquo;appel des centrales\" \/>\n<meta property=\"og:url\" content=\"https:\/\/admin.industriall-union.org\/fr\/manifestation-nationale-des-syndicats-indiens-contre-des-reformes-de-la-legislation-du-travail-anti-ouvrieres\/\" \/>\n<meta property=\"og:site_name\" content=\"industriall-union\" \/>\n<meta property=\"article:modified_time\" content=\"2025-02-03T14:59:19+00:00\" \/>\n<meta name=\"twitter:card\" content=\"summary_large_image\" \/>\n<meta name=\"twitter:label1\" content=\"Est. reading time\" \/>\n\t<meta name=\"twitter:data1\" content=\"3 minutes\" \/>\n<script type=\"application\/ld+json\" class=\"yoast-schema-graph\">{\"@context\":\"https:\/\/schema.org\",\"@graph\":[{\"@type\":\"WebPage\",\"@id\":\"https:\/\/admin.industriall-union.org\/fr\/manifestation-nationale-des-syndicats-indiens-contre-des-reformes-de-la-legislation-du-travail-anti-ouvrieres\/\",\"url\":\"https:\/\/admin.industriall-union.org\/fr\/manifestation-nationale-des-syndicats-indiens-contre-des-reformes-de-la-legislation-du-travail-anti-ouvrieres\/\",\"name\":\"Manifestation nationale des syndicats indiens contre des \u201cr\u00e9formes\u201d de la l\u00e9gislation du travail anti-ouvri\u00e8res - industriall-union\",\"isPartOf\":{\"@id\":\"https:\/\/admin.industriall-union.org\/#website\"},\"datePublished\":\"2019-08-08T11:45:24+00:00\",\"dateModified\":\"2025-02-03T14:59:19+00:00\",\"description\":\"Les travailleurs et travailleuses, dont ceux des affili\u00e9s d&rsquo;IndustriALL, sont descendus dans les rues en r\u00e9ponse \u00e0 l&rsquo;appel des centrales\",\"breadcrumb\":{\"@id\":\"https:\/\/admin.industriall-union.org\/fr\/manifestation-nationale-des-syndicats-indiens-contre-des-reformes-de-la-legislation-du-travail-anti-ouvrieres\/#breadcrumb\"},\"inLanguage\":\"fr-FR\",\"potentialAction\":[{\"@type\":\"ReadAction\",\"target\":[\"https:\/\/admin.industriall-union.org\/fr\/manifestation-nationale-des-syndicats-indiens-contre-des-reformes-de-la-legislation-du-travail-anti-ouvrieres\/\"]}]},{\"@type\":\"BreadcrumbList\",\"@id\":\"https:\/\/admin.industriall-union.org\/fr\/manifestation-nationale-des-syndicats-indiens-contre-des-reformes-de-la-legislation-du-travail-anti-ouvrieres\/#breadcrumb\",\"itemListElement\":[{\"@type\":\"ListItem\",\"position\":1,\"name\":\"Home\",\"item\":\"https:\/\/admin.industriall-union.org\/\"},{\"@type\":\"ListItem\",\"position\":2,\"name\":\"Articles\",\"item\":\"https:\/\/admin.industriall-union.org\/article\/\"},{\"@type\":\"ListItem\",\"position\":3,\"name\":\"Manifestation nationale des syndicats indiens contre des \u201cr\u00e9formes\u201d de la l\u00e9gislation du travail anti-ouvri\u00e8res\"}]},{\"@type\":\"WebSite\",\"@id\":\"https:\/\/admin.industriall-union.org\/#website\",\"url\":\"https:\/\/admin.industriall-union.org\/\",\"name\":\"industriall-union\",\"description\":\"\",\"potentialAction\":[{\"@type\":\"SearchAction\",\"target\":{\"@type\":\"EntryPoint\",\"urlTemplate\":\"https:\/\/admin.industriall-union.org\/?s={search_term_string}\"},\"query-input\":{\"@type\":\"PropertyValueSpecification\",\"valueRequired\":true,\"valueName\":\"search_term_string\"}}],\"inLanguage\":\"fr-FR\"}]}<\/script>\n<!-- \/ Yoast SEO Premium plugin. -->","yoast_head_json":{"title":"Manifestation nationale des syndicats indiens contre des \u201cr\u00e9formes\u201d de la l\u00e9gislation du travail anti-ouvri\u00e8res - industriall-union","description":"Les travailleurs et travailleuses, dont ceux des affili\u00e9s d&rsquo;IndustriALL, sont descendus dans les rues en r\u00e9ponse \u00e0 l&rsquo;appel des centrales","robots":{"index":"index","follow":"follow","max-snippet":"max-snippet:-1","max-image-preview":"max-image-preview:large","max-video-preview":"max-video-preview:-1"},"canonical":"https:\/\/admin.industriall-union.org\/fr\/manifestation-nationale-des-syndicats-indiens-contre-des-reformes-de-la-legislation-du-travail-anti-ouvrieres\/","og_locale":"fr_FR","og_type":"article","og_title":"Manifestation nationale des syndicats indiens contre des \u201cr\u00e9formes\u201d de la l\u00e9gislation du travail anti-ouvri\u00e8res","og_description":"Les travailleurs et travailleuses, dont ceux des affili\u00e9s d&rsquo;IndustriALL, sont descendus dans les rues en r\u00e9ponse \u00e0 l&rsquo;appel des centrales","og_url":"https:\/\/admin.industriall-union.org\/fr\/manifestation-nationale-des-syndicats-indiens-contre-des-reformes-de-la-legislation-du-travail-anti-ouvrieres\/","og_site_name":"industriall-union","article_modified_time":"2025-02-03T14:59:19+00:00","twitter_card":"summary_large_image","twitter_misc":{"Est. reading time":"3 minutes"},"schema":{"@context":"https:\/\/schema.org","@graph":[{"@type":"WebPage","@id":"https:\/\/admin.industriall-union.org\/fr\/manifestation-nationale-des-syndicats-indiens-contre-des-reformes-de-la-legislation-du-travail-anti-ouvrieres\/","url":"https:\/\/admin.industriall-union.org\/fr\/manifestation-nationale-des-syndicats-indiens-contre-des-reformes-de-la-legislation-du-travail-anti-ouvrieres\/","name":"Manifestation nationale des syndicats indiens contre des \u201cr\u00e9formes\u201d de la l\u00e9gislation du travail anti-ouvri\u00e8res - industriall-union","isPartOf":{"@id":"https:\/\/admin.industriall-union.org\/#website"},"datePublished":"2019-08-08T11:45:24+00:00","dateModified":"2025-02-03T14:59:19+00:00","description":"Les travailleurs et travailleuses, dont ceux des affili\u00e9s d&rsquo;IndustriALL, sont descendus dans les rues en r\u00e9ponse \u00e0 l&rsquo;appel des centrales","breadcrumb":{"@id":"https:\/\/admin.industriall-union.org\/fr\/manifestation-nationale-des-syndicats-indiens-contre-des-reformes-de-la-legislation-du-travail-anti-ouvrieres\/#breadcrumb"},"inLanguage":"fr-FR","potentialAction":[{"@type":"ReadAction","target":["https:\/\/admin.industriall-union.org\/fr\/manifestation-nationale-des-syndicats-indiens-contre-des-reformes-de-la-legislation-du-travail-anti-ouvrieres\/"]}]},{"@type":"BreadcrumbList","@id":"https:\/\/admin.industriall-union.org\/fr\/manifestation-nationale-des-syndicats-indiens-contre-des-reformes-de-la-legislation-du-travail-anti-ouvrieres\/#breadcrumb","itemListElement":[{"@type":"ListItem","position":1,"name":"Home","item":"https:\/\/admin.industriall-union.org\/"},{"@type":"ListItem","position":2,"name":"Articles","item":"https:\/\/admin.industriall-union.org\/article\/"},{"@type":"ListItem","position":3,"name":"Manifestation nationale des syndicats indiens contre des \u201cr\u00e9formes\u201d de la l\u00e9gislation du travail anti-ouvri\u00e8res"}]},{"@type":"WebSite","@id":"https:\/\/admin.industriall-union.org\/#website","url":"https:\/\/admin.industriall-union.org\/","name":"industriall-union","description":"","potentialAction":[{"@type":"SearchAction","target":{"@type":"EntryPoint","urlTemplate":"https:\/\/admin.industriall-union.org\/?s={search_term_string}"},"query-input":{"@type":"PropertyValueSpecification","valueRequired":true,"valueName":"search_term_string"}}],"inLanguage":"fr-FR"}]}},"_links":{"self":[{"href":"https:\/\/admin.industriall-union.org\/fr\/wp-json\/wp\/v2\/article\/147594","targetHints":{"allow":["GET"]}}],"collection":[{"href":"https:\/\/admin.industriall-union.org\/fr\/wp-json\/wp\/v2\/article"}],"about":[{"href":"https:\/\/admin.industriall-union.org\/fr\/wp-json\/wp\/v2\/types\/article"}],"wp:attachment":[{"href":"https:\/\/admin.industriall-union.org\/fr\/wp-json\/wp\/v2\/media?parent=147594"}],"wp:term":[{"taxonomy":"issues","embeddable":true,"href":"https:\/\/admin.industriall-union.org\/fr\/wp-json\/wp\/v2\/issues?post=147594"},{"taxonomy":"companies","embeddable":true,"href":"https:\/\/admin.industriall-union.org\/fr\/wp-json\/wp\/v2\/companies?post=147594"},{"taxonomy":"regions","embeddable":true,"href":"https:\/\/admin.industriall-union.org\/fr\/wp-json\/wp\/v2\/regions?post=147594"},{"taxonomy":"sectors","embeddable":true,"href":"https:\/\/admin.industriall-union.org\/fr\/wp-json\/wp\/v2\/sectors?post=147594"},{"taxonomy":"article_tags","embeddable":true,"href":"https:\/\/admin.industriall-union.org\/fr\/wp-json\/wp\/v2\/article_tags?post=147594"}],"curies":[{"name":"wp","href":"https:\/\/api.w.org\/{rel}","templated":true}]}}