{"id":147570,"date":"2019-08-20T12:10:37","date_gmt":"2019-08-20T12:10:37","guid":{"rendered":"https:\/\/admin.industriall-union.org\/les-syndicats-latino-americains-condamnent-la-montee-du-travail-precaire-chez-general-motors\/"},"modified":"2025-02-03T14:50:25","modified_gmt":"2025-02-03T14:50:25","slug":"les-syndicats-latino-americains-condamnent-la-montee-du-travail-precaire-chez-general-motors","status":"publish","type":"article","link":"https:\/\/admin.industriall-union.org\/fr\/les-syndicats-latino-americains-condamnent-la-montee-du-travail-precaire-chez-general-motors\/","title":{"rendered":"Les syndicats latino-am\u00e9ricains condamnent la mont\u00e9e du travail pr\u00e9caire chez General Motors"},"content":{"rendered":"<p>Des syndicats de General Motors (GM) d&rsquo;Argentine, du Br\u00e9sil et de Colombie se sont rencontr\u00e9s pour d\u00e9battre de la situation des travailleurs et travailleuses. GM, qui produit des voitures, des camions et des moteurs, est en train de restructurer ses activit\u00e9s au sein de plusieurs usines et a dans ce processus \u00e9branl\u00e9 les droits des salari\u00e9s.<\/p><p>Au d\u00e9but de l&rsquo;ann\u00e9e, les dirigeants de GM ont publi\u00e9 une note qui mena\u00e7ait de stopper des activit\u00e9s en Am\u00e9rique latine \u00e0 d\u00e9faut de trouver le moyen de revenir aux b\u00e9n\u00e9fices et ce, bien que les ventes \u00e9taient \u00e0 la hausse.<\/p><p>Les travailleurs et travailleuses pr\u00e9sents \u00e0 la r\u00e9union ont indiqu\u00e9 que GM n&rsquo;\u00e9tait pas au centre d&rsquo;une quelconque crise des ventes ou de la production. En r\u00e9alit\u00e9, elle a d\u00e9cid\u00e9 de restructurer dans le cadre d&rsquo;un objectif strat\u00e9gique visant \u00e0 obtenir des b\u00e9n\u00e9fices plus \u00e9lev\u00e9s que ses concurrents.<\/p><p>GM tente \u00e9galement de cr\u00e9er un fonds de roulement pour pouvoir cr\u00e9er des produits nouveaux et innovants comme des v\u00e9hicules \u00e9lectriques et autonomes. Une fa\u00e7on d&rsquo;y arriver pour l&rsquo;entreprise est de sabrer dans les co\u00fbts du travail, ce qui aboutit \u00e0 des conditions de travail plus pr\u00e9caires.<\/p><p>Lors de la r\u00e9union, les participants ont conclu un pacte solidaire et sont convenus de mener des actions unitaires contre la pr\u00e9carisation de la main d&rsquo;\u0153uvre qui se d\u00e9roule chez GM dans le cadre de sa restructuration, qui a \u00e9galement mont\u00e9 les usines les unes contre les autres.<\/p><p>Ils ont aussi affirm\u00e9 que les travailleurs et travailleuses avaient le droit d&rsquo;\u00eatre inform\u00e9s de ce que GM a planifi\u00e9 pour diff\u00e9rentes usines du Mercosur. On s&rsquo;est d\u00e9clar\u00e9 pr\u00eat \u00e0 n\u00e9gocier mais en s&rsquo;assurant que les droits des travailleurs et travailleuses soient sauvegard\u00e9s et renforc\u00e9s dans le processus.<\/p><p>Ils sont \u00e9galement convenus de travailler en vue de n\u00e9gociations collectives et ont d\u00e9clar\u00e9 qu&rsquo;ils ne n\u00e9gocieraient pas sur des points susceptibles de d\u00e9grader leurs conditions de travail et que si GM n&rsquo;acceptait pas de s&rsquo;engager dans un dialogue avec les syndicats, ils organiseraient une journ\u00e9e d&rsquo;action et de revendication.<\/p><p>Enfin, le Secr\u00e9taire r\u00e9gional d&rsquo;IndustriALL Global Union, Marino Vani, a d\u00e9clar\u00e9&nbsp;:<\/p><blockquote><p>&quot;C&rsquo;\u00e9tait une excellente r\u00e9union, Nous avons commenc\u00e9 \u00e0 travailler en tant que r\u00e9seau des salari\u00e9s de General Motors, ce qui est une des priorit\u00e9s d&rsquo;IndustriALL. Les syndicats \u00e9taient tr\u00e8s bien repr\u00e9sent\u00e9s dans ces discussions.<\/p><p>IndustriALL et les syndicats vont inviter GM et d&rsquo;autres affili\u00e9s au plan mondial \u00e0 prendre part \u00e0 un dialogue permanent et \u00e0 des n\u00e9gociations r\u00e9gionales. Ceci nous permettra de d\u00e9terminer les besoins et revendications des travailleurs et travailleuses de sorte \u00e0 pouvoir, ensemble, trouver des solutions et aboutir \u00e0 des accords qui, a minima, sauvegardent les int\u00e9r\u00eats des travailleurs et travailleuses.&quot;<\/p><\/blockquote>","protected":false},"featured_media":0,"template":"","issues":[422,425],"companies":[],"regions":[261,254],"sectors":[482],"article_tags":[505,511],"class_list":["post-147570","article","type-article","status-publish","hentry","issues-human-trade-union-rights","issues-workers-rights","regions-brazil","regions-latin-america-and-the-caribbean","sectors-automotive","article_tags-collective-bargaining","article_tags-industriall"],"acf":[],"yoast_head":"<!-- This site is optimized with the Yoast SEO Premium plugin v27.1 (Yoast SEO v27.1) - https:\/\/yoast.com\/product\/yoast-seo-premium-wordpress\/ -->\n<title>Les syndicats latino-am\u00e9ricains condamnent la mont\u00e9e du travail pr\u00e9caire chez General Motors - industriall-union<\/title>\n<meta name=\"description\" content=\"Des syndicats de General Motors (GM) d&rsquo;Argentine, du Br\u00e9sil et de Colombie se sont rencontr\u00e9s pour d\u00e9battre de la situation des travailleurs et\" \/>\n<meta name=\"robots\" content=\"index, follow, max-snippet:-1, max-image-preview:large, max-video-preview:-1\" \/>\n<link rel=\"canonical\" href=\"https:\/\/admin.industriall-union.org\/fr\/les-syndicats-latino-americains-condamnent-la-montee-du-travail-precaire-chez-general-motors\/\" \/>\n<meta property=\"og:locale\" content=\"fr_FR\" \/>\n<meta property=\"og:type\" content=\"article\" \/>\n<meta property=\"og:title\" content=\"Les syndicats latino-am\u00e9ricains condamnent la mont\u00e9e du travail pr\u00e9caire chez General Motors\" \/>\n<meta property=\"og:description\" content=\"Des syndicats de General Motors (GM) d&rsquo;Argentine, du Br\u00e9sil et de Colombie se sont rencontr\u00e9s pour d\u00e9battre de la situation des travailleurs et\" \/>\n<meta property=\"og:url\" content=\"https:\/\/admin.industriall-union.org\/fr\/les-syndicats-latino-americains-condamnent-la-montee-du-travail-precaire-chez-general-motors\/\" \/>\n<meta property=\"og:site_name\" content=\"industriall-union\" \/>\n<meta property=\"article:modified_time\" content=\"2025-02-03T14:50:25+00:00\" \/>\n<meta name=\"twitter:card\" content=\"summary_large_image\" \/>\n<meta name=\"twitter:label1\" content=\"Est. reading time\" \/>\n\t<meta name=\"twitter:data1\" content=\"3 minutes\" \/>\n<script type=\"application\/ld+json\" class=\"yoast-schema-graph\">{\"@context\":\"https:\/\/schema.org\",\"@graph\":[{\"@type\":\"WebPage\",\"@id\":\"https:\/\/admin.industriall-union.org\/fr\/les-syndicats-latino-americains-condamnent-la-montee-du-travail-precaire-chez-general-motors\/\",\"url\":\"https:\/\/admin.industriall-union.org\/fr\/les-syndicats-latino-americains-condamnent-la-montee-du-travail-precaire-chez-general-motors\/\",\"name\":\"Les syndicats latino-am\u00e9ricains condamnent la mont\u00e9e du travail pr\u00e9caire chez General Motors - industriall-union\",\"isPartOf\":{\"@id\":\"https:\/\/admin.industriall-union.org\/#website\"},\"datePublished\":\"2019-08-20T12:10:37+00:00\",\"dateModified\":\"2025-02-03T14:50:25+00:00\",\"description\":\"Des syndicats de General Motors (GM) d&rsquo;Argentine, du Br\u00e9sil et de Colombie se sont rencontr\u00e9s pour d\u00e9battre de la situation des travailleurs et\",\"breadcrumb\":{\"@id\":\"https:\/\/admin.industriall-union.org\/fr\/les-syndicats-latino-americains-condamnent-la-montee-du-travail-precaire-chez-general-motors\/#breadcrumb\"},\"inLanguage\":\"fr-FR\",\"potentialAction\":[{\"@type\":\"ReadAction\",\"target\":[\"https:\/\/admin.industriall-union.org\/fr\/les-syndicats-latino-americains-condamnent-la-montee-du-travail-precaire-chez-general-motors\/\"]}]},{\"@type\":\"BreadcrumbList\",\"@id\":\"https:\/\/admin.industriall-union.org\/fr\/les-syndicats-latino-americains-condamnent-la-montee-du-travail-precaire-chez-general-motors\/#breadcrumb\",\"itemListElement\":[{\"@type\":\"ListItem\",\"position\":1,\"name\":\"Home\",\"item\":\"https:\/\/admin.industriall-union.org\/\"},{\"@type\":\"ListItem\",\"position\":2,\"name\":\"Articles\",\"item\":\"https:\/\/admin.industriall-union.org\/article\/\"},{\"@type\":\"ListItem\",\"position\":3,\"name\":\"Les syndicats latino-am\u00e9ricains condamnent la mont\u00e9e du travail pr\u00e9caire chez General Motors\"}]},{\"@type\":\"WebSite\",\"@id\":\"https:\/\/admin.industriall-union.org\/#website\",\"url\":\"https:\/\/admin.industriall-union.org\/\",\"name\":\"industriall-union\",\"description\":\"\",\"potentialAction\":[{\"@type\":\"SearchAction\",\"target\":{\"@type\":\"EntryPoint\",\"urlTemplate\":\"https:\/\/admin.industriall-union.org\/?s={search_term_string}\"},\"query-input\":{\"@type\":\"PropertyValueSpecification\",\"valueRequired\":true,\"valueName\":\"search_term_string\"}}],\"inLanguage\":\"fr-FR\"}]}<\/script>\n<!-- \/ Yoast SEO Premium plugin. -->","yoast_head_json":{"title":"Les syndicats latino-am\u00e9ricains condamnent la mont\u00e9e du travail pr\u00e9caire chez General Motors - industriall-union","description":"Des syndicats de General Motors (GM) d&rsquo;Argentine, du Br\u00e9sil et de Colombie se sont rencontr\u00e9s pour d\u00e9battre de la situation des travailleurs et","robots":{"index":"index","follow":"follow","max-snippet":"max-snippet:-1","max-image-preview":"max-image-preview:large","max-video-preview":"max-video-preview:-1"},"canonical":"https:\/\/admin.industriall-union.org\/fr\/les-syndicats-latino-americains-condamnent-la-montee-du-travail-precaire-chez-general-motors\/","og_locale":"fr_FR","og_type":"article","og_title":"Les syndicats latino-am\u00e9ricains condamnent la mont\u00e9e du travail pr\u00e9caire chez General Motors","og_description":"Des syndicats de General Motors (GM) d&rsquo;Argentine, du Br\u00e9sil et de Colombie se sont rencontr\u00e9s pour d\u00e9battre de la situation des travailleurs et","og_url":"https:\/\/admin.industriall-union.org\/fr\/les-syndicats-latino-americains-condamnent-la-montee-du-travail-precaire-chez-general-motors\/","og_site_name":"industriall-union","article_modified_time":"2025-02-03T14:50:25+00:00","twitter_card":"summary_large_image","twitter_misc":{"Est. reading time":"3 minutes"},"schema":{"@context":"https:\/\/schema.org","@graph":[{"@type":"WebPage","@id":"https:\/\/admin.industriall-union.org\/fr\/les-syndicats-latino-americains-condamnent-la-montee-du-travail-precaire-chez-general-motors\/","url":"https:\/\/admin.industriall-union.org\/fr\/les-syndicats-latino-americains-condamnent-la-montee-du-travail-precaire-chez-general-motors\/","name":"Les syndicats latino-am\u00e9ricains condamnent la mont\u00e9e du travail pr\u00e9caire chez General Motors - industriall-union","isPartOf":{"@id":"https:\/\/admin.industriall-union.org\/#website"},"datePublished":"2019-08-20T12:10:37+00:00","dateModified":"2025-02-03T14:50:25+00:00","description":"Des syndicats de General Motors (GM) d&rsquo;Argentine, du Br\u00e9sil et de Colombie se sont rencontr\u00e9s pour d\u00e9battre de la situation des travailleurs et","breadcrumb":{"@id":"https:\/\/admin.industriall-union.org\/fr\/les-syndicats-latino-americains-condamnent-la-montee-du-travail-precaire-chez-general-motors\/#breadcrumb"},"inLanguage":"fr-FR","potentialAction":[{"@type":"ReadAction","target":["https:\/\/admin.industriall-union.org\/fr\/les-syndicats-latino-americains-condamnent-la-montee-du-travail-precaire-chez-general-motors\/"]}]},{"@type":"BreadcrumbList","@id":"https:\/\/admin.industriall-union.org\/fr\/les-syndicats-latino-americains-condamnent-la-montee-du-travail-precaire-chez-general-motors\/#breadcrumb","itemListElement":[{"@type":"ListItem","position":1,"name":"Home","item":"https:\/\/admin.industriall-union.org\/"},{"@type":"ListItem","position":2,"name":"Articles","item":"https:\/\/admin.industriall-union.org\/article\/"},{"@type":"ListItem","position":3,"name":"Les syndicats latino-am\u00e9ricains condamnent la mont\u00e9e du travail pr\u00e9caire chez General Motors"}]},{"@type":"WebSite","@id":"https:\/\/admin.industriall-union.org\/#website","url":"https:\/\/admin.industriall-union.org\/","name":"industriall-union","description":"","potentialAction":[{"@type":"SearchAction","target":{"@type":"EntryPoint","urlTemplate":"https:\/\/admin.industriall-union.org\/?s={search_term_string}"},"query-input":{"@type":"PropertyValueSpecification","valueRequired":true,"valueName":"search_term_string"}}],"inLanguage":"fr-FR"}]}},"_links":{"self":[{"href":"https:\/\/admin.industriall-union.org\/fr\/wp-json\/wp\/v2\/article\/147570","targetHints":{"allow":["GET"]}}],"collection":[{"href":"https:\/\/admin.industriall-union.org\/fr\/wp-json\/wp\/v2\/article"}],"about":[{"href":"https:\/\/admin.industriall-union.org\/fr\/wp-json\/wp\/v2\/types\/article"}],"wp:attachment":[{"href":"https:\/\/admin.industriall-union.org\/fr\/wp-json\/wp\/v2\/media?parent=147570"}],"wp:term":[{"taxonomy":"issues","embeddable":true,"href":"https:\/\/admin.industriall-union.org\/fr\/wp-json\/wp\/v2\/issues?post=147570"},{"taxonomy":"companies","embeddable":true,"href":"https:\/\/admin.industriall-union.org\/fr\/wp-json\/wp\/v2\/companies?post=147570"},{"taxonomy":"regions","embeddable":true,"href":"https:\/\/admin.industriall-union.org\/fr\/wp-json\/wp\/v2\/regions?post=147570"},{"taxonomy":"sectors","embeddable":true,"href":"https:\/\/admin.industriall-union.org\/fr\/wp-json\/wp\/v2\/sectors?post=147570"},{"taxonomy":"article_tags","embeddable":true,"href":"https:\/\/admin.industriall-union.org\/fr\/wp-json\/wp\/v2\/article_tags?post=147570"}],"curies":[{"name":"wp","href":"https:\/\/api.w.org\/{rel}","templated":true}]}}