{"id":147561,"date":"2019-08-29T14:20:16","date_gmt":"2019-08-29T14:20:16","guid":{"rendered":"https:\/\/admin.industriall-union.org\/asie-pacifique-les-affilies-a-industriall-se-mobilisent-pour-un-commerce-plus-equitable\/"},"modified":"2025-02-03T14:37:55","modified_gmt":"2025-02-03T14:37:55","slug":"asie-pacifique-les-affilies-a-industriall-se-mobilisent-pour-un-commerce-plus-equitable","status":"publish","type":"article","link":"https:\/\/admin.industriall-union.org\/fr\/asie-pacifique-les-affilies-a-industriall-se-mobilisent-pour-un-commerce-plus-equitable\/","title":{"rendered":"Asie-Pacifique: les affili\u00e9s \u00e0 IndustriALL se mobilisent pour un commerce plus \u00e9quitable"},"content":{"rendered":"<p>Les syndicats demandent que les accords de libre-\u00e9change profitent \u00e0 tous et que les syndicats soient consult\u00e9s dans les n\u00e9gociations. La journ\u00e9e d&#039;action est programm\u00e9e de mani\u00e8re \u00e0 co\u00efncider avec le T20 ou Travail 20 &#8211; une r\u00e9union des dirigeants syndicaux des pays du G20, qui se tiendra \u00e0 Tokyo, au Japon, les 29 et 30 ao\u00fbt.<\/p><p>En affectant presque tous les aspects de l&#039;\u00e9conomie nationale, la nouvelle g\u00e9n\u00e9ration d&#039;accords de libre-\u00e9change complets, tels que le Partenariat \u00e9conomique r\u00e9gional global, qui exige une lib\u00e9ralisation accrue dans la r\u00e9gion Asie-Pacifique, va au-del\u00e0 de simples r\u00e9ductions tarifaires. Ces nouveaux accords ont de graves cons\u00e9quences sur la capacit\u00e9 des gouvernements \u00e0 utiliser les instruments politiques en fonction de leurs besoins de d\u00e9veloppement et s&rsquo;apparentent, \u00e0 bien des \u00e9gards, \u00e0 des programmes commerciaux des entreprises pouvant&nbsp; avoir une incidence n\u00e9gative sur les droits des travailleurs.<\/p><p>Les n\u00e9gociations du Partenariat \u00e9conomique r\u00e9gional global, qui concerne 16 pays et la moiti\u00e9 de la population mondiale, sont \u00e0 un stade avanc\u00e9 et devraient \u00eatre conclues d&#039;ici la fin de l&#039;ann\u00e9e.<\/p><p>Les actions des affili\u00e9s \u00e0 IndustriALL dans la r\u00e9gion Asie-Pacifique sont guid\u00e9es par les dix principes directeurs de l&#039;intervention syndicale dans les forums et processus politiques qui ont \u00e9t\u00e9 adopt\u00e9s par le Comit\u00e9 ex\u00e9cutif d&#039;IndustriALL.<\/p><ol><li>Les gouvernements doivent revenir au multilat\u00e9ralisme, au lieu de conclure des accords commerciaux bilat\u00e9raux ou r\u00e9gionaux<\/li><li>Les accords commerciaux doivent inclure des droits du travail ex\u00e9cutoires et faire r\u00e9f\u00e9rence aux conventions de l&#039;OIT<\/li><li>Les n\u00e9gociations commerciales doivent \u00eatre transparentes et inclusives<\/li><li>Les gouvernements doivent garder le contr\u00f4le et \u00eatre en mesure d&#039;\u00e9tablir une politique industrielle<\/li><li>Dire non aux dispositions relatives au r\u00e8glement des diff\u00e9rends entre investisseurs et \u00c9tats, qui permettent aux entreprises de poursuivre les pays s&#039;ils adoptent des lois qui limitent leurs profits<\/li><li>Les gouvernements doivent \u00eatre en mesure de r\u00e9glementer l&#039;\u00e9conomie num\u00e9rique et de jouer un r\u00f4le dans l&#039;\u00e9laboration des politiques en mati\u00e8re d&#039;infrastructure num\u00e9rique<\/li><li>Les droits de propri\u00e9t\u00e9 intellectuelle ne doivent pas entraver les efforts d\u00e9ploy\u00e9s par les gouvernements pour atteindre les Objectifs de d\u00e9veloppement durable des Nations Unies. Les restrictions sur les m\u00e9dicaments doivent \u00eatre supprim\u00e9es des accords commerciaux<\/li><li>Les pays doivent \u00eatre en mesure d&#039;utiliser des mesures correctives commerciales fond\u00e9es sur des r\u00e8gles pour d\u00e9fendre les industries locales contre le commerce in\u00e9quitable<\/li><li>Les march\u00e9s publics doivent rester un outil de politique industrielle du gouvernement<\/li><li>Les services publics doivent \u00eatre exclus des engagements juridiquement contraignants d\u00e9coulant des accords commerciaux<\/li><\/ol><p>Le 30 ao\u00fbt, les affili\u00e9s \u00e0 IndustriALL organiseront des rassemblements, des manifestations et des ateliers pour attirer l&rsquo;attention sur leurs revendications.<\/p><p>Le T20, qui est organis\u00e9 par la Conf\u00e9d\u00e9ration syndicale internationale (CSI) et l&#039;OCDE, a lieu avant la r\u00e9union des ministres du Travail et de l&#039;Emploi du G20 \u00e0 Matsuyama, au Japon, les 1er et 2 septembre.<\/p>","protected":false},"featured_media":0,"template":"","issues":[406,413,425],"companies":[],"regions":[155,168],"sectors":[],"article_tags":[],"class_list":["post-147561","article","type-article","status-publish","hentry","issues-confronting-global-capital","issues-trade","issues-workers-rights","regions-asia-pacific","regions-japan"],"acf":[],"yoast_head":"<!-- This site is optimized with the Yoast SEO Premium plugin v27.1 (Yoast SEO v27.1) - https:\/\/yoast.com\/product\/yoast-seo-premium-wordpress\/ -->\n<title>Asie-Pacifique: les affili\u00e9s \u00e0 IndustriALL se mobilisent pour un commerce plus \u00e9quitable - industriall-union<\/title>\n<meta name=\"description\" content=\"Les syndicats demandent que les accords de libre-\u00e9change profitent \u00e0 tous et que les syndicats soient consult\u00e9s dans les n\u00e9gociations. La journ\u00e9e\" \/>\n<meta name=\"robots\" content=\"index, follow, max-snippet:-1, max-image-preview:large, max-video-preview:-1\" \/>\n<link rel=\"canonical\" href=\"https:\/\/admin.industriall-union.org\/fr\/asie-pacifique-les-affilies-a-industriall-se-mobilisent-pour-un-commerce-plus-equitable\/\" \/>\n<meta property=\"og:locale\" content=\"fr_FR\" \/>\n<meta property=\"og:type\" content=\"article\" \/>\n<meta property=\"og:title\" content=\"Asie-Pacifique: les affili\u00e9s \u00e0 IndustriALL se mobilisent pour un commerce plus \u00e9quitable\" \/>\n<meta property=\"og:description\" content=\"Les syndicats demandent que les accords de libre-\u00e9change profitent \u00e0 tous et que les syndicats soient consult\u00e9s dans les n\u00e9gociations. La journ\u00e9e\" \/>\n<meta property=\"og:url\" content=\"https:\/\/admin.industriall-union.org\/fr\/asie-pacifique-les-affilies-a-industriall-se-mobilisent-pour-un-commerce-plus-equitable\/\" \/>\n<meta property=\"og:site_name\" content=\"industriall-union\" \/>\n<meta property=\"article:modified_time\" content=\"2025-02-03T14:37:55+00:00\" \/>\n<meta name=\"twitter:card\" content=\"summary_large_image\" \/>\n<meta name=\"twitter:label1\" content=\"Est. reading time\" \/>\n\t<meta name=\"twitter:data1\" content=\"3 minutes\" \/>\n<script type=\"application\/ld+json\" class=\"yoast-schema-graph\">{\"@context\":\"https:\/\/schema.org\",\"@graph\":[{\"@type\":\"WebPage\",\"@id\":\"https:\/\/admin.industriall-union.org\/fr\/asie-pacifique-les-affilies-a-industriall-se-mobilisent-pour-un-commerce-plus-equitable\/\",\"url\":\"https:\/\/admin.industriall-union.org\/fr\/asie-pacifique-les-affilies-a-industriall-se-mobilisent-pour-un-commerce-plus-equitable\/\",\"name\":\"Asie-Pacifique: les affili\u00e9s \u00e0 IndustriALL se mobilisent pour un commerce plus \u00e9quitable - industriall-union\",\"isPartOf\":{\"@id\":\"https:\/\/admin.industriall-union.org\/ru\/#website\"},\"datePublished\":\"2019-08-29T14:20:16+00:00\",\"dateModified\":\"2025-02-03T14:37:55+00:00\",\"description\":\"Les syndicats demandent que les accords de libre-\u00e9change profitent \u00e0 tous et que les syndicats soient consult\u00e9s dans les n\u00e9gociations. La journ\u00e9e\",\"breadcrumb\":{\"@id\":\"https:\/\/admin.industriall-union.org\/fr\/asie-pacifique-les-affilies-a-industriall-se-mobilisent-pour-un-commerce-plus-equitable\/#breadcrumb\"},\"inLanguage\":\"fr-FR\",\"potentialAction\":[{\"@type\":\"ReadAction\",\"target\":[\"https:\/\/admin.industriall-union.org\/fr\/asie-pacifique-les-affilies-a-industriall-se-mobilisent-pour-un-commerce-plus-equitable\/\"]}]},{\"@type\":\"BreadcrumbList\",\"@id\":\"https:\/\/admin.industriall-union.org\/fr\/asie-pacifique-les-affilies-a-industriall-se-mobilisent-pour-un-commerce-plus-equitable\/#breadcrumb\",\"itemListElement\":[{\"@type\":\"ListItem\",\"position\":1,\"name\":\"Home\",\"item\":\"https:\/\/admin.industriall-union.org\/ru\/\"},{\"@type\":\"ListItem\",\"position\":2,\"name\":\"Articles\",\"item\":\"https:\/\/admin.industriall-union.org\/ru\/article\/\"},{\"@type\":\"ListItem\",\"position\":3,\"name\":\"Asie-Pacifique: les affili\u00e9s \u00e0 IndustriALL se mobilisent pour un commerce plus \u00e9quitable\"}]},{\"@type\":\"WebSite\",\"@id\":\"https:\/\/admin.industriall-union.org\/ru\/#website\",\"url\":\"https:\/\/admin.industriall-union.org\/ru\/\",\"name\":\"industriall-union\",\"description\":\"\",\"potentialAction\":[{\"@type\":\"SearchAction\",\"target\":{\"@type\":\"EntryPoint\",\"urlTemplate\":\"https:\/\/admin.industriall-union.org\/ru\/?s={search_term_string}\"},\"query-input\":{\"@type\":\"PropertyValueSpecification\",\"valueRequired\":true,\"valueName\":\"search_term_string\"}}],\"inLanguage\":\"fr-FR\"}]}<\/script>\n<!-- \/ Yoast SEO Premium plugin. -->","yoast_head_json":{"title":"Asie-Pacifique: les affili\u00e9s \u00e0 IndustriALL se mobilisent pour un commerce plus \u00e9quitable - industriall-union","description":"Les syndicats demandent que les accords de libre-\u00e9change profitent \u00e0 tous et que les syndicats soient consult\u00e9s dans les n\u00e9gociations. La journ\u00e9e","robots":{"index":"index","follow":"follow","max-snippet":"max-snippet:-1","max-image-preview":"max-image-preview:large","max-video-preview":"max-video-preview:-1"},"canonical":"https:\/\/admin.industriall-union.org\/fr\/asie-pacifique-les-affilies-a-industriall-se-mobilisent-pour-un-commerce-plus-equitable\/","og_locale":"fr_FR","og_type":"article","og_title":"Asie-Pacifique: les affili\u00e9s \u00e0 IndustriALL se mobilisent pour un commerce plus \u00e9quitable","og_description":"Les syndicats demandent que les accords de libre-\u00e9change profitent \u00e0 tous et que les syndicats soient consult\u00e9s dans les n\u00e9gociations. La journ\u00e9e","og_url":"https:\/\/admin.industriall-union.org\/fr\/asie-pacifique-les-affilies-a-industriall-se-mobilisent-pour-un-commerce-plus-equitable\/","og_site_name":"industriall-union","article_modified_time":"2025-02-03T14:37:55+00:00","twitter_card":"summary_large_image","twitter_misc":{"Est. reading time":"3 minutes"},"schema":{"@context":"https:\/\/schema.org","@graph":[{"@type":"WebPage","@id":"https:\/\/admin.industriall-union.org\/fr\/asie-pacifique-les-affilies-a-industriall-se-mobilisent-pour-un-commerce-plus-equitable\/","url":"https:\/\/admin.industriall-union.org\/fr\/asie-pacifique-les-affilies-a-industriall-se-mobilisent-pour-un-commerce-plus-equitable\/","name":"Asie-Pacifique: les affili\u00e9s \u00e0 IndustriALL se mobilisent pour un commerce plus \u00e9quitable - industriall-union","isPartOf":{"@id":"https:\/\/admin.industriall-union.org\/ru\/#website"},"datePublished":"2019-08-29T14:20:16+00:00","dateModified":"2025-02-03T14:37:55+00:00","description":"Les syndicats demandent que les accords de libre-\u00e9change profitent \u00e0 tous et que les syndicats soient consult\u00e9s dans les n\u00e9gociations. La journ\u00e9e","breadcrumb":{"@id":"https:\/\/admin.industriall-union.org\/fr\/asie-pacifique-les-affilies-a-industriall-se-mobilisent-pour-un-commerce-plus-equitable\/#breadcrumb"},"inLanguage":"fr-FR","potentialAction":[{"@type":"ReadAction","target":["https:\/\/admin.industriall-union.org\/fr\/asie-pacifique-les-affilies-a-industriall-se-mobilisent-pour-un-commerce-plus-equitable\/"]}]},{"@type":"BreadcrumbList","@id":"https:\/\/admin.industriall-union.org\/fr\/asie-pacifique-les-affilies-a-industriall-se-mobilisent-pour-un-commerce-plus-equitable\/#breadcrumb","itemListElement":[{"@type":"ListItem","position":1,"name":"Home","item":"https:\/\/admin.industriall-union.org\/ru\/"},{"@type":"ListItem","position":2,"name":"Articles","item":"https:\/\/admin.industriall-union.org\/ru\/article\/"},{"@type":"ListItem","position":3,"name":"Asie-Pacifique: les affili\u00e9s \u00e0 IndustriALL se mobilisent pour un commerce plus \u00e9quitable"}]},{"@type":"WebSite","@id":"https:\/\/admin.industriall-union.org\/ru\/#website","url":"https:\/\/admin.industriall-union.org\/ru\/","name":"industriall-union","description":"","potentialAction":[{"@type":"SearchAction","target":{"@type":"EntryPoint","urlTemplate":"https:\/\/admin.industriall-union.org\/ru\/?s={search_term_string}"},"query-input":{"@type":"PropertyValueSpecification","valueRequired":true,"valueName":"search_term_string"}}],"inLanguage":"fr-FR"}]}},"_links":{"self":[{"href":"https:\/\/admin.industriall-union.org\/fr\/wp-json\/wp\/v2\/article\/147561","targetHints":{"allow":["GET"]}}],"collection":[{"href":"https:\/\/admin.industriall-union.org\/fr\/wp-json\/wp\/v2\/article"}],"about":[{"href":"https:\/\/admin.industriall-union.org\/fr\/wp-json\/wp\/v2\/types\/article"}],"wp:attachment":[{"href":"https:\/\/admin.industriall-union.org\/fr\/wp-json\/wp\/v2\/media?parent=147561"}],"wp:term":[{"taxonomy":"issues","embeddable":true,"href":"https:\/\/admin.industriall-union.org\/fr\/wp-json\/wp\/v2\/issues?post=147561"},{"taxonomy":"companies","embeddable":true,"href":"https:\/\/admin.industriall-union.org\/fr\/wp-json\/wp\/v2\/companies?post=147561"},{"taxonomy":"regions","embeddable":true,"href":"https:\/\/admin.industriall-union.org\/fr\/wp-json\/wp\/v2\/regions?post=147561"},{"taxonomy":"sectors","embeddable":true,"href":"https:\/\/admin.industriall-union.org\/fr\/wp-json\/wp\/v2\/sectors?post=147561"},{"taxonomy":"article_tags","embeddable":true,"href":"https:\/\/admin.industriall-union.org\/fr\/wp-json\/wp\/v2\/article_tags?post=147561"}],"curies":[{"name":"wp","href":"https:\/\/api.w.org\/{rel}","templated":true}]}}