{"id":147536,"date":"2019-09-13T14:43:34","date_gmt":"2019-09-13T14:43:34","guid":{"rendered":"https:\/\/admin.industriall-union.org\/les-travailleurs-de-riva-steel-en-greve-depuis-quatre-mois\/"},"modified":"2025-02-03T14:23:49","modified_gmt":"2025-02-03T14:23:49","slug":"les-travailleurs-de-riva-steel-en-greve-depuis-quatre-mois","status":"publish","type":"article","link":"https:\/\/admin.industriall-union.org\/fr\/les-travailleurs-de-riva-steel-en-greve-depuis-quatre-mois\/","title":{"rendered":"Les travailleurs de Riva Steel en gr\u00e8ve depuis quatre mois"},"content":{"rendered":"<p>La gr\u00e8ve aux usines Hennigsdorfer Elektrostahlwerke (HES) de Tr\u00e8ves et Horath a \u00e9clat\u00e9 lorsque la direction a annonc\u00e9 unilat\u00e9ralement l&#039;\u00e9chec de la n\u00e9gociation collective et d\u00e9clar\u00e9 qu&#039;elle ne comptait pas conclure une convention avec IG Metall.<\/p><p>HES appartient au groupe sid\u00e9rurgique italien Riva et compte deux autres sites de production dont les personnels sont couverts par une convention collective. Riva a rachet\u00e9 les sites de Tr\u00e8ves et Horath il y a deux ans, les a int\u00e9gr\u00e9s \u00e0 sa filiale allemande HES et y pratiquerait des salaires de 20 \u00e0 30 inf\u00e9rieurs \u00e0 ceux de la convention collective de la r\u00e9gion<\/p><p>Payer aux travailleurs le salaire r\u00e9gional aurait un co\u00fbt d&#039;environ un million d&#039;euros par an. Or, les pertes \u00e9conomiques caus\u00e9es par la gr\u00e8ve sont estim\u00e9es \u00e0 environ trois millions d&#039;euros; et pourtant la direction refuse de c\u00e9der. Les travailleurs sont persuad\u00e9s que les salaires ne sont plus au centre de ce conflit. Riva a deux autres filiales dans la sid\u00e9rurgie allemande et il est \u00e0 craindre que cette entreprise veuille cr\u00e9er un pr\u00e9c\u00e9dent en mati\u00e8re de lutte antisyndicale.<\/p><p>La gr\u00e8ve a le soutien de la communaut\u00e9 locale, du Parti social-d\u00e9mocrate, de La Gauche et des Verts. Des manifestations ont eu lieu \u00e0 Tr\u00e8ves et les travailleurs ont envoy\u00e9 plusieurs d\u00e9l\u00e9gations \u00e0 Berlin pour rencontrer le ministre du Travail.&nbsp;<\/p><p>Elle a aussi re\u00e7u un soutien international. Des d\u00e9l\u00e9gu\u00e9s \u00e0 la conf\u00e9rence mondiale de l&#039;Ing\u00e9nierie m\u00e9canique d&#039;IndustriALL Global Union, r\u00e9unis les 11 et 12 septembre \u00e0 Stuttgart, ont adopt\u00e9 \u00e0 l&#039;unanimit\u00e9 une motion de solidarit\u00e9 disant :<\/p><figure class=\"imageArticle imageFull\"><img decoding=\"async\" alt=\"\" src=\"\/wp-content\/uploads\/images\/2019\/GERMANY\/Riva\/mechanicial_engineering_group_banner30.jpg\" style=\"width: 6000px;height: 2211px\" \/><figcaption class=\"imageContent\"><div class=\"imageTitle\"><h1><em>&ldquo;Nous, 90 participants de 19 pays, exprimons notre solidarit\u00e9 avec les gr\u00e9vistes de Riva.&rdquo;<\/em><\/h1><\/div><\/figcaption><\/figure><p>&ldquo;Nous, 90 participants de 19 pays, exprimons notre solidarit\u00e9 avec les gr\u00e9vistes de Riva.&rdquo;<\/p><p>Valter Sanches et Luc Triangle, les Secr\u00e9taires g\u00e9n\u00e9raux de, respectivement, IndustriALL Global Union et IndustriALL Europe, ont envoy\u00e9 une lettre commune \u00e0 la direction de Riva pour l&#039;exhorter \u00e0 reprendre la n\u00e9gociation collective avec IG Metall.<\/p><p>Dans cette lettre, ils \u00e9crivent :<\/p><blockquote><p>&ldquo;IG Metall n&#039;a eu d&#039;autre choix que d&#039;appeler \u00e0 la gr\u00e8ve, laquelle a le soutien de tout le personnel. Les travailleurs sont maintenant en gr\u00e8ve depuis plus de 13 semaines, mais la situation reste inchang\u00e9e.<\/p><p>Il faut ajouter qu&#039;IG Metall a m\u00eame offert d&#039;entamer des n\u00e9gociations sous la houlette de m\u00e9diateurs, mais sa proposition est rest\u00e9e sans suite.<\/p><p>IndustriALL Global Union et IndustriAll Europe appellent Riva Stahl \u00e0 revenir \u00e0 la table des n\u00e9gociations pour trouver une solution juste et \u00e9quitable au conflit.&rdquo;<\/p><\/blockquote>","protected":false},"featured_media":0,"template":"","issues":[],"companies":[],"regions":[202,219],"sectors":[481],"article_tags":[],"class_list":["post-147536","article","type-article","status-publish","hentry","regions-europe","regions-germany","sectors-base-metals"],"acf":[],"yoast_head":"<!-- This site is optimized with the Yoast SEO Premium plugin v27.1 (Yoast SEO v27.1) - https:\/\/yoast.com\/product\/yoast-seo-premium-wordpress\/ -->\n<title>Les travailleurs de Riva Steel en gr\u00e8ve depuis quatre mois - industriall-union<\/title>\n<meta name=\"description\" content=\"La gr\u00e8ve aux usines Hennigsdorfer Elektrostahlwerke (HES) de Tr\u00e8ves et Horath a \u00e9clat\u00e9 lorsque la direction a annonc\u00e9 unilat\u00e9ralement l&#039;\u00e9chec de la\" \/>\n<meta name=\"robots\" content=\"index, follow, max-snippet:-1, max-image-preview:large, max-video-preview:-1\" \/>\n<link rel=\"canonical\" href=\"https:\/\/admin.industriall-union.org\/fr\/les-travailleurs-de-riva-steel-en-greve-depuis-quatre-mois\/\" \/>\n<meta property=\"og:locale\" content=\"fr_FR\" \/>\n<meta property=\"og:type\" content=\"article\" \/>\n<meta property=\"og:title\" content=\"Les travailleurs de Riva Steel en gr\u00e8ve depuis quatre mois\" \/>\n<meta property=\"og:description\" content=\"La gr\u00e8ve aux usines Hennigsdorfer Elektrostahlwerke (HES) de Tr\u00e8ves et Horath a \u00e9clat\u00e9 lorsque la direction a annonc\u00e9 unilat\u00e9ralement l&#039;\u00e9chec de la\" \/>\n<meta property=\"og:url\" content=\"https:\/\/admin.industriall-union.org\/fr\/les-travailleurs-de-riva-steel-en-greve-depuis-quatre-mois\/\" \/>\n<meta property=\"og:site_name\" content=\"industriall-union\" \/>\n<meta property=\"article:modified_time\" content=\"2025-02-03T14:23:49+00:00\" \/>\n<meta name=\"twitter:card\" content=\"summary_large_image\" \/>\n<meta name=\"twitter:label1\" content=\"Est. reading time\" \/>\n\t<meta name=\"twitter:data1\" content=\"2 minutes\" \/>\n<script type=\"application\/ld+json\" class=\"yoast-schema-graph\">{\"@context\":\"https:\/\/schema.org\",\"@graph\":[{\"@type\":\"WebPage\",\"@id\":\"https:\/\/admin.industriall-union.org\/fr\/les-travailleurs-de-riva-steel-en-greve-depuis-quatre-mois\/\",\"url\":\"https:\/\/admin.industriall-union.org\/fr\/les-travailleurs-de-riva-steel-en-greve-depuis-quatre-mois\/\",\"name\":\"Les travailleurs de Riva Steel en gr\u00e8ve depuis quatre mois - industriall-union\",\"isPartOf\":{\"@id\":\"https:\/\/admin.industriall-union.org\/#website\"},\"datePublished\":\"2019-09-13T14:43:34+00:00\",\"dateModified\":\"2025-02-03T14:23:49+00:00\",\"description\":\"La gr\u00e8ve aux usines Hennigsdorfer Elektrostahlwerke (HES) de Tr\u00e8ves et Horath a \u00e9clat\u00e9 lorsque la direction a annonc\u00e9 unilat\u00e9ralement l&#039;\u00e9chec de la\",\"breadcrumb\":{\"@id\":\"https:\/\/admin.industriall-union.org\/fr\/les-travailleurs-de-riva-steel-en-greve-depuis-quatre-mois\/#breadcrumb\"},\"inLanguage\":\"fr-FR\",\"potentialAction\":[{\"@type\":\"ReadAction\",\"target\":[\"https:\/\/admin.industriall-union.org\/fr\/les-travailleurs-de-riva-steel-en-greve-depuis-quatre-mois\/\"]}]},{\"@type\":\"BreadcrumbList\",\"@id\":\"https:\/\/admin.industriall-union.org\/fr\/les-travailleurs-de-riva-steel-en-greve-depuis-quatre-mois\/#breadcrumb\",\"itemListElement\":[{\"@type\":\"ListItem\",\"position\":1,\"name\":\"Home\",\"item\":\"https:\/\/admin.industriall-union.org\/\"},{\"@type\":\"ListItem\",\"position\":2,\"name\":\"Articles\",\"item\":\"https:\/\/admin.industriall-union.org\/article\/\"},{\"@type\":\"ListItem\",\"position\":3,\"name\":\"Les travailleurs de Riva Steel en gr\u00e8ve depuis quatre mois\"}]},{\"@type\":\"WebSite\",\"@id\":\"https:\/\/admin.industriall-union.org\/#website\",\"url\":\"https:\/\/admin.industriall-union.org\/\",\"name\":\"industriall-union\",\"description\":\"\",\"potentialAction\":[{\"@type\":\"SearchAction\",\"target\":{\"@type\":\"EntryPoint\",\"urlTemplate\":\"https:\/\/admin.industriall-union.org\/?s={search_term_string}\"},\"query-input\":{\"@type\":\"PropertyValueSpecification\",\"valueRequired\":true,\"valueName\":\"search_term_string\"}}],\"inLanguage\":\"fr-FR\"}]}<\/script>\n<!-- \/ Yoast SEO Premium plugin. -->","yoast_head_json":{"title":"Les travailleurs de Riva Steel en gr\u00e8ve depuis quatre mois - industriall-union","description":"La gr\u00e8ve aux usines Hennigsdorfer Elektrostahlwerke (HES) de Tr\u00e8ves et Horath a \u00e9clat\u00e9 lorsque la direction a annonc\u00e9 unilat\u00e9ralement l&#039;\u00e9chec de la","robots":{"index":"index","follow":"follow","max-snippet":"max-snippet:-1","max-image-preview":"max-image-preview:large","max-video-preview":"max-video-preview:-1"},"canonical":"https:\/\/admin.industriall-union.org\/fr\/les-travailleurs-de-riva-steel-en-greve-depuis-quatre-mois\/","og_locale":"fr_FR","og_type":"article","og_title":"Les travailleurs de Riva Steel en gr\u00e8ve depuis quatre mois","og_description":"La gr\u00e8ve aux usines Hennigsdorfer Elektrostahlwerke (HES) de Tr\u00e8ves et Horath a \u00e9clat\u00e9 lorsque la direction a annonc\u00e9 unilat\u00e9ralement l&#039;\u00e9chec de la","og_url":"https:\/\/admin.industriall-union.org\/fr\/les-travailleurs-de-riva-steel-en-greve-depuis-quatre-mois\/","og_site_name":"industriall-union","article_modified_time":"2025-02-03T14:23:49+00:00","twitter_card":"summary_large_image","twitter_misc":{"Est. reading time":"2 minutes"},"schema":{"@context":"https:\/\/schema.org","@graph":[{"@type":"WebPage","@id":"https:\/\/admin.industriall-union.org\/fr\/les-travailleurs-de-riva-steel-en-greve-depuis-quatre-mois\/","url":"https:\/\/admin.industriall-union.org\/fr\/les-travailleurs-de-riva-steel-en-greve-depuis-quatre-mois\/","name":"Les travailleurs de Riva Steel en gr\u00e8ve depuis quatre mois - industriall-union","isPartOf":{"@id":"https:\/\/admin.industriall-union.org\/#website"},"datePublished":"2019-09-13T14:43:34+00:00","dateModified":"2025-02-03T14:23:49+00:00","description":"La gr\u00e8ve aux usines Hennigsdorfer Elektrostahlwerke (HES) de Tr\u00e8ves et Horath a \u00e9clat\u00e9 lorsque la direction a annonc\u00e9 unilat\u00e9ralement l&#039;\u00e9chec de la","breadcrumb":{"@id":"https:\/\/admin.industriall-union.org\/fr\/les-travailleurs-de-riva-steel-en-greve-depuis-quatre-mois\/#breadcrumb"},"inLanguage":"fr-FR","potentialAction":[{"@type":"ReadAction","target":["https:\/\/admin.industriall-union.org\/fr\/les-travailleurs-de-riva-steel-en-greve-depuis-quatre-mois\/"]}]},{"@type":"BreadcrumbList","@id":"https:\/\/admin.industriall-union.org\/fr\/les-travailleurs-de-riva-steel-en-greve-depuis-quatre-mois\/#breadcrumb","itemListElement":[{"@type":"ListItem","position":1,"name":"Home","item":"https:\/\/admin.industriall-union.org\/"},{"@type":"ListItem","position":2,"name":"Articles","item":"https:\/\/admin.industriall-union.org\/article\/"},{"@type":"ListItem","position":3,"name":"Les travailleurs de Riva Steel en gr\u00e8ve depuis quatre mois"}]},{"@type":"WebSite","@id":"https:\/\/admin.industriall-union.org\/#website","url":"https:\/\/admin.industriall-union.org\/","name":"industriall-union","description":"","potentialAction":[{"@type":"SearchAction","target":{"@type":"EntryPoint","urlTemplate":"https:\/\/admin.industriall-union.org\/?s={search_term_string}"},"query-input":{"@type":"PropertyValueSpecification","valueRequired":true,"valueName":"search_term_string"}}],"inLanguage":"fr-FR"}]}},"_links":{"self":[{"href":"https:\/\/admin.industriall-union.org\/fr\/wp-json\/wp\/v2\/article\/147536","targetHints":{"allow":["GET"]}}],"collection":[{"href":"https:\/\/admin.industriall-union.org\/fr\/wp-json\/wp\/v2\/article"}],"about":[{"href":"https:\/\/admin.industriall-union.org\/fr\/wp-json\/wp\/v2\/types\/article"}],"wp:attachment":[{"href":"https:\/\/admin.industriall-union.org\/fr\/wp-json\/wp\/v2\/media?parent=147536"}],"wp:term":[{"taxonomy":"issues","embeddable":true,"href":"https:\/\/admin.industriall-union.org\/fr\/wp-json\/wp\/v2\/issues?post=147536"},{"taxonomy":"companies","embeddable":true,"href":"https:\/\/admin.industriall-union.org\/fr\/wp-json\/wp\/v2\/companies?post=147536"},{"taxonomy":"regions","embeddable":true,"href":"https:\/\/admin.industriall-union.org\/fr\/wp-json\/wp\/v2\/regions?post=147536"},{"taxonomy":"sectors","embeddable":true,"href":"https:\/\/admin.industriall-union.org\/fr\/wp-json\/wp\/v2\/sectors?post=147536"},{"taxonomy":"article_tags","embeddable":true,"href":"https:\/\/admin.industriall-union.org\/fr\/wp-json\/wp\/v2\/article_tags?post=147536"}],"curies":[{"name":"wp","href":"https:\/\/api.w.org\/{rel}","templated":true}]}}