{"id":147518,"date":"2019-09-24T10:48:27","date_gmt":"2019-09-24T10:48:27","guid":{"rendered":"https:\/\/admin.industriall-union.org\/les-syndicats-condamnent-les-violations-de-droits-au-zimbabwe\/"},"modified":"2025-02-03T14:04:21","modified_gmt":"2025-02-03T14:04:21","slug":"les-syndicats-condamnent-les-violations-de-droits-au-zimbabwe","status":"publish","type":"article","link":"https:\/\/admin.industriall-union.org\/fr\/les-syndicats-condamnent-les-violations-de-droits-au-zimbabwe\/","title":{"rendered":"Les syndicats condamnent les violations de droits au Zimbabwe"},"content":{"rendered":"<p>Ces violations ont lieu sur fond de mis\u00e8re, celle-ci \u00e9tant la cons\u00e9quence des politiques d&rsquo;aust\u00e9rit\u00e9 et d&rsquo;une hyperinflation qui d\u00e9passe les 900% par an et a \u00e9rod\u00e9 les salaires.<\/p><p>La police interdit les manifestations et les protestataires sont matraqu\u00e9s dans ce qui constitue une violation \u00e9vidente des normes en mati\u00e8re de droit international du travail et de droits de l&rsquo;homme. Le Pr\u00e9sident du Congr\u00e8s des syndicats du Zimbabwe, Peter Mutasa, et son Secr\u00e9taire g\u00e9n\u00e9ral, Japhet Moyo, sont confront\u00e9s \u00e0 des accusations de trahison, passibles de la peine de mort.<\/p><p>Lorsque le Pr\u00e9sident ff de l&rsquo;Association des m\u00e9decins hospitaliers du Zimbabwe, Peter Magombeyi, a \u00e9t\u00e9 enlev\u00e9 de son domicile de Harare par des hommes arm\u00e9s le 15 septembre, les m\u00e9decins et le personnel infirmier de grands h\u00f4pitaux sont partis en gr\u00e8ve pour exiger sa lib\u00e9ration imm\u00e9diate. Des groupes de d\u00e9fense des droits de l&rsquo;homme et des syndicats se sont joints \u00e0 cette campagne.<\/p><p>Par suite de pressions nationales et internationales, le gouvernement s&rsquo;est joint aux appels \u00e0 sa lib\u00e9ration, sugg\u00e9rant qu&rsquo;il avait \u00e9t\u00e9 enlev\u00e9 par une &ldquo;tierce force&rdquo; sur laquelle il n&rsquo;avait aucun contr\u00f4le. Cette explication a \u00e9t\u00e9 accueillie avec suspicion, sachant que le Pr\u00e9sident du Zimbabwe Emmerson Mnangagwa avait pr\u00e9venu lors d&rsquo;un rassemblement public que le gouvernement s&rsquo;en prendrait \u00e0 &ldquo;ceux qui choisissent de manifester&rdquo;, ajoutant que &ldquo;leurs vies seraient \u00e9court\u00e9es.&rdquo;<\/p><p>Peter Magombeyi, qui menait une gr\u00e8ve en faveur de salaires vitaux, de meilleures conditions de travail et d&rsquo;un financement ad\u00e9quat des h\u00f4pitaux publics, a \u00e9t\u00e9 retrouv\u00e9 vivant, en dehors de Harare, au bout de cinq jours et est hospitalis\u00e9, en traitement pour les tortures que l&rsquo;on soup\u00e7onne qu&rsquo;il a subies. Le salaire de base d&rsquo;un m\u00e9decin d\u00e9butant au Zimbabwe est de 400 dollars zimbabw\u00e9ens (US $27) et l&rsquo;offre du gouvernement d&rsquo;une augmentation de 60% a \u00e9t\u00e9 rejet\u00e9e.<\/p><figure class=\"imageArticle imageFull\"><img decoding=\"async\" alt=\"\" src=\"\/wp-content\/uploads\/images\/2019\/ZIMBABWE\/Violations\/img_6161.jpg\" style=\"width: 1001px;height: 667px\" \/><figcaption class=\"imageContent\"><div class=\"imageCaption\"><p>La police matraque des manifestants anti-aust\u00e9rit\u00e9 \u00e0 Harare, au Zimbabwe. Photo : Lovejoy Mtongwiza.<\/p><\/div><\/figcaption><\/figure><p>Les affili\u00e9s d&rsquo;IndustriALL Global Union au Zimbabwe, pr\u00e9sents dans les secteurs du v\u00eatement et du textile, de la manufacture et des mines, condamnent la r\u00e9pression du gouvernement \u00e0 l&rsquo;\u00e9gard des syndicats.<\/p><p>Joseph Tanyanyiwa, qui pr\u00e9side les affili\u00e9s d&rsquo;IndustriALL au Zimbabwe a indiqu\u00e9&nbsp;:<\/p><blockquote><p>&ldquo;Nous condamnons la r\u00e9p\u00e9tition des enl\u00e8vements et des tortures de militants politiques par ce que nous soup\u00e7onnons \u00eatre des agents de la s\u00e9curit\u00e9 de l&rsquo;\u00c9tat et appelons le gouvernement \u00e0 prot\u00e9ger les citoyens contre les traitements inhumains et d\u00e9gradants. Nous condamnons \u00e9galement la brutalit\u00e9 polici\u00e8re \u00e0 l&rsquo;\u00e9gard de civils pacifiques et l&rsquo;implication de l&rsquo;arm\u00e9e dans le contr\u00f4le des foules, ce qui a conduit \u00e0 de nombreux morts et bless\u00e9s innocents. Nous appelons le gouvernement \u00e0 garantir l&rsquo;\u00c9tat de droit et \u00e0 respecter les droits constitutionnels ainsi que ceux des travailleurs.&rdquo;<\/p><\/blockquote><p>Paule France Ndessomin, Secr\u00e9taire r\u00e9gionale d&rsquo;IndustriALL pour l&rsquo;Afrique sub-saharienne, a d\u00e9clar\u00e9&nbsp;:<\/p><blockquote><p>&quot;Nous sommes pr\u00e9occup\u00e9s par la d\u00e9t\u00e9rioration de la situation au Zimbabwe. Le gouvernement zimbabw\u00e9en doit respecter les droits des travailleurs, y compris leur libert\u00e9 d&rsquo;expression et leur droit \u00e0 lutter en faveur d&rsquo;un salaire vital. Les travailleurs et travailleuses ne doivent pas \u00eatre matraqu\u00e9s ou \u00eatre confront\u00e9s \u00e0 la pers\u00e9cution pour l&rsquo;exercice de leurs droits.&rdquo;<\/p><\/blockquote><p>Photo:<\/p><p>La police matraque des manifestants anti-aust\u00e9rit\u00e9 \u00e0 Harare, au Zimbabwe. Photo&nbsp;: Lovejoy Mtongwiza.<\/p>","protected":false},"featured_media":0,"template":"","issues":[],"companies":[],"regions":[311,358],"sectors":[],"article_tags":[],"class_list":["post-147518","article","type-article","status-publish","hentry","regions-sub-saharan-africa","regions-zimbabwe"],"acf":[],"yoast_head":"<!-- This site is optimized with the Yoast SEO Premium plugin v27.1 (Yoast SEO v27.1) - https:\/\/yoast.com\/product\/yoast-seo-premium-wordpress\/ -->\n<title>Les syndicats condamnent les violations de droits au Zimbabwe - industriall-union<\/title>\n<meta name=\"description\" content=\"Ces violations ont lieu sur fond de mis\u00e8re, celle-ci \u00e9tant la cons\u00e9quence des politiques d&rsquo;aust\u00e9rit\u00e9 et d&rsquo;une hyperinflation qui d\u00e9passe les\" \/>\n<meta name=\"robots\" content=\"index, follow, max-snippet:-1, max-image-preview:large, max-video-preview:-1\" \/>\n<link rel=\"canonical\" href=\"https:\/\/admin.industriall-union.org\/fr\/les-syndicats-condamnent-les-violations-de-droits-au-zimbabwe\/\" \/>\n<meta property=\"og:locale\" content=\"fr_FR\" \/>\n<meta property=\"og:type\" content=\"article\" \/>\n<meta property=\"og:title\" content=\"Les syndicats condamnent les violations de droits au Zimbabwe\" \/>\n<meta property=\"og:description\" content=\"Ces violations ont lieu sur fond de mis\u00e8re, celle-ci \u00e9tant la cons\u00e9quence des politiques d&rsquo;aust\u00e9rit\u00e9 et d&rsquo;une hyperinflation qui d\u00e9passe les\" \/>\n<meta property=\"og:url\" content=\"https:\/\/admin.industriall-union.org\/fr\/les-syndicats-condamnent-les-violations-de-droits-au-zimbabwe\/\" \/>\n<meta property=\"og:site_name\" content=\"industriall-union\" \/>\n<meta property=\"article:modified_time\" content=\"2025-02-03T14:04:21+00:00\" \/>\n<meta name=\"twitter:card\" content=\"summary_large_image\" \/>\n<meta name=\"twitter:label1\" content=\"Est. reading time\" \/>\n\t<meta name=\"twitter:data1\" content=\"3 minutes\" \/>\n<script type=\"application\/ld+json\" class=\"yoast-schema-graph\">{\"@context\":\"https:\/\/schema.org\",\"@graph\":[{\"@type\":\"WebPage\",\"@id\":\"https:\/\/admin.industriall-union.org\/fr\/les-syndicats-condamnent-les-violations-de-droits-au-zimbabwe\/\",\"url\":\"https:\/\/admin.industriall-union.org\/fr\/les-syndicats-condamnent-les-violations-de-droits-au-zimbabwe\/\",\"name\":\"Les syndicats condamnent les violations de droits au Zimbabwe - industriall-union\",\"isPartOf\":{\"@id\":\"https:\/\/admin.industriall-union.org\/es\/#website\"},\"datePublished\":\"2019-09-24T10:48:27+00:00\",\"dateModified\":\"2025-02-03T14:04:21+00:00\",\"description\":\"Ces violations ont lieu sur fond de mis\u00e8re, celle-ci \u00e9tant la cons\u00e9quence des politiques d&rsquo;aust\u00e9rit\u00e9 et d&rsquo;une hyperinflation qui d\u00e9passe les\",\"breadcrumb\":{\"@id\":\"https:\/\/admin.industriall-union.org\/fr\/les-syndicats-condamnent-les-violations-de-droits-au-zimbabwe\/#breadcrumb\"},\"inLanguage\":\"fr-FR\",\"potentialAction\":[{\"@type\":\"ReadAction\",\"target\":[\"https:\/\/admin.industriall-union.org\/fr\/les-syndicats-condamnent-les-violations-de-droits-au-zimbabwe\/\"]}]},{\"@type\":\"BreadcrumbList\",\"@id\":\"https:\/\/admin.industriall-union.org\/fr\/les-syndicats-condamnent-les-violations-de-droits-au-zimbabwe\/#breadcrumb\",\"itemListElement\":[{\"@type\":\"ListItem\",\"position\":1,\"name\":\"Home\",\"item\":\"https:\/\/admin.industriall-union.org\/es\/\"},{\"@type\":\"ListItem\",\"position\":2,\"name\":\"Articles\",\"item\":\"https:\/\/admin.industriall-union.org\/es\/article\/\"},{\"@type\":\"ListItem\",\"position\":3,\"name\":\"Les syndicats condamnent les violations de droits au Zimbabwe\"}]},{\"@type\":\"WebSite\",\"@id\":\"https:\/\/admin.industriall-union.org\/es\/#website\",\"url\":\"https:\/\/admin.industriall-union.org\/es\/\",\"name\":\"industriall-union\",\"description\":\"\",\"potentialAction\":[{\"@type\":\"SearchAction\",\"target\":{\"@type\":\"EntryPoint\",\"urlTemplate\":\"https:\/\/admin.industriall-union.org\/es\/?s={search_term_string}\"},\"query-input\":{\"@type\":\"PropertyValueSpecification\",\"valueRequired\":true,\"valueName\":\"search_term_string\"}}],\"inLanguage\":\"fr-FR\"}]}<\/script>\n<!-- \/ Yoast SEO Premium plugin. -->","yoast_head_json":{"title":"Les syndicats condamnent les violations de droits au Zimbabwe - industriall-union","description":"Ces violations ont lieu sur fond de mis\u00e8re, celle-ci \u00e9tant la cons\u00e9quence des politiques d&rsquo;aust\u00e9rit\u00e9 et d&rsquo;une hyperinflation qui d\u00e9passe les","robots":{"index":"index","follow":"follow","max-snippet":"max-snippet:-1","max-image-preview":"max-image-preview:large","max-video-preview":"max-video-preview:-1"},"canonical":"https:\/\/admin.industriall-union.org\/fr\/les-syndicats-condamnent-les-violations-de-droits-au-zimbabwe\/","og_locale":"fr_FR","og_type":"article","og_title":"Les syndicats condamnent les violations de droits au Zimbabwe","og_description":"Ces violations ont lieu sur fond de mis\u00e8re, celle-ci \u00e9tant la cons\u00e9quence des politiques d&rsquo;aust\u00e9rit\u00e9 et d&rsquo;une hyperinflation qui d\u00e9passe les","og_url":"https:\/\/admin.industriall-union.org\/fr\/les-syndicats-condamnent-les-violations-de-droits-au-zimbabwe\/","og_site_name":"industriall-union","article_modified_time":"2025-02-03T14:04:21+00:00","twitter_card":"summary_large_image","twitter_misc":{"Est. reading time":"3 minutes"},"schema":{"@context":"https:\/\/schema.org","@graph":[{"@type":"WebPage","@id":"https:\/\/admin.industriall-union.org\/fr\/les-syndicats-condamnent-les-violations-de-droits-au-zimbabwe\/","url":"https:\/\/admin.industriall-union.org\/fr\/les-syndicats-condamnent-les-violations-de-droits-au-zimbabwe\/","name":"Les syndicats condamnent les violations de droits au Zimbabwe - industriall-union","isPartOf":{"@id":"https:\/\/admin.industriall-union.org\/es\/#website"},"datePublished":"2019-09-24T10:48:27+00:00","dateModified":"2025-02-03T14:04:21+00:00","description":"Ces violations ont lieu sur fond de mis\u00e8re, celle-ci \u00e9tant la cons\u00e9quence des politiques d&rsquo;aust\u00e9rit\u00e9 et d&rsquo;une hyperinflation qui d\u00e9passe les","breadcrumb":{"@id":"https:\/\/admin.industriall-union.org\/fr\/les-syndicats-condamnent-les-violations-de-droits-au-zimbabwe\/#breadcrumb"},"inLanguage":"fr-FR","potentialAction":[{"@type":"ReadAction","target":["https:\/\/admin.industriall-union.org\/fr\/les-syndicats-condamnent-les-violations-de-droits-au-zimbabwe\/"]}]},{"@type":"BreadcrumbList","@id":"https:\/\/admin.industriall-union.org\/fr\/les-syndicats-condamnent-les-violations-de-droits-au-zimbabwe\/#breadcrumb","itemListElement":[{"@type":"ListItem","position":1,"name":"Home","item":"https:\/\/admin.industriall-union.org\/es\/"},{"@type":"ListItem","position":2,"name":"Articles","item":"https:\/\/admin.industriall-union.org\/es\/article\/"},{"@type":"ListItem","position":3,"name":"Les syndicats condamnent les violations de droits au Zimbabwe"}]},{"@type":"WebSite","@id":"https:\/\/admin.industriall-union.org\/es\/#website","url":"https:\/\/admin.industriall-union.org\/es\/","name":"industriall-union","description":"","potentialAction":[{"@type":"SearchAction","target":{"@type":"EntryPoint","urlTemplate":"https:\/\/admin.industriall-union.org\/es\/?s={search_term_string}"},"query-input":{"@type":"PropertyValueSpecification","valueRequired":true,"valueName":"search_term_string"}}],"inLanguage":"fr-FR"}]}},"_links":{"self":[{"href":"https:\/\/admin.industriall-union.org\/fr\/wp-json\/wp\/v2\/article\/147518","targetHints":{"allow":["GET"]}}],"collection":[{"href":"https:\/\/admin.industriall-union.org\/fr\/wp-json\/wp\/v2\/article"}],"about":[{"href":"https:\/\/admin.industriall-union.org\/fr\/wp-json\/wp\/v2\/types\/article"}],"wp:attachment":[{"href":"https:\/\/admin.industriall-union.org\/fr\/wp-json\/wp\/v2\/media?parent=147518"}],"wp:term":[{"taxonomy":"issues","embeddable":true,"href":"https:\/\/admin.industriall-union.org\/fr\/wp-json\/wp\/v2\/issues?post=147518"},{"taxonomy":"companies","embeddable":true,"href":"https:\/\/admin.industriall-union.org\/fr\/wp-json\/wp\/v2\/companies?post=147518"},{"taxonomy":"regions","embeddable":true,"href":"https:\/\/admin.industriall-union.org\/fr\/wp-json\/wp\/v2\/regions?post=147518"},{"taxonomy":"sectors","embeddable":true,"href":"https:\/\/admin.industriall-union.org\/fr\/wp-json\/wp\/v2\/sectors?post=147518"},{"taxonomy":"article_tags","embeddable":true,"href":"https:\/\/admin.industriall-union.org\/fr\/wp-json\/wp\/v2\/article_tags?post=147518"}],"curies":[{"name":"wp","href":"https:\/\/api.w.org\/{rel}","templated":true}]}}