{"id":147506,"date":"2019-10-08T11:32:15","date_gmt":"2019-10-08T11:32:15","guid":{"rendered":"https:\/\/admin.industriall-union.org\/les-jeunes-d-039-afrique-subsaharienne-creent-une-structure-regionale\/"},"modified":"2025-02-03T13:49:50","modified_gmt":"2025-02-03T13:49:50","slug":"les-jeunes-d-039-afrique-subsaharienne-creent-une-structure-regionale","status":"publish","type":"article","link":"https:\/\/admin.industriall-union.org\/fr\/les-jeunes-d-039-afrique-subsaharienne-creent-une-structure-regionale\/","title":{"rendered":"Les jeunes d&#039;Afrique subsaharienne cr\u00e9ent une structure r\u00e9gionale"},"content":{"rendered":"<p>En plus des 44 d\u00e9l\u00e9gu\u00e9s de 11 pays \u00e9taient pr\u00e9sents des invit\u00e9s de plusieurs organisations, comme l&#039;OIT, l&#039;IBB, UNI Global Union, la SASK, et la Fondation Friedrich Ebert (FES) qui parrainait cet \u00e9v\u00e9nement.<\/p><p>Les d\u00e9l\u00e9gu\u00e9s ont exprim\u00e9 leur dynamisme et leur enthousiasme, interrompant souvent les d\u00e9bats par des chants c\u00e9l\u00e9brant la puissance syndicale, pour susciter un sentiment d&#039;unit\u00e9 et de mouvement. Ils ont entonn\u00e9 des hymnes de la lutte syndicale tels que Asinamali (&ldquo;Nous n&#039;avons pas d&#039;argent&rdquo;), Asifuni yama Capitalist Agenda (&ldquo;Nous ne voulons pas de l&#039;agenda capitaliste&rdquo;) et My Mother was a Kitchen Girl (&ldquo;Ma m\u00e8re \u00e9tait une fille de cuisine&rdquo;).&nbsp;&nbsp;<\/p><p>Une table ronde a r\u00e9uni des participants qui ont \u00e9tudi\u00e9 diff\u00e9rents aspects du recrutement des jeunes dans leurs pays.<\/p><blockquote><p>&quot;Les jeunes sont marginalis\u00e9s. Les gens nous rabaissent, pas par la force de leurs arguments, mais par le poids de leur anciennet\u00e9,&quot;<\/p><\/blockquote><p>a d\u00e9clar\u00e9 Tafadzwa Eustace Chidhindi, du Zimbabwe.<\/p><p>Tolulope Fagbamigbe, du Nigeria, a expliqu\u00e9 que les jeunes travailleuses sont doublement opprim\u00e9es, par l&#039;\u00e2gisme et le patriarcat. Lorsqu&#039;une r\u00e9union est organis\u00e9e sur le th\u00e8me de la jeunesse, les premi\u00e8res rang\u00e9es sont souvent occup\u00e9es par des hommes assez vieux pour \u00eatre leurs p\u00e8res.<\/p><p>Apr\u00e8s un expos\u00e9 de Mban Kabu, du d\u00e9partement ACTRAV du BIT, sur la D\u00e9claration du Centenaire de l&#039;OIT, les participants ont discut\u00e9 de l&#039;incidence que l&#039;Avenir du travail pourrait avoir dans le contexte africain et ils ont \u00e9labor\u00e9 des propositions pour les jeunes travailleurs marginalis\u00e9s par un secteur informel qui gagne du terrain.<\/p><p>Ils estiment que leur familiarisation avec les nouvelles technologies devrait leur permettre d&#039;acc\u00e9der \u00e0 de nouvelles formes de travail. Sweshta Soomungull, de l&#039;\u00eele Maurice, s&#039;est demand\u00e9e :<\/p><blockquote><p>&quot;Depuis quand les d\u00e9fis font-ils peur aux syndicats ?&quot;<\/p><\/blockquote><p>Les d\u00e9bats ont notamment port\u00e9 sur la question de savoir si les structures syndicales sont adapt\u00e9es \u00e0 l&#039;organisation des jeunes travailleurs. Iris Nothofer, du Centre de comp\u00e9tence syndicale de la FES pour l&#039;Afrique subsaharienne, a soulev\u00e9 une question provocatrice : y a-t-il conflit entre d\u00e9mocratie et efficacit\u00e9 syndicales ?<\/p><blockquote><p>&quot;Les structures et proc\u00e9dures d\u00e9mocratiques sont n\u00e9cessaires mais elles ne suffisent pas. Nous avons besoin de r\u00e9seaux dynamiques \u00e0 la base,&quot;<\/p><\/blockquote><p>a-t-elle conclu.<\/p><p>La Coordinatrice des jeunes d&#039;IndustriALL, Sarah Flores, a soulign\u00e9 l&#039;importance, pour les jeunes, de d\u00e9velopper des structures autonomes ainsi que leur propre fa\u00e7on de travailler. Les participants se sont r\u00e9partis en trois groupes pour \u00e9laborer leur politique et leur structure.<\/p><p>Ils ont identifi\u00e9 les priorit\u00e9s suivantes :<\/p><ol><li>Mettre en place une structure r\u00e9gionale<\/li><li>D\u00e9velopper les capacit\u00e9s \u00e0 diriger des jeunes<\/li><li>\u00c9laborer un programme d&#039;\u00e9ducation syndicale pour les jeunes<\/li><li>Formaliser des alliances avec la soci\u00e9t\u00e9 civile<\/li><li>Associer les jeunes \u00e0 la n\u00e9gociation collective<\/li><li>Int\u00e9grer les jeunes dans la politique industrielle<\/li><\/ol><p>&nbsp;Rose Omamo, la Secr\u00e9taire g\u00e9n\u00e9rale de l&#039;AUKM (Kenya) a dirig\u00e9 le processus \u00e9lectoral.<\/p><p>Le vote a donn\u00e9 les r\u00e9sultats suivants :<\/p><p>Pr\u00e9sident : Emmanual Adjei-Danso, du Ghana<br \/>Vice-pr\u00e9sident : Christian Rutendo Ranji, du Zimbabwe<br \/>Secr\u00e9taire : Victor Notaye Ngwane, d&#039;Afrique du Sud<\/p><p>Comit\u00e9 :<\/p><p>Sweshta Soomungull, de Maurice<br \/>Tolulope Fagbamigbe, du Nigeria<br \/>Prisqua Miharilala, de Madagascar<br \/>Maria John Bange, de Tanzanie<\/p><p>La Secr\u00e9taire r\u00e9gionale d&#039;IndustriALL, Paula Ndessomin, a d\u00e9clar\u00e9 :<\/p><blockquote><p>&quot;Je suis impressionn\u00e9e par la passion et l&#039;engagement auxquels nous avons assist\u00e9 ici. L&#039;avenir est prometteur ! Maintenant qu&#039;une structure a \u00e9t\u00e9 cr\u00e9\u00e9e, les jeunes syndicalistes vont pouvoir agir ensemble efficacement.&quot;<\/p><\/blockquote>","protected":false},"featured_media":0,"template":"","issues":[],"companies":[],"regions":[311,354],"sectors":[],"article_tags":[536],"class_list":["post-147506","article","type-article","status-publish","hentry","regions-sub-saharan-africa","regions-tanzania","article_tags-youth"],"acf":[],"yoast_head":"<!-- This site is optimized with the Yoast SEO Premium plugin v27.1 (Yoast SEO v27.1) - https:\/\/yoast.com\/product\/yoast-seo-premium-wordpress\/ -->\n<title>Les jeunes d&#039;Afrique subsaharienne cr\u00e9ent une structure r\u00e9gionale - industriall-union<\/title>\n<meta name=\"description\" content=\"En plus des 44 d\u00e9l\u00e9gu\u00e9s de 11 pays \u00e9taient pr\u00e9sents des invit\u00e9s de plusieurs organisations, comme l&#039;OIT, l&#039;IBB, UNI Global Union, la SASK, et la\" \/>\n<meta name=\"robots\" content=\"index, follow, max-snippet:-1, max-image-preview:large, max-video-preview:-1\" \/>\n<link rel=\"canonical\" href=\"https:\/\/admin.industriall-union.org\/fr\/les-jeunes-d-039-afrique-subsaharienne-creent-une-structure-regionale\/\" \/>\n<meta property=\"og:locale\" content=\"fr_FR\" \/>\n<meta property=\"og:type\" content=\"article\" \/>\n<meta property=\"og:title\" content=\"Les jeunes d&#039;Afrique subsaharienne cr\u00e9ent une structure r\u00e9gionale\" \/>\n<meta property=\"og:description\" content=\"En plus des 44 d\u00e9l\u00e9gu\u00e9s de 11 pays \u00e9taient pr\u00e9sents des invit\u00e9s de plusieurs organisations, comme l&#039;OIT, l&#039;IBB, UNI Global Union, la SASK, et la\" \/>\n<meta property=\"og:url\" content=\"https:\/\/admin.industriall-union.org\/fr\/les-jeunes-d-039-afrique-subsaharienne-creent-une-structure-regionale\/\" \/>\n<meta property=\"og:site_name\" content=\"industriall-union\" \/>\n<meta property=\"article:modified_time\" content=\"2025-02-03T13:49:50+00:00\" \/>\n<meta name=\"twitter:card\" content=\"summary_large_image\" \/>\n<meta name=\"twitter:label1\" content=\"Est. reading time\" \/>\n\t<meta name=\"twitter:data1\" content=\"3 minutes\" \/>\n<script type=\"application\/ld+json\" class=\"yoast-schema-graph\">{\"@context\":\"https:\/\/schema.org\",\"@graph\":[{\"@type\":\"WebPage\",\"@id\":\"https:\/\/admin.industriall-union.org\/fr\/les-jeunes-d-039-afrique-subsaharienne-creent-une-structure-regionale\/\",\"url\":\"https:\/\/admin.industriall-union.org\/fr\/les-jeunes-d-039-afrique-subsaharienne-creent-une-structure-regionale\/\",\"name\":\"Les jeunes d&#039;Afrique subsaharienne cr\u00e9ent une structure r\u00e9gionale - industriall-union\",\"isPartOf\":{\"@id\":\"https:\/\/admin.industriall-union.org\/ru\/#website\"},\"datePublished\":\"2019-10-08T11:32:15+00:00\",\"dateModified\":\"2025-02-03T13:49:50+00:00\",\"description\":\"En plus des 44 d\u00e9l\u00e9gu\u00e9s de 11 pays \u00e9taient pr\u00e9sents des invit\u00e9s de plusieurs organisations, comme l&#039;OIT, l&#039;IBB, UNI Global Union, la SASK, et la\",\"breadcrumb\":{\"@id\":\"https:\/\/admin.industriall-union.org\/fr\/les-jeunes-d-039-afrique-subsaharienne-creent-une-structure-regionale\/#breadcrumb\"},\"inLanguage\":\"fr-FR\",\"potentialAction\":[{\"@type\":\"ReadAction\",\"target\":[\"https:\/\/admin.industriall-union.org\/fr\/les-jeunes-d-039-afrique-subsaharienne-creent-une-structure-regionale\/\"]}]},{\"@type\":\"BreadcrumbList\",\"@id\":\"https:\/\/admin.industriall-union.org\/fr\/les-jeunes-d-039-afrique-subsaharienne-creent-une-structure-regionale\/#breadcrumb\",\"itemListElement\":[{\"@type\":\"ListItem\",\"position\":1,\"name\":\"Home\",\"item\":\"https:\/\/admin.industriall-union.org\/ru\/\"},{\"@type\":\"ListItem\",\"position\":2,\"name\":\"Articles\",\"item\":\"https:\/\/admin.industriall-union.org\/ru\/article\/\"},{\"@type\":\"ListItem\",\"position\":3,\"name\":\"Les jeunes d&#039;Afrique subsaharienne cr\u00e9ent une structure r\u00e9gionale\"}]},{\"@type\":\"WebSite\",\"@id\":\"https:\/\/admin.industriall-union.org\/ru\/#website\",\"url\":\"https:\/\/admin.industriall-union.org\/ru\/\",\"name\":\"industriall-union\",\"description\":\"\",\"potentialAction\":[{\"@type\":\"SearchAction\",\"target\":{\"@type\":\"EntryPoint\",\"urlTemplate\":\"https:\/\/admin.industriall-union.org\/ru\/?s={search_term_string}\"},\"query-input\":{\"@type\":\"PropertyValueSpecification\",\"valueRequired\":true,\"valueName\":\"search_term_string\"}}],\"inLanguage\":\"fr-FR\"}]}<\/script>\n<!-- \/ Yoast SEO Premium plugin. -->","yoast_head_json":{"title":"Les jeunes d&#039;Afrique subsaharienne cr\u00e9ent une structure r\u00e9gionale - industriall-union","description":"En plus des 44 d\u00e9l\u00e9gu\u00e9s de 11 pays \u00e9taient pr\u00e9sents des invit\u00e9s de plusieurs organisations, comme l&#039;OIT, l&#039;IBB, UNI Global Union, la SASK, et la","robots":{"index":"index","follow":"follow","max-snippet":"max-snippet:-1","max-image-preview":"max-image-preview:large","max-video-preview":"max-video-preview:-1"},"canonical":"https:\/\/admin.industriall-union.org\/fr\/les-jeunes-d-039-afrique-subsaharienne-creent-une-structure-regionale\/","og_locale":"fr_FR","og_type":"article","og_title":"Les jeunes d&#039;Afrique subsaharienne cr\u00e9ent une structure r\u00e9gionale","og_description":"En plus des 44 d\u00e9l\u00e9gu\u00e9s de 11 pays \u00e9taient pr\u00e9sents des invit\u00e9s de plusieurs organisations, comme l&#039;OIT, l&#039;IBB, UNI Global Union, la SASK, et la","og_url":"https:\/\/admin.industriall-union.org\/fr\/les-jeunes-d-039-afrique-subsaharienne-creent-une-structure-regionale\/","og_site_name":"industriall-union","article_modified_time":"2025-02-03T13:49:50+00:00","twitter_card":"summary_large_image","twitter_misc":{"Est. reading time":"3 minutes"},"schema":{"@context":"https:\/\/schema.org","@graph":[{"@type":"WebPage","@id":"https:\/\/admin.industriall-union.org\/fr\/les-jeunes-d-039-afrique-subsaharienne-creent-une-structure-regionale\/","url":"https:\/\/admin.industriall-union.org\/fr\/les-jeunes-d-039-afrique-subsaharienne-creent-une-structure-regionale\/","name":"Les jeunes d&#039;Afrique subsaharienne cr\u00e9ent une structure r\u00e9gionale - industriall-union","isPartOf":{"@id":"https:\/\/admin.industriall-union.org\/ru\/#website"},"datePublished":"2019-10-08T11:32:15+00:00","dateModified":"2025-02-03T13:49:50+00:00","description":"En plus des 44 d\u00e9l\u00e9gu\u00e9s de 11 pays \u00e9taient pr\u00e9sents des invit\u00e9s de plusieurs organisations, comme l&#039;OIT, l&#039;IBB, UNI Global Union, la SASK, et la","breadcrumb":{"@id":"https:\/\/admin.industriall-union.org\/fr\/les-jeunes-d-039-afrique-subsaharienne-creent-une-structure-regionale\/#breadcrumb"},"inLanguage":"fr-FR","potentialAction":[{"@type":"ReadAction","target":["https:\/\/admin.industriall-union.org\/fr\/les-jeunes-d-039-afrique-subsaharienne-creent-une-structure-regionale\/"]}]},{"@type":"BreadcrumbList","@id":"https:\/\/admin.industriall-union.org\/fr\/les-jeunes-d-039-afrique-subsaharienne-creent-une-structure-regionale\/#breadcrumb","itemListElement":[{"@type":"ListItem","position":1,"name":"Home","item":"https:\/\/admin.industriall-union.org\/ru\/"},{"@type":"ListItem","position":2,"name":"Articles","item":"https:\/\/admin.industriall-union.org\/ru\/article\/"},{"@type":"ListItem","position":3,"name":"Les jeunes d&#039;Afrique subsaharienne cr\u00e9ent une structure r\u00e9gionale"}]},{"@type":"WebSite","@id":"https:\/\/admin.industriall-union.org\/ru\/#website","url":"https:\/\/admin.industriall-union.org\/ru\/","name":"industriall-union","description":"","potentialAction":[{"@type":"SearchAction","target":{"@type":"EntryPoint","urlTemplate":"https:\/\/admin.industriall-union.org\/ru\/?s={search_term_string}"},"query-input":{"@type":"PropertyValueSpecification","valueRequired":true,"valueName":"search_term_string"}}],"inLanguage":"fr-FR"}]}},"_links":{"self":[{"href":"https:\/\/admin.industriall-union.org\/fr\/wp-json\/wp\/v2\/article\/147506","targetHints":{"allow":["GET"]}}],"collection":[{"href":"https:\/\/admin.industriall-union.org\/fr\/wp-json\/wp\/v2\/article"}],"about":[{"href":"https:\/\/admin.industriall-union.org\/fr\/wp-json\/wp\/v2\/types\/article"}],"wp:attachment":[{"href":"https:\/\/admin.industriall-union.org\/fr\/wp-json\/wp\/v2\/media?parent=147506"}],"wp:term":[{"taxonomy":"issues","embeddable":true,"href":"https:\/\/admin.industriall-union.org\/fr\/wp-json\/wp\/v2\/issues?post=147506"},{"taxonomy":"companies","embeddable":true,"href":"https:\/\/admin.industriall-union.org\/fr\/wp-json\/wp\/v2\/companies?post=147506"},{"taxonomy":"regions","embeddable":true,"href":"https:\/\/admin.industriall-union.org\/fr\/wp-json\/wp\/v2\/regions?post=147506"},{"taxonomy":"sectors","embeddable":true,"href":"https:\/\/admin.industriall-union.org\/fr\/wp-json\/wp\/v2\/sectors?post=147506"},{"taxonomy":"article_tags","embeddable":true,"href":"https:\/\/admin.industriall-union.org\/fr\/wp-json\/wp\/v2\/article_tags?post=147506"}],"curies":[{"name":"wp","href":"https:\/\/api.w.org\/{rel}","templated":true}]}}