{"id":147502,"date":"2019-10-14T07:56:09","date_gmt":"2019-10-14T07:56:09","guid":{"rendered":"https:\/\/admin.industriall-union.org\/les-marques-act-adoptent-un-dispositif-de-responsabilisation-en-matiere-de-pratiques-d-achat\/"},"modified":"2025-02-03T13:42:22","modified_gmt":"2025-02-03T13:42:22","slug":"les-marques-act-adoptent-un-dispositif-de-responsabilisation-en-matiere-de-pratiques-d-achat","status":"publish","type":"article","link":"https:\/\/admin.industriall-union.org\/fr\/les-marques-act-adoptent-un-dispositif-de-responsabilisation-en-matiere-de-pratiques-d-achat\/","title":{"rendered":"Les marques ACT adoptent un dispositif de responsabilisation en mati\u00e8re de pratiques d\u2019achat"},"content":{"rendered":"<p>L&rsquo;initiative ACT (Action, Collaboration, Transformation) est un accord novateur entre les marques mondiales et d\u00e9taillants et les syndicats pour transformer les industries du textile, du v\u00eatement et de la chaussure, et permettre le versement de salaires d\u00e9cents aux travailleurs par le biais de la n\u00e9gociation collective sectorielle li\u00e9e aux pratiques d&#039;achat.<\/p><p>Sur la base de vastes consultations avec les fournisseurs, les syndicats et les experts, l&rsquo;initiative ACT a adopt\u00e9 les engagements mondiaux pris par l&rsquo;ensemble des marques membres de changer leurs pratiques d&#039;achat dans cinq domaines consid\u00e9r\u00e9s comme essentiels pour permettre aux fournisseurs de verser des augmentations salariales n\u00e9goci\u00e9es et d&rsquo;am\u00e9liorer les conditions de travail.<\/p><p>Cela comprend l&#039;adoption d&#039;un protocole d&#039;\u00e9tablissement des frais de personnel visant \u00e0 s&#039;assurer de la prise en compte de tous les co\u00fbts salariaux directs et indirects dans les calculs des co\u00fbts pour n\u00e9gocier les prix d&rsquo;achat. Le protocole pr\u00e9cise, entre autres choses, que les marques calculeront les co\u00fbts salariaux en fonction des augmentations salariales pr\u00e9vues d\u00e8s que l&#039;information sera disponible et que, dans le cas o\u00f9 les autres facteurs de production tels que les co\u00fbts des tissus, les co\u00fbts \u00e9nerg\u00e9tiques et le volume des commandes resteraient inchang\u00e9s, les augmentations salariales seront couvertes par des prix d&#039;achat plus \u00e9lev\u00e9s.<\/p><p>Les progr\u00e8s vers la pleine mise en \u0153uvre des engagements seront mesur\u00e9s annuellement au moyen d&#039;un ensemble complet et transparent de mesures, par lesquelles les marques seront rendues comptables de leurs actes par IndustriALL.<\/p><p>Jenny Holdcroft, Secr\u00e9taire g\u00e9n\u00e9rale adjointe \u00e0 IndustriALL, affirme que le dispositif de responsabilisation et de suivi de l&#039;initiative ACT offre aux marques un outil leur permettant de r\u00e9pondre aux exigences internationales en mati\u00e8re de devoir de diligence, et de devenir des leaders du secteur en mati\u00e8re de pratiques d&#039;achat responsables.<\/p><blockquote><p>&laquo;&nbsp;Et c&#039;est le fondement pour donner aux fournisseurs la confiance n\u00e9cessaire pour conclure des accords de n\u00e9gociation sectoriels avec les syndicats qui am\u00e9lioreront les salaires et les conditions de travail. L&#039;exp\u00e9rience a montr\u00e9 que sans de telles assurances, les fournisseurs n&#039;accepteront jamais de prendre en charge des co\u00fbts suppl\u00e9mentaires.<\/p><p>Nous appelons maintenant toutes les autres marques de l&#039;industrie du v\u00eatement \u00e0 devenir membre de l&rsquo;initiative ACT et \u00e0 prendre le m\u00eame engagement de soutenir la modernisation sociale et \u00e9conomique du secteur&nbsp;&raquo;.<\/p><\/blockquote>","protected":false},"featured_media":0,"template":"","issues":[],"companies":[],"regions":[],"sectors":[],"article_tags":[],"class_list":["post-147502","article","type-article","status-publish","hentry"],"acf":[],"yoast_head":"<!-- This site is optimized with the Yoast SEO Premium plugin v27.1 (Yoast SEO v27.1) - https:\/\/yoast.com\/product\/yoast-seo-premium-wordpress\/ -->\n<title>Les marques ACT adoptent un dispositif de responsabilisation en mati\u00e8re de pratiques d\u2019achat - industriall-union<\/title>\n<meta name=\"description\" content=\"L&rsquo;initiative ACT (Action, Collaboration, Transformation) est un accord novateur entre les marques mondiales et d\u00e9taillants et les syndicats pour\" \/>\n<meta name=\"robots\" content=\"index, follow, max-snippet:-1, max-image-preview:large, max-video-preview:-1\" \/>\n<link rel=\"canonical\" href=\"https:\/\/admin.industriall-union.org\/fr\/les-marques-act-adoptent-un-dispositif-de-responsabilisation-en-matiere-de-pratiques-d-achat\/\" \/>\n<meta property=\"og:locale\" content=\"fr_FR\" \/>\n<meta property=\"og:type\" content=\"article\" \/>\n<meta property=\"og:title\" content=\"Les marques ACT adoptent un dispositif de responsabilisation en mati\u00e8re de pratiques d\u2019achat\" \/>\n<meta property=\"og:description\" content=\"L&rsquo;initiative ACT (Action, Collaboration, Transformation) est un accord novateur entre les marques mondiales et d\u00e9taillants et les syndicats pour\" \/>\n<meta property=\"og:url\" content=\"https:\/\/admin.industriall-union.org\/fr\/les-marques-act-adoptent-un-dispositif-de-responsabilisation-en-matiere-de-pratiques-d-achat\/\" \/>\n<meta property=\"og:site_name\" content=\"industriall-union\" \/>\n<meta property=\"article:modified_time\" content=\"2025-02-03T13:42:22+00:00\" \/>\n<meta name=\"twitter:card\" content=\"summary_large_image\" \/>\n<meta name=\"twitter:label1\" content=\"Est. reading time\" \/>\n\t<meta name=\"twitter:data1\" content=\"2 minutes\" \/>\n<script type=\"application\/ld+json\" class=\"yoast-schema-graph\">{\"@context\":\"https:\/\/schema.org\",\"@graph\":[{\"@type\":\"WebPage\",\"@id\":\"https:\/\/admin.industriall-union.org\/fr\/les-marques-act-adoptent-un-dispositif-de-responsabilisation-en-matiere-de-pratiques-d-achat\/\",\"url\":\"https:\/\/admin.industriall-union.org\/fr\/les-marques-act-adoptent-un-dispositif-de-responsabilisation-en-matiere-de-pratiques-d-achat\/\",\"name\":\"Les marques ACT adoptent un dispositif de responsabilisation en mati\u00e8re de pratiques d\u2019achat - industriall-union\",\"isPartOf\":{\"@id\":\"https:\/\/admin.industriall-union.org\/#website\"},\"datePublished\":\"2019-10-14T07:56:09+00:00\",\"dateModified\":\"2025-02-03T13:42:22+00:00\",\"description\":\"L&rsquo;initiative ACT (Action, Collaboration, Transformation) est un accord novateur entre les marques mondiales et d\u00e9taillants et les syndicats pour\",\"breadcrumb\":{\"@id\":\"https:\/\/admin.industriall-union.org\/fr\/les-marques-act-adoptent-un-dispositif-de-responsabilisation-en-matiere-de-pratiques-d-achat\/#breadcrumb\"},\"inLanguage\":\"fr-FR\",\"potentialAction\":[{\"@type\":\"ReadAction\",\"target\":[\"https:\/\/admin.industriall-union.org\/fr\/les-marques-act-adoptent-un-dispositif-de-responsabilisation-en-matiere-de-pratiques-d-achat\/\"]}]},{\"@type\":\"BreadcrumbList\",\"@id\":\"https:\/\/admin.industriall-union.org\/fr\/les-marques-act-adoptent-un-dispositif-de-responsabilisation-en-matiere-de-pratiques-d-achat\/#breadcrumb\",\"itemListElement\":[{\"@type\":\"ListItem\",\"position\":1,\"name\":\"Home\",\"item\":\"https:\/\/admin.industriall-union.org\/\"},{\"@type\":\"ListItem\",\"position\":2,\"name\":\"Articles\",\"item\":\"https:\/\/admin.industriall-union.org\/article\/\"},{\"@type\":\"ListItem\",\"position\":3,\"name\":\"Les marques ACT adoptent un dispositif de responsabilisation en mati\u00e8re de pratiques d\u2019achat\"}]},{\"@type\":\"WebSite\",\"@id\":\"https:\/\/admin.industriall-union.org\/#website\",\"url\":\"https:\/\/admin.industriall-union.org\/\",\"name\":\"industriall-union\",\"description\":\"\",\"potentialAction\":[{\"@type\":\"SearchAction\",\"target\":{\"@type\":\"EntryPoint\",\"urlTemplate\":\"https:\/\/admin.industriall-union.org\/?s={search_term_string}\"},\"query-input\":{\"@type\":\"PropertyValueSpecification\",\"valueRequired\":true,\"valueName\":\"search_term_string\"}}],\"inLanguage\":\"fr-FR\"}]}<\/script>\n<!-- \/ Yoast SEO Premium plugin. -->","yoast_head_json":{"title":"Les marques ACT adoptent un dispositif de responsabilisation en mati\u00e8re de pratiques d\u2019achat - industriall-union","description":"L&rsquo;initiative ACT (Action, Collaboration, Transformation) est un accord novateur entre les marques mondiales et d\u00e9taillants et les syndicats pour","robots":{"index":"index","follow":"follow","max-snippet":"max-snippet:-1","max-image-preview":"max-image-preview:large","max-video-preview":"max-video-preview:-1"},"canonical":"https:\/\/admin.industriall-union.org\/fr\/les-marques-act-adoptent-un-dispositif-de-responsabilisation-en-matiere-de-pratiques-d-achat\/","og_locale":"fr_FR","og_type":"article","og_title":"Les marques ACT adoptent un dispositif de responsabilisation en mati\u00e8re de pratiques d\u2019achat","og_description":"L&rsquo;initiative ACT (Action, Collaboration, Transformation) est un accord novateur entre les marques mondiales et d\u00e9taillants et les syndicats pour","og_url":"https:\/\/admin.industriall-union.org\/fr\/les-marques-act-adoptent-un-dispositif-de-responsabilisation-en-matiere-de-pratiques-d-achat\/","og_site_name":"industriall-union","article_modified_time":"2025-02-03T13:42:22+00:00","twitter_card":"summary_large_image","twitter_misc":{"Est. reading time":"2 minutes"},"schema":{"@context":"https:\/\/schema.org","@graph":[{"@type":"WebPage","@id":"https:\/\/admin.industriall-union.org\/fr\/les-marques-act-adoptent-un-dispositif-de-responsabilisation-en-matiere-de-pratiques-d-achat\/","url":"https:\/\/admin.industriall-union.org\/fr\/les-marques-act-adoptent-un-dispositif-de-responsabilisation-en-matiere-de-pratiques-d-achat\/","name":"Les marques ACT adoptent un dispositif de responsabilisation en mati\u00e8re de pratiques d\u2019achat - industriall-union","isPartOf":{"@id":"https:\/\/admin.industriall-union.org\/#website"},"datePublished":"2019-10-14T07:56:09+00:00","dateModified":"2025-02-03T13:42:22+00:00","description":"L&rsquo;initiative ACT (Action, Collaboration, Transformation) est un accord novateur entre les marques mondiales et d\u00e9taillants et les syndicats pour","breadcrumb":{"@id":"https:\/\/admin.industriall-union.org\/fr\/les-marques-act-adoptent-un-dispositif-de-responsabilisation-en-matiere-de-pratiques-d-achat\/#breadcrumb"},"inLanguage":"fr-FR","potentialAction":[{"@type":"ReadAction","target":["https:\/\/admin.industriall-union.org\/fr\/les-marques-act-adoptent-un-dispositif-de-responsabilisation-en-matiere-de-pratiques-d-achat\/"]}]},{"@type":"BreadcrumbList","@id":"https:\/\/admin.industriall-union.org\/fr\/les-marques-act-adoptent-un-dispositif-de-responsabilisation-en-matiere-de-pratiques-d-achat\/#breadcrumb","itemListElement":[{"@type":"ListItem","position":1,"name":"Home","item":"https:\/\/admin.industriall-union.org\/"},{"@type":"ListItem","position":2,"name":"Articles","item":"https:\/\/admin.industriall-union.org\/article\/"},{"@type":"ListItem","position":3,"name":"Les marques ACT adoptent un dispositif de responsabilisation en mati\u00e8re de pratiques d\u2019achat"}]},{"@type":"WebSite","@id":"https:\/\/admin.industriall-union.org\/#website","url":"https:\/\/admin.industriall-union.org\/","name":"industriall-union","description":"","potentialAction":[{"@type":"SearchAction","target":{"@type":"EntryPoint","urlTemplate":"https:\/\/admin.industriall-union.org\/?s={search_term_string}"},"query-input":{"@type":"PropertyValueSpecification","valueRequired":true,"valueName":"search_term_string"}}],"inLanguage":"fr-FR"}]}},"_links":{"self":[{"href":"https:\/\/admin.industriall-union.org\/fr\/wp-json\/wp\/v2\/article\/147502","targetHints":{"allow":["GET"]}}],"collection":[{"href":"https:\/\/admin.industriall-union.org\/fr\/wp-json\/wp\/v2\/article"}],"about":[{"href":"https:\/\/admin.industriall-union.org\/fr\/wp-json\/wp\/v2\/types\/article"}],"wp:attachment":[{"href":"https:\/\/admin.industriall-union.org\/fr\/wp-json\/wp\/v2\/media?parent=147502"}],"wp:term":[{"taxonomy":"issues","embeddable":true,"href":"https:\/\/admin.industriall-union.org\/fr\/wp-json\/wp\/v2\/issues?post=147502"},{"taxonomy":"companies","embeddable":true,"href":"https:\/\/admin.industriall-union.org\/fr\/wp-json\/wp\/v2\/companies?post=147502"},{"taxonomy":"regions","embeddable":true,"href":"https:\/\/admin.industriall-union.org\/fr\/wp-json\/wp\/v2\/regions?post=147502"},{"taxonomy":"sectors","embeddable":true,"href":"https:\/\/admin.industriall-union.org\/fr\/wp-json\/wp\/v2\/sectors?post=147502"},{"taxonomy":"article_tags","embeddable":true,"href":"https:\/\/admin.industriall-union.org\/fr\/wp-json\/wp\/v2\/article_tags?post=147502"}],"curies":[{"name":"wp","href":"https:\/\/api.w.org\/{rel}","templated":true}]}}