{"id":147496,"date":"2019-10-17T15:18:51","date_gmt":"2019-10-17T15:18:51","guid":{"rendered":"https:\/\/admin.industriall-union.org\/nouvelles-mobilisations-des-syndicats-francais-contre-la-privatisation-d-039-edf\/"},"modified":"2025-02-03T13:35:44","modified_gmt":"2025-02-03T13:35:44","slug":"nouvelles-mobilisations-des-syndicats-francais-contre-la-privatisation-d-039-edf","status":"publish","type":"article","link":"https:\/\/admin.industriall-union.org\/fr\/nouvelles-mobilisations-des-syndicats-francais-contre-la-privatisation-d-039-edf\/","title":{"rendered":"Nouvelles mobilisations des syndicats fran\u00e7ais contre la privatisation d&#039;EDF"},"content":{"rendered":"<p>Nos affili\u00e9s FNME-CGT, FCE-CFDT, CFE-CGC Energie, et FO Energie et Mines ont particip\u00e9 \u00e0 des manifestations et des arr\u00eats de travail dans des sites d&#039;EDF partout en France, des actions qui font suite \u00e0 la gr\u00e8ve nationale du 19 septembre.<\/p><p>Les syndicats s&#039;opposent au projet du gouvernement de scinder EDF en deux parties, dont l&#039;une serait ouverte aux investisseurs priv\u00e9s dans le cadre du projet dit &quot;Hercule&quot;. Le nucl\u00e9aire, les barrages et le transport resteront dans le secteur public sous l&#039;appellation EDF bleu, tandis qu&#039;EDF vert &#8211; comprenant la distribution, les renouvelables et la vente &#8211; sera mis en bourse.<\/p><p>L&#039;entreprise a report\u00e9 le projet Hercule jusqu&#039;en 2020 pour des raisons \u00e9conomiques et techniques en rapport avec l&#039;obligation l\u00e9gale de vendre l&#039;\u00e9lectricit\u00e9 \u00e0 un tarif fixe. Cette disposition devrait affecter le prix qui pourra \u00eatre obtenu du secteur public, et le gouvernement fran\u00e7ais n\u00e9gocie actuellement avec la Commission europ\u00e9enne pour changer cette r\u00e9glementation.<\/p><p>Mais les syndicats r\u00e9clament l&#039;abandon pur et simple du projet. Ils ont demand\u00e9 \u00e0 rencontrer le Pr\u00e9sident Emmanuel Macron, en annon\u00e7ant qu&#039;ils vont durcir leur action jusqu&#039;\u00e0 la gr\u00e8ve nationale s&#039;ils n&#039;obtiennent pas de r\u00e9ponse satisfaisante.<\/p><p>IndustriALL Global Union a <a href=\"http:\/\/www.industriall-union.org\/edf\">un accord-cadre mondial avec EDF<\/a> qui porte sur la promotion des droits de l&#039;homme et des droits au travail. Son suivi est assur\u00e9 par les signataires afin de mettre en \u0153uvre une gouvernance de l&rsquo;accord au niveau local comme \u00e0 l&rsquo;\u00e9chelle mondiale visant \u00e0 garantir le respect des engagements qu&rsquo;il contient. Le comit\u00e9 de pilotage de l&#039;accord s&#039;est r\u00e9uni hier \u00e0 Paris et a <a href=\"https:\/\/www.change.org\/p\/jean-bernard-l%C3%A9vy-retrait-d-hercule?\">sign\u00e9 une p\u00e9tition<\/a> r\u00e9clamant l&#039;abandon du projet.<\/p><figure class=\"imageArticle imageFull\"><img decoding=\"async\" alt=\"\" src=\"\/wp-content\/uploads\/images\/2019\/FRANCE\/EDF\/edf_petition.jpg\" style=\"width: 1600px;height: 1200px\" \/><figcaption class=\"imageContent\"><div class=\"imageTitle\"><h1><u><a href=\"https:\/\/www.change.org\/p\/jean-bernard-l%C3%A9vy-retrait-d-hercule?\"><span style=\"color:#ffffff\"><em>Les syndicats signent la petition<\/em><\/span><\/a><\/u><\/h1><\/div><\/figcaption><\/figure><p>La directrice d&#039;IndustriALL en charge de l&#039;\u00e9nergie, Diana Junquera, a d\u00e9clar\u00e9 :<\/p><blockquote><p>&quot;Il est r\u00e9ellement irresponsable de la part du gouvernement fran\u00e7ais de privatiser la production d&#039;\u00e9nergie renouvelable au milieu d&#039;une urgence climatique. Nous soutenons nos affili\u00e9s qui r\u00e9clament l&#039;annulation du projet Hercule.&quot;<\/p><\/blockquote>","protected":false},"featured_media":0,"template":"","issues":[],"companies":[35],"regions":[202,217],"sectors":[483],"article_tags":[],"class_list":["post-147496","article","type-article","status-publish","hentry","companies-edf","regions-europe","regions-france","sectors-energy-oil-gas-electricity-and-nuclear"],"acf":[],"yoast_head":"<!-- This site is optimized with the Yoast SEO Premium plugin v27.1 (Yoast SEO v27.1) - https:\/\/yoast.com\/product\/yoast-seo-premium-wordpress\/ -->\n<title>Nouvelles mobilisations des syndicats fran\u00e7ais contre la privatisation d&#039;EDF - industriall-union<\/title>\n<meta name=\"description\" content=\"Nos affili\u00e9s FNME-CGT, FCE-CFDT, CFE-CGC Energie, et FO Energie et Mines ont particip\u00e9 \u00e0 des manifestations et des arr\u00eats de travail dans des sites\" \/>\n<meta name=\"robots\" content=\"index, follow, max-snippet:-1, max-image-preview:large, max-video-preview:-1\" \/>\n<link rel=\"canonical\" href=\"https:\/\/admin.industriall-union.org\/fr\/nouvelles-mobilisations-des-syndicats-francais-contre-la-privatisation-d-039-edf\/\" \/>\n<meta property=\"og:locale\" content=\"fr_FR\" \/>\n<meta property=\"og:type\" content=\"article\" \/>\n<meta property=\"og:title\" content=\"Nouvelles mobilisations des syndicats fran\u00e7ais contre la privatisation d&#039;EDF\" \/>\n<meta property=\"og:description\" content=\"Nos affili\u00e9s FNME-CGT, FCE-CFDT, CFE-CGC Energie, et FO Energie et Mines ont particip\u00e9 \u00e0 des manifestations et des arr\u00eats de travail dans des sites\" \/>\n<meta property=\"og:url\" content=\"https:\/\/admin.industriall-union.org\/fr\/nouvelles-mobilisations-des-syndicats-francais-contre-la-privatisation-d-039-edf\/\" \/>\n<meta property=\"og:site_name\" content=\"industriall-union\" \/>\n<meta property=\"article:modified_time\" content=\"2025-02-03T13:35:44+00:00\" \/>\n<meta name=\"twitter:card\" content=\"summary_large_image\" \/>\n<meta name=\"twitter:label1\" content=\"Est. reading time\" \/>\n\t<meta name=\"twitter:data1\" content=\"2 minutes\" \/>\n<script type=\"application\/ld+json\" class=\"yoast-schema-graph\">{\"@context\":\"https:\/\/schema.org\",\"@graph\":[{\"@type\":\"WebPage\",\"@id\":\"https:\/\/admin.industriall-union.org\/fr\/nouvelles-mobilisations-des-syndicats-francais-contre-la-privatisation-d-039-edf\/\",\"url\":\"https:\/\/admin.industriall-union.org\/fr\/nouvelles-mobilisations-des-syndicats-francais-contre-la-privatisation-d-039-edf\/\",\"name\":\"Nouvelles mobilisations des syndicats fran\u00e7ais contre la privatisation d&#039;EDF - industriall-union\",\"isPartOf\":{\"@id\":\"https:\/\/admin.industriall-union.org\/#website\"},\"datePublished\":\"2019-10-17T15:18:51+00:00\",\"dateModified\":\"2025-02-03T13:35:44+00:00\",\"description\":\"Nos affili\u00e9s FNME-CGT, FCE-CFDT, CFE-CGC Energie, et FO Energie et Mines ont particip\u00e9 \u00e0 des manifestations et des arr\u00eats de travail dans des sites\",\"breadcrumb\":{\"@id\":\"https:\/\/admin.industriall-union.org\/fr\/nouvelles-mobilisations-des-syndicats-francais-contre-la-privatisation-d-039-edf\/#breadcrumb\"},\"inLanguage\":\"fr-FR\",\"potentialAction\":[{\"@type\":\"ReadAction\",\"target\":[\"https:\/\/admin.industriall-union.org\/fr\/nouvelles-mobilisations-des-syndicats-francais-contre-la-privatisation-d-039-edf\/\"]}]},{\"@type\":\"BreadcrumbList\",\"@id\":\"https:\/\/admin.industriall-union.org\/fr\/nouvelles-mobilisations-des-syndicats-francais-contre-la-privatisation-d-039-edf\/#breadcrumb\",\"itemListElement\":[{\"@type\":\"ListItem\",\"position\":1,\"name\":\"Home\",\"item\":\"https:\/\/admin.industriall-union.org\/\"},{\"@type\":\"ListItem\",\"position\":2,\"name\":\"Articles\",\"item\":\"https:\/\/admin.industriall-union.org\/article\/\"},{\"@type\":\"ListItem\",\"position\":3,\"name\":\"Nouvelles mobilisations des syndicats fran\u00e7ais contre la privatisation d&#039;EDF\"}]},{\"@type\":\"WebSite\",\"@id\":\"https:\/\/admin.industriall-union.org\/#website\",\"url\":\"https:\/\/admin.industriall-union.org\/\",\"name\":\"industriall-union\",\"description\":\"\",\"potentialAction\":[{\"@type\":\"SearchAction\",\"target\":{\"@type\":\"EntryPoint\",\"urlTemplate\":\"https:\/\/admin.industriall-union.org\/?s={search_term_string}\"},\"query-input\":{\"@type\":\"PropertyValueSpecification\",\"valueRequired\":true,\"valueName\":\"search_term_string\"}}],\"inLanguage\":\"fr-FR\"}]}<\/script>\n<!-- \/ Yoast SEO Premium plugin. -->","yoast_head_json":{"title":"Nouvelles mobilisations des syndicats fran\u00e7ais contre la privatisation d&#039;EDF - industriall-union","description":"Nos affili\u00e9s FNME-CGT, FCE-CFDT, CFE-CGC Energie, et FO Energie et Mines ont particip\u00e9 \u00e0 des manifestations et des arr\u00eats de travail dans des sites","robots":{"index":"index","follow":"follow","max-snippet":"max-snippet:-1","max-image-preview":"max-image-preview:large","max-video-preview":"max-video-preview:-1"},"canonical":"https:\/\/admin.industriall-union.org\/fr\/nouvelles-mobilisations-des-syndicats-francais-contre-la-privatisation-d-039-edf\/","og_locale":"fr_FR","og_type":"article","og_title":"Nouvelles mobilisations des syndicats fran\u00e7ais contre la privatisation d&#039;EDF","og_description":"Nos affili\u00e9s FNME-CGT, FCE-CFDT, CFE-CGC Energie, et FO Energie et Mines ont particip\u00e9 \u00e0 des manifestations et des arr\u00eats de travail dans des sites","og_url":"https:\/\/admin.industriall-union.org\/fr\/nouvelles-mobilisations-des-syndicats-francais-contre-la-privatisation-d-039-edf\/","og_site_name":"industriall-union","article_modified_time":"2025-02-03T13:35:44+00:00","twitter_card":"summary_large_image","twitter_misc":{"Est. reading time":"2 minutes"},"schema":{"@context":"https:\/\/schema.org","@graph":[{"@type":"WebPage","@id":"https:\/\/admin.industriall-union.org\/fr\/nouvelles-mobilisations-des-syndicats-francais-contre-la-privatisation-d-039-edf\/","url":"https:\/\/admin.industriall-union.org\/fr\/nouvelles-mobilisations-des-syndicats-francais-contre-la-privatisation-d-039-edf\/","name":"Nouvelles mobilisations des syndicats fran\u00e7ais contre la privatisation d&#039;EDF - industriall-union","isPartOf":{"@id":"https:\/\/admin.industriall-union.org\/#website"},"datePublished":"2019-10-17T15:18:51+00:00","dateModified":"2025-02-03T13:35:44+00:00","description":"Nos affili\u00e9s FNME-CGT, FCE-CFDT, CFE-CGC Energie, et FO Energie et Mines ont particip\u00e9 \u00e0 des manifestations et des arr\u00eats de travail dans des sites","breadcrumb":{"@id":"https:\/\/admin.industriall-union.org\/fr\/nouvelles-mobilisations-des-syndicats-francais-contre-la-privatisation-d-039-edf\/#breadcrumb"},"inLanguage":"fr-FR","potentialAction":[{"@type":"ReadAction","target":["https:\/\/admin.industriall-union.org\/fr\/nouvelles-mobilisations-des-syndicats-francais-contre-la-privatisation-d-039-edf\/"]}]},{"@type":"BreadcrumbList","@id":"https:\/\/admin.industriall-union.org\/fr\/nouvelles-mobilisations-des-syndicats-francais-contre-la-privatisation-d-039-edf\/#breadcrumb","itemListElement":[{"@type":"ListItem","position":1,"name":"Home","item":"https:\/\/admin.industriall-union.org\/"},{"@type":"ListItem","position":2,"name":"Articles","item":"https:\/\/admin.industriall-union.org\/article\/"},{"@type":"ListItem","position":3,"name":"Nouvelles mobilisations des syndicats fran\u00e7ais contre la privatisation d&#039;EDF"}]},{"@type":"WebSite","@id":"https:\/\/admin.industriall-union.org\/#website","url":"https:\/\/admin.industriall-union.org\/","name":"industriall-union","description":"","potentialAction":[{"@type":"SearchAction","target":{"@type":"EntryPoint","urlTemplate":"https:\/\/admin.industriall-union.org\/?s={search_term_string}"},"query-input":{"@type":"PropertyValueSpecification","valueRequired":true,"valueName":"search_term_string"}}],"inLanguage":"fr-FR"}]}},"_links":{"self":[{"href":"https:\/\/admin.industriall-union.org\/fr\/wp-json\/wp\/v2\/article\/147496","targetHints":{"allow":["GET"]}}],"collection":[{"href":"https:\/\/admin.industriall-union.org\/fr\/wp-json\/wp\/v2\/article"}],"about":[{"href":"https:\/\/admin.industriall-union.org\/fr\/wp-json\/wp\/v2\/types\/article"}],"wp:attachment":[{"href":"https:\/\/admin.industriall-union.org\/fr\/wp-json\/wp\/v2\/media?parent=147496"}],"wp:term":[{"taxonomy":"issues","embeddable":true,"href":"https:\/\/admin.industriall-union.org\/fr\/wp-json\/wp\/v2\/issues?post=147496"},{"taxonomy":"companies","embeddable":true,"href":"https:\/\/admin.industriall-union.org\/fr\/wp-json\/wp\/v2\/companies?post=147496"},{"taxonomy":"regions","embeddable":true,"href":"https:\/\/admin.industriall-union.org\/fr\/wp-json\/wp\/v2\/regions?post=147496"},{"taxonomy":"sectors","embeddable":true,"href":"https:\/\/admin.industriall-union.org\/fr\/wp-json\/wp\/v2\/sectors?post=147496"},{"taxonomy":"article_tags","embeddable":true,"href":"https:\/\/admin.industriall-union.org\/fr\/wp-json\/wp\/v2\/article_tags?post=147496"}],"curies":[{"name":"wp","href":"https:\/\/api.w.org\/{rel}","templated":true}]}}