{"id":146030,"date":"2019-11-04T07:55:33","date_gmt":"2019-11-04T07:55:33","guid":{"rendered":"https:\/\/admin.industriall-union.org\/greve-des-metallurgistes-italiens-pour-soutenir-une-industrie-durable\/"},"modified":"2025-02-03T12:53:58","modified_gmt":"2025-02-03T12:53:58","slug":"greve-des-metallurgistes-italiens-pour-soutenir-une-industrie-durable","status":"publish","type":"article","link":"https:\/\/admin.industriall-union.org\/fr\/greve-des-metallurgistes-italiens-pour-soutenir-une-industrie-durable\/","title":{"rendered":"Gr\u00e8ve des m\u00e9tallurgistes italiens pour soutenir une industrie durable"},"content":{"rendered":"<p>La gr\u00e8ve, suivie dans diff\u00e9rents sites de production \u00e0 travers le pays, intervient \u00e0 un moment de grande incertitude quant \u00e0 l&#039;avenir de l&#039;industrie m\u00e9tallurgique italienne, confront\u00e9e \u00e0 la baisse de la production industrielle, \u00e0 la diminution des salaires, et \u00e0 l&rsquo;augmentation des accidents et des d\u00e9c\u00e8s au travail. Les principales revendications des syndicats sont: la fin de la crise industrielle et de l&#039;emploi, la relance de la croissance \u00e9conomique et sociale, la reprise des investissements, l&rsquo;augmentation des salaires, le respect des droits fondamentaux des travailleurs, l&rsquo;implication des travailleurs dans les prises de d\u00e9cisions relatives \u00e0 la cr\u00e9ation de nouveaux emplois, le partage des b\u00e9n\u00e9fices r\u00e9sultant des augmentations de productivit\u00e9 d\u00e9coulant des nouvelles technologies, la r\u00e9forme des dispositifs de protection sociale, et l&rsquo;am\u00e9lioration de la s\u00e9curit\u00e9 et de la protection de la sant\u00e9.<\/p><p>&laquo; Les m\u00e9tallurgistes sont conscients de leur responsabilit\u00e9 globale aux niveaux de l&rsquo;industrie et du pays, et veulent \u00eatre les protagonistes des grands changements technologiques et \u00e9cologiques n\u00e9cessaires \u00e0 la pr\u00e9servation de la vie et de l&#039;emploi de ceux qui travaillent &raquo;, peut-on lire dans la d\u00e9claration conjointe de FIOM, FIM et UILM.<\/p><p>Les syndicats voient la gr\u00e8ve et la mobilisation comme des mesures n\u00e9cessaires pour faire pression sur les employeurs, le gouvernement et le parlement pour qu&rsquo;ils prennent des mesures dans un pays o\u00f9 l&#039;industrie souffre. Les syndicats ont d\u00e9clar\u00e9:<\/p><blockquote><p>&laquo;&nbsp;160 entreprises sont actuellement en crise dans le pays sans qu&rsquo;aucune solution ne soit en vue. Il est n\u00e9cessaire que les entreprises et les probl\u00e8mes d&rsquo;emplois reviennent au centre du programme politique gr\u00e2ce \u00e0 des investissements publics et priv\u00e9s visant \u00e0 relancer la croissance \u00e9conomique et sociale, \u00e0 sauvegarder l&#039;emploi et \u00e0 prot\u00e9ger la sant\u00e9 et la s\u00e9curit\u00e9.&nbsp;&raquo;<\/p><\/blockquote><p>La d\u00e9claration conjointe continue en ces termes:<\/p><p>&laquo;&nbsp;En Italie, nous assistons \u00e0 une situation insupportable : une utilisation accrue des dispositifs de protection sociale, l&rsquo;annonce de fermetures d&#039;usines enti\u00e8res dans tous les secteurs, de l&#039;\u00e9lectrom\u00e9nager \u00e0 l&#039;industrie sid\u00e9rurgique, en passant par l&#039;industrie automobile, l&#039;\u00e9lectronique, les technologies de l&#039;information et les installations. Les op\u00e9rations de restructuration garantissent trop souvent la rentabilit\u00e9 des entreprises en transf\u00e9rant les co\u00fbts sur les travailleurs. Dans le m\u00eame temps, les blessures et les d\u00e9c\u00e8s li\u00e9s au travail augmentent. Cette situation n&#039;est plus acceptable.&nbsp;&raquo;<\/p><p>IndustriALL Global Union et le syndicat IndustriAll European Trade Union ont envoy\u00e9 un <a href=\"\/wp-content\/uploads\/documents\/2019\/ITALY\/in_solidarity_with_metalworkers_in_italy_29-10-2019.docx.pdf\">message commun de solidarit\u00e9<\/a> \u00e0 FIM-CISL, FIOM-CGIL et UILM avant la gr\u00e8ve, dans lequel ils indiquent:<\/p><blockquote><p>&laquo;&nbsp;Nous soutenons totalement votre lutte pour accro\u00eetre l&#039;emploi gr\u00e2ce \u00e0 des investissements publics et priv\u00e9s dans les secteurs strat\u00e9giques qui cr\u00e9ent des emplois de qualit\u00e9 et sont respectueux de l&rsquo;environnent dans la dur\u00e9e. &raquo;<\/p><\/blockquote><p>FIM, FIOM et UILM ont annonc\u00e9 que la mobilisation se poursuivra avec la tenue d&rsquo;une assembl\u00e9e nationale des m\u00e9tallurgistes le 20 novembre, \u00e0 Rome.<\/p>","protected":false},"featured_media":0,"template":"","issues":[392],"companies":[],"regions":[224],"sectors":[],"article_tags":[529],"class_list":["post-146030","article","type-article","status-publish","hentry","issues-sustainable-industrial-policy","regions-italy","article_tags-strike"],"acf":[],"yoast_head":"<!-- This site is optimized with the Yoast SEO Premium plugin v27.1 (Yoast SEO v27.1) - https:\/\/yoast.com\/product\/yoast-seo-premium-wordpress\/ -->\n<title>Gr\u00e8ve des m\u00e9tallurgistes italiens pour soutenir une industrie durable - industriall-union<\/title>\n<meta name=\"description\" content=\"La gr\u00e8ve, suivie dans diff\u00e9rents sites de production \u00e0 travers le pays, intervient \u00e0 un moment de grande incertitude quant \u00e0 l&#039;avenir de\" \/>\n<meta name=\"robots\" content=\"index, follow, max-snippet:-1, max-image-preview:large, max-video-preview:-1\" \/>\n<link rel=\"canonical\" href=\"https:\/\/admin.industriall-union.org\/fr\/greve-des-metallurgistes-italiens-pour-soutenir-une-industrie-durable\/\" \/>\n<meta property=\"og:locale\" content=\"fr_FR\" \/>\n<meta property=\"og:type\" content=\"article\" \/>\n<meta property=\"og:title\" content=\"Gr\u00e8ve des m\u00e9tallurgistes italiens pour soutenir une industrie durable\" \/>\n<meta property=\"og:description\" content=\"La gr\u00e8ve, suivie dans diff\u00e9rents sites de production \u00e0 travers le pays, intervient \u00e0 un moment de grande incertitude quant \u00e0 l&#039;avenir de\" \/>\n<meta property=\"og:url\" content=\"https:\/\/admin.industriall-union.org\/fr\/greve-des-metallurgistes-italiens-pour-soutenir-une-industrie-durable\/\" \/>\n<meta property=\"og:site_name\" content=\"industriall-union\" \/>\n<meta property=\"article:modified_time\" content=\"2025-02-03T12:53:58+00:00\" \/>\n<meta name=\"twitter:card\" content=\"summary_large_image\" \/>\n<meta name=\"twitter:label1\" content=\"Est. reading time\" \/>\n\t<meta name=\"twitter:data1\" content=\"3 minutes\" \/>\n<script type=\"application\/ld+json\" class=\"yoast-schema-graph\">{\"@context\":\"https:\/\/schema.org\",\"@graph\":[{\"@type\":\"WebPage\",\"@id\":\"https:\/\/admin.industriall-union.org\/fr\/greve-des-metallurgistes-italiens-pour-soutenir-une-industrie-durable\/\",\"url\":\"https:\/\/admin.industriall-union.org\/fr\/greve-des-metallurgistes-italiens-pour-soutenir-une-industrie-durable\/\",\"name\":\"Gr\u00e8ve des m\u00e9tallurgistes italiens pour soutenir une industrie durable - industriall-union\",\"isPartOf\":{\"@id\":\"https:\/\/admin.industriall-union.org\/#website\"},\"datePublished\":\"2019-11-04T07:55:33+00:00\",\"dateModified\":\"2025-02-03T12:53:58+00:00\",\"description\":\"La gr\u00e8ve, suivie dans diff\u00e9rents sites de production \u00e0 travers le pays, intervient \u00e0 un moment de grande incertitude quant \u00e0 l&#039;avenir de\",\"breadcrumb\":{\"@id\":\"https:\/\/admin.industriall-union.org\/fr\/greve-des-metallurgistes-italiens-pour-soutenir-une-industrie-durable\/#breadcrumb\"},\"inLanguage\":\"fr-FR\",\"potentialAction\":[{\"@type\":\"ReadAction\",\"target\":[\"https:\/\/admin.industriall-union.org\/fr\/greve-des-metallurgistes-italiens-pour-soutenir-une-industrie-durable\/\"]}]},{\"@type\":\"BreadcrumbList\",\"@id\":\"https:\/\/admin.industriall-union.org\/fr\/greve-des-metallurgistes-italiens-pour-soutenir-une-industrie-durable\/#breadcrumb\",\"itemListElement\":[{\"@type\":\"ListItem\",\"position\":1,\"name\":\"Home\",\"item\":\"https:\/\/admin.industriall-union.org\/\"},{\"@type\":\"ListItem\",\"position\":2,\"name\":\"Articles\",\"item\":\"https:\/\/admin.industriall-union.org\/article\/\"},{\"@type\":\"ListItem\",\"position\":3,\"name\":\"Gr\u00e8ve des m\u00e9tallurgistes italiens pour soutenir une industrie durable\"}]},{\"@type\":\"WebSite\",\"@id\":\"https:\/\/admin.industriall-union.org\/#website\",\"url\":\"https:\/\/admin.industriall-union.org\/\",\"name\":\"industriall-union\",\"description\":\"\",\"potentialAction\":[{\"@type\":\"SearchAction\",\"target\":{\"@type\":\"EntryPoint\",\"urlTemplate\":\"https:\/\/admin.industriall-union.org\/?s={search_term_string}\"},\"query-input\":{\"@type\":\"PropertyValueSpecification\",\"valueRequired\":true,\"valueName\":\"search_term_string\"}}],\"inLanguage\":\"fr-FR\"}]}<\/script>\n<!-- \/ Yoast SEO Premium plugin. -->","yoast_head_json":{"title":"Gr\u00e8ve des m\u00e9tallurgistes italiens pour soutenir une industrie durable - industriall-union","description":"La gr\u00e8ve, suivie dans diff\u00e9rents sites de production \u00e0 travers le pays, intervient \u00e0 un moment de grande incertitude quant \u00e0 l&#039;avenir de","robots":{"index":"index","follow":"follow","max-snippet":"max-snippet:-1","max-image-preview":"max-image-preview:large","max-video-preview":"max-video-preview:-1"},"canonical":"https:\/\/admin.industriall-union.org\/fr\/greve-des-metallurgistes-italiens-pour-soutenir-une-industrie-durable\/","og_locale":"fr_FR","og_type":"article","og_title":"Gr\u00e8ve des m\u00e9tallurgistes italiens pour soutenir une industrie durable","og_description":"La gr\u00e8ve, suivie dans diff\u00e9rents sites de production \u00e0 travers le pays, intervient \u00e0 un moment de grande incertitude quant \u00e0 l&#039;avenir de","og_url":"https:\/\/admin.industriall-union.org\/fr\/greve-des-metallurgistes-italiens-pour-soutenir-une-industrie-durable\/","og_site_name":"industriall-union","article_modified_time":"2025-02-03T12:53:58+00:00","twitter_card":"summary_large_image","twitter_misc":{"Est. reading time":"3 minutes"},"schema":{"@context":"https:\/\/schema.org","@graph":[{"@type":"WebPage","@id":"https:\/\/admin.industriall-union.org\/fr\/greve-des-metallurgistes-italiens-pour-soutenir-une-industrie-durable\/","url":"https:\/\/admin.industriall-union.org\/fr\/greve-des-metallurgistes-italiens-pour-soutenir-une-industrie-durable\/","name":"Gr\u00e8ve des m\u00e9tallurgistes italiens pour soutenir une industrie durable - industriall-union","isPartOf":{"@id":"https:\/\/admin.industriall-union.org\/#website"},"datePublished":"2019-11-04T07:55:33+00:00","dateModified":"2025-02-03T12:53:58+00:00","description":"La gr\u00e8ve, suivie dans diff\u00e9rents sites de production \u00e0 travers le pays, intervient \u00e0 un moment de grande incertitude quant \u00e0 l&#039;avenir de","breadcrumb":{"@id":"https:\/\/admin.industriall-union.org\/fr\/greve-des-metallurgistes-italiens-pour-soutenir-une-industrie-durable\/#breadcrumb"},"inLanguage":"fr-FR","potentialAction":[{"@type":"ReadAction","target":["https:\/\/admin.industriall-union.org\/fr\/greve-des-metallurgistes-italiens-pour-soutenir-une-industrie-durable\/"]}]},{"@type":"BreadcrumbList","@id":"https:\/\/admin.industriall-union.org\/fr\/greve-des-metallurgistes-italiens-pour-soutenir-une-industrie-durable\/#breadcrumb","itemListElement":[{"@type":"ListItem","position":1,"name":"Home","item":"https:\/\/admin.industriall-union.org\/"},{"@type":"ListItem","position":2,"name":"Articles","item":"https:\/\/admin.industriall-union.org\/article\/"},{"@type":"ListItem","position":3,"name":"Gr\u00e8ve des m\u00e9tallurgistes italiens pour soutenir une industrie durable"}]},{"@type":"WebSite","@id":"https:\/\/admin.industriall-union.org\/#website","url":"https:\/\/admin.industriall-union.org\/","name":"industriall-union","description":"","potentialAction":[{"@type":"SearchAction","target":{"@type":"EntryPoint","urlTemplate":"https:\/\/admin.industriall-union.org\/?s={search_term_string}"},"query-input":{"@type":"PropertyValueSpecification","valueRequired":true,"valueName":"search_term_string"}}],"inLanguage":"fr-FR"}]}},"_links":{"self":[{"href":"https:\/\/admin.industriall-union.org\/fr\/wp-json\/wp\/v2\/article\/146030","targetHints":{"allow":["GET"]}}],"collection":[{"href":"https:\/\/admin.industriall-union.org\/fr\/wp-json\/wp\/v2\/article"}],"about":[{"href":"https:\/\/admin.industriall-union.org\/fr\/wp-json\/wp\/v2\/types\/article"}],"wp:attachment":[{"href":"https:\/\/admin.industriall-union.org\/fr\/wp-json\/wp\/v2\/media?parent=146030"}],"wp:term":[{"taxonomy":"issues","embeddable":true,"href":"https:\/\/admin.industriall-union.org\/fr\/wp-json\/wp\/v2\/issues?post=146030"},{"taxonomy":"companies","embeddable":true,"href":"https:\/\/admin.industriall-union.org\/fr\/wp-json\/wp\/v2\/companies?post=146030"},{"taxonomy":"regions","embeddable":true,"href":"https:\/\/admin.industriall-union.org\/fr\/wp-json\/wp\/v2\/regions?post=146030"},{"taxonomy":"sectors","embeddable":true,"href":"https:\/\/admin.industriall-union.org\/fr\/wp-json\/wp\/v2\/sectors?post=146030"},{"taxonomy":"article_tags","embeddable":true,"href":"https:\/\/admin.industriall-union.org\/fr\/wp-json\/wp\/v2\/article_tags?post=146030"}],"curies":[{"name":"wp","href":"https:\/\/api.w.org\/{rel}","templated":true}]}}