{"id":146022,"date":"2019-11-12T14:46:08","date_gmt":"2019-11-12T14:46:08","guid":{"rendered":"https:\/\/admin.industriall-union.org\/le-dialogue-mondial-gagne-du-terrain-a-berlin\/"},"modified":"2025-02-03T12:32:33","modified_gmt":"2025-02-03T12:32:33","slug":"le-dialogue-mondial-gagne-du-terrain-a-berlin","status":"publish","type":"article","link":"https:\/\/admin.industriall-union.org\/fr\/le-dialogue-mondial-gagne-du-terrain-a-berlin\/","title":{"rendered":"Le dialogue mondial gagne du terrain \u00e0 Berlin"},"content":{"rendered":"<p>Dans son allocution d&#039;ouverture, le Secr\u00e9taire g\u00e9n\u00e9ral d&#039;IndustriALL, Valter Sanches, a d\u00e9clar\u00e9:<\/p><blockquote><p>&laquo; Nous avons d\u00e9cid\u00e9 d&#039;organiser cette conf\u00e9rence ici, \u00e0 Berlin, parce que l&#039;Allemagne, qui est la quatri\u00e8me plus grande puissance \u00e9conomique mondiale, r\u00e9ussit gr\u00e2ce \u00e0 son syst\u00e8me de cogestion et \u00e0 son respect des relations du travail. Elle est un mod\u00e8le pour tous les autres pays.&nbsp;&raquo;<\/p><\/blockquote><p>Prenant la parole lors de la conf\u00e9rence, le Secr\u00e9taire d&#039;\u00c9tat au Minist\u00e8re f\u00e9d\u00e9ral du travail et des affaires sociales, M. Bj\u00f6rn B\u00f6hning, a indiqu\u00e9 qu&#039;un dialogue social fort a besoin de syndicats forts, et ce d&#039;autant plus que le monde est confront\u00e9 \u00e0 de nouveaux d\u00e9fis li\u00e9s \u00e0 la num\u00e9risation et au changement climatique. M. B\u00f6hning a appel\u00e9 au respect des institutions internationales pour r\u00e9aliser des progr\u00e8s.<\/p><p>La conf\u00e9rence, qui est la premi\u00e8re du genre, a abord\u00e9 des th\u00e8mes majeurs, notamment les relations du travail constructives, les accords-cadres mondiaux et la gestion des cha\u00eenes d&#039;approvisionnement mondiales.<\/p><p>Mirko Herberg, de la Fondation allemande Friedrich Ebert Stiftung (FES) qui a soutenu la conf\u00e9rence, a d\u00e9clar\u00e9:<\/p><blockquote><p>&laquo; Nous voulons voir les travailleurs non pas comme des facteurs de co\u00fbt, mais comme des citoyens ayant des droits de l&#039;homme inali\u00e9nables dont ils ont le droit de jouir au travail. Les entreprises les plus avis\u00e9es font participer les travailleurs \u00e0 la prise de d\u00e9cisions, en particulier lorsque nous consid\u00e9rons les d\u00e9fis actuels auxquels nous devons faire face en termes de transformation num\u00e9rique.&nbsp;&raquo;<\/p><\/blockquote><p>Les repr\u00e9sentants des entreprises Eni, H&amp;M, Inditex, Renault et Solvay ont particip\u00e9 aux tables rondes qui ont \u00e9t\u00e9 retransmises en direct sur la page Facebook d&#039;IndustriALL.<\/p><p>Le groupe Renault, qui emploie 183 000 personnes dans le monde, a conclu un accord-cadre mondial avec IndustriALL en 2013.&nbsp; Miguel Valcarcel, responsable des relations du travail du groupe, a indiqu\u00e9 que la conclusion d&rsquo;un accord-cadre mondial se justifiait naturellement par le fait que l&#039;entreprise devenait moins europ\u00e9enne et moins franco-fran\u00e7aise:<\/p><blockquote><p>&laquo; Nous r\u00e9alisons que la l\u00e9gislation locale, les conditions de travail et les pratiques de dialogue social dans les autres pays et les autres r\u00e9gions sont tr\u00e8s diff\u00e9rentes. L&#039;entreprise a besoin d&#039;un environnement stable pour faire des affaires&#8230; Un accord-cadre mondial cr\u00e9e les conditions de partage des meilleures pratiques. Cela nous permet d&#039;anticiper quand nous devons intervenir lorsque nous avons des probl\u00e8mes ou des conflits.&nbsp;&raquo;<\/p><\/blockquote><p>&nbsp;Tracy Romero, membre du syndicat des travailleurs de l&rsquo;automobile (UAW) en Am\u00e9rique du Nord, a bross\u00e9 un tableau diff\u00e9rent. Elle a d\u00e9clar\u00e9 que les entreprises engag\u00e9es pour faire de l&rsquo;antisyndicalisme par certaines entreprises, telles que Volkswagen et Nissan aux \u00c9tats-Unis, ont agressivement d\u00e9cr\u00e9dibilis\u00e9 leurs efforts d&rsquo;organisation des travailleurs, qui, combin\u00e9 avec l&#039;intrusion du gouvernement, alt\u00e8re la libert\u00e9 syndicale, les droits de l&#039;homme et les normes du travail.<\/p><figure class=\"imageArticle imageMedium colorOverlay\"><img decoding=\"async\" alt=\"\" src=\"\/wp-content\/uploads\/images\/2019\/GERMANY\/CSR_conference\/img_6547.jpg\" style=\"width: 600px;height: 450px\" \/><figcaption class=\"imageContent\"><div class=\"imageCaption\"><p>La conf\u00e9rence a r\u00e9uni des multinationales et des syndicats \u00e0 Berlin.<\/p><\/div><\/figcaption><\/figure><p>Les participants ont \u00e9t\u00e9 inform\u00e9s sur la mani\u00e8re dont les accords-cadres mondiaux avec les marques de mode, H&amp;M et Inditex, contribuent dans d&rsquo;autres parties du monde \u00e0 am\u00e9liorer la libert\u00e9 syndicale, la syndicalisation et les droits du travail dans leurs cha\u00eenes d&#039;approvisionnement.<\/p><p>Le Secr\u00e9taire g\u00e9n\u00e9ral adjoint, Kemal \u00d6zkan, a d\u00e9clar\u00e9 :&nbsp;<\/p><blockquote><p>&laquo; Cette conf\u00e9rence sans pr\u00e9c\u00e9dent a montr\u00e9 l&#039;avantage de relations du travail constructives pour assurer la viabilit\u00e9 des entreprises, et am\u00e9liorer les conditions de travail et les droits fondamentaux des travailleurs. Nous avons approfondi notre compr\u00e9hension mutuelle et restons engag\u00e9s dans le dialogue social pour am\u00e9liorer la vie des travailleurs.&nbsp;&raquo;<\/p><\/blockquote>","protected":false},"featured_media":0,"template":"","issues":[406,407,409,412,425],"companies":[],"regions":[202,219],"sectors":[],"article_tags":[530],"class_list":["post-146022","article","type-article","status-publish","hentry","issues-confronting-global-capital","issues-global-framework-agreements","issues-multinational-companies-mncs","issues-social-justice-and-globalization","issues-workers-rights","regions-europe","regions-germany","article_tags-supply-chains"],"acf":[],"yoast_head":"<!-- This site is optimized with the Yoast SEO Premium plugin v27.1 (Yoast SEO v27.1) - https:\/\/yoast.com\/product\/yoast-seo-premium-wordpress\/ -->\n<title>Le dialogue mondial gagne du terrain \u00e0 Berlin - industriall-union<\/title>\n<meta name=\"description\" content=\"Dans son allocution d&#039;ouverture, le Secr\u00e9taire g\u00e9n\u00e9ral d&#039;IndustriALL, Valter Sanches, a d\u00e9clar\u00e9:&laquo; Nous avons d\u00e9cid\u00e9 d&#039;organiser cette\" \/>\n<meta name=\"robots\" content=\"index, follow, max-snippet:-1, max-image-preview:large, max-video-preview:-1\" \/>\n<link rel=\"canonical\" href=\"https:\/\/admin.industriall-union.org\/fr\/le-dialogue-mondial-gagne-du-terrain-a-berlin\/\" \/>\n<meta property=\"og:locale\" content=\"fr_FR\" \/>\n<meta property=\"og:type\" content=\"article\" \/>\n<meta property=\"og:title\" content=\"Le dialogue mondial gagne du terrain \u00e0 Berlin\" \/>\n<meta property=\"og:description\" content=\"Dans son allocution d&#039;ouverture, le Secr\u00e9taire g\u00e9n\u00e9ral d&#039;IndustriALL, Valter Sanches, a d\u00e9clar\u00e9:&laquo; Nous avons d\u00e9cid\u00e9 d&#039;organiser cette\" \/>\n<meta property=\"og:url\" content=\"https:\/\/admin.industriall-union.org\/fr\/le-dialogue-mondial-gagne-du-terrain-a-berlin\/\" \/>\n<meta property=\"og:site_name\" content=\"industriall-union\" \/>\n<meta property=\"article:modified_time\" content=\"2025-02-03T12:32:33+00:00\" \/>\n<meta name=\"twitter:card\" content=\"summary_large_image\" \/>\n<meta name=\"twitter:label1\" content=\"Est. reading time\" \/>\n\t<meta name=\"twitter:data1\" content=\"3 minutes\" \/>\n<script type=\"application\/ld+json\" class=\"yoast-schema-graph\">{\"@context\":\"https:\/\/schema.org\",\"@graph\":[{\"@type\":\"WebPage\",\"@id\":\"https:\/\/admin.industriall-union.org\/fr\/le-dialogue-mondial-gagne-du-terrain-a-berlin\/\",\"url\":\"https:\/\/admin.industriall-union.org\/fr\/le-dialogue-mondial-gagne-du-terrain-a-berlin\/\",\"name\":\"Le dialogue mondial gagne du terrain \u00e0 Berlin - industriall-union\",\"isPartOf\":{\"@id\":\"https:\/\/admin.industriall-union.org\/#website\"},\"datePublished\":\"2019-11-12T14:46:08+00:00\",\"dateModified\":\"2025-02-03T12:32:33+00:00\",\"description\":\"Dans son allocution d&#039;ouverture, le Secr\u00e9taire g\u00e9n\u00e9ral d&#039;IndustriALL, Valter Sanches, a d\u00e9clar\u00e9:&laquo; Nous avons d\u00e9cid\u00e9 d&#039;organiser cette\",\"breadcrumb\":{\"@id\":\"https:\/\/admin.industriall-union.org\/fr\/le-dialogue-mondial-gagne-du-terrain-a-berlin\/#breadcrumb\"},\"inLanguage\":\"fr-FR\",\"potentialAction\":[{\"@type\":\"ReadAction\",\"target\":[\"https:\/\/admin.industriall-union.org\/fr\/le-dialogue-mondial-gagne-du-terrain-a-berlin\/\"]}]},{\"@type\":\"BreadcrumbList\",\"@id\":\"https:\/\/admin.industriall-union.org\/fr\/le-dialogue-mondial-gagne-du-terrain-a-berlin\/#breadcrumb\",\"itemListElement\":[{\"@type\":\"ListItem\",\"position\":1,\"name\":\"Home\",\"item\":\"https:\/\/admin.industriall-union.org\/\"},{\"@type\":\"ListItem\",\"position\":2,\"name\":\"Articles\",\"item\":\"https:\/\/admin.industriall-union.org\/article\/\"},{\"@type\":\"ListItem\",\"position\":3,\"name\":\"Le dialogue mondial gagne du terrain \u00e0 Berlin\"}]},{\"@type\":\"WebSite\",\"@id\":\"https:\/\/admin.industriall-union.org\/#website\",\"url\":\"https:\/\/admin.industriall-union.org\/\",\"name\":\"industriall-union\",\"description\":\"\",\"potentialAction\":[{\"@type\":\"SearchAction\",\"target\":{\"@type\":\"EntryPoint\",\"urlTemplate\":\"https:\/\/admin.industriall-union.org\/?s={search_term_string}\"},\"query-input\":{\"@type\":\"PropertyValueSpecification\",\"valueRequired\":true,\"valueName\":\"search_term_string\"}}],\"inLanguage\":\"fr-FR\"}]}<\/script>\n<!-- \/ Yoast SEO Premium plugin. -->","yoast_head_json":{"title":"Le dialogue mondial gagne du terrain \u00e0 Berlin - industriall-union","description":"Dans son allocution d&#039;ouverture, le Secr\u00e9taire g\u00e9n\u00e9ral d&#039;IndustriALL, Valter Sanches, a d\u00e9clar\u00e9:&laquo; Nous avons d\u00e9cid\u00e9 d&#039;organiser cette","robots":{"index":"index","follow":"follow","max-snippet":"max-snippet:-1","max-image-preview":"max-image-preview:large","max-video-preview":"max-video-preview:-1"},"canonical":"https:\/\/admin.industriall-union.org\/fr\/le-dialogue-mondial-gagne-du-terrain-a-berlin\/","og_locale":"fr_FR","og_type":"article","og_title":"Le dialogue mondial gagne du terrain \u00e0 Berlin","og_description":"Dans son allocution d&#039;ouverture, le Secr\u00e9taire g\u00e9n\u00e9ral d&#039;IndustriALL, Valter Sanches, a d\u00e9clar\u00e9:&laquo; Nous avons d\u00e9cid\u00e9 d&#039;organiser cette","og_url":"https:\/\/admin.industriall-union.org\/fr\/le-dialogue-mondial-gagne-du-terrain-a-berlin\/","og_site_name":"industriall-union","article_modified_time":"2025-02-03T12:32:33+00:00","twitter_card":"summary_large_image","twitter_misc":{"Est. reading time":"3 minutes"},"schema":{"@context":"https:\/\/schema.org","@graph":[{"@type":"WebPage","@id":"https:\/\/admin.industriall-union.org\/fr\/le-dialogue-mondial-gagne-du-terrain-a-berlin\/","url":"https:\/\/admin.industriall-union.org\/fr\/le-dialogue-mondial-gagne-du-terrain-a-berlin\/","name":"Le dialogue mondial gagne du terrain \u00e0 Berlin - industriall-union","isPartOf":{"@id":"https:\/\/admin.industriall-union.org\/#website"},"datePublished":"2019-11-12T14:46:08+00:00","dateModified":"2025-02-03T12:32:33+00:00","description":"Dans son allocution d&#039;ouverture, le Secr\u00e9taire g\u00e9n\u00e9ral d&#039;IndustriALL, Valter Sanches, a d\u00e9clar\u00e9:&laquo; Nous avons d\u00e9cid\u00e9 d&#039;organiser cette","breadcrumb":{"@id":"https:\/\/admin.industriall-union.org\/fr\/le-dialogue-mondial-gagne-du-terrain-a-berlin\/#breadcrumb"},"inLanguage":"fr-FR","potentialAction":[{"@type":"ReadAction","target":["https:\/\/admin.industriall-union.org\/fr\/le-dialogue-mondial-gagne-du-terrain-a-berlin\/"]}]},{"@type":"BreadcrumbList","@id":"https:\/\/admin.industriall-union.org\/fr\/le-dialogue-mondial-gagne-du-terrain-a-berlin\/#breadcrumb","itemListElement":[{"@type":"ListItem","position":1,"name":"Home","item":"https:\/\/admin.industriall-union.org\/"},{"@type":"ListItem","position":2,"name":"Articles","item":"https:\/\/admin.industriall-union.org\/article\/"},{"@type":"ListItem","position":3,"name":"Le dialogue mondial gagne du terrain \u00e0 Berlin"}]},{"@type":"WebSite","@id":"https:\/\/admin.industriall-union.org\/#website","url":"https:\/\/admin.industriall-union.org\/","name":"industriall-union","description":"","potentialAction":[{"@type":"SearchAction","target":{"@type":"EntryPoint","urlTemplate":"https:\/\/admin.industriall-union.org\/?s={search_term_string}"},"query-input":{"@type":"PropertyValueSpecification","valueRequired":true,"valueName":"search_term_string"}}],"inLanguage":"fr-FR"}]}},"_links":{"self":[{"href":"https:\/\/admin.industriall-union.org\/fr\/wp-json\/wp\/v2\/article\/146022","targetHints":{"allow":["GET"]}}],"collection":[{"href":"https:\/\/admin.industriall-union.org\/fr\/wp-json\/wp\/v2\/article"}],"about":[{"href":"https:\/\/admin.industriall-union.org\/fr\/wp-json\/wp\/v2\/types\/article"}],"wp:attachment":[{"href":"https:\/\/admin.industriall-union.org\/fr\/wp-json\/wp\/v2\/media?parent=146022"}],"wp:term":[{"taxonomy":"issues","embeddable":true,"href":"https:\/\/admin.industriall-union.org\/fr\/wp-json\/wp\/v2\/issues?post=146022"},{"taxonomy":"companies","embeddable":true,"href":"https:\/\/admin.industriall-union.org\/fr\/wp-json\/wp\/v2\/companies?post=146022"},{"taxonomy":"regions","embeddable":true,"href":"https:\/\/admin.industriall-union.org\/fr\/wp-json\/wp\/v2\/regions?post=146022"},{"taxonomy":"sectors","embeddable":true,"href":"https:\/\/admin.industriall-union.org\/fr\/wp-json\/wp\/v2\/sectors?post=146022"},{"taxonomy":"article_tags","embeddable":true,"href":"https:\/\/admin.industriall-union.org\/fr\/wp-json\/wp\/v2\/article_tags?post=146022"}],"curies":[{"name":"wp","href":"https:\/\/api.w.org\/{rel}","templated":true}]}}