{"id":145925,"date":"2019-12-05T10:23:12","date_gmt":"2019-12-05T10:23:12","guid":{"rendered":"https:\/\/admin.industriall-union.org\/manifestations-des-travailleurs-du-nucleaire-en-ukraine\/"},"modified":"2025-02-03T11:08:29","modified_gmt":"2025-02-03T11:08:29","slug":"manifestations-des-travailleurs-du-nucleaire-en-ukraine","status":"publish","type":"article","link":"https:\/\/admin.industriall-union.org\/fr\/manifestations-des-travailleurs-du-nucleaire-en-ukraine\/","title":{"rendered":"Manifestations des travailleurs du nucl\u00e9aire en Ukraine"},"content":{"rendered":"<p>Les membres du syndicat ont \u00e9galement lanc\u00e9 une s\u00e9rie illimit\u00e9e de manifestations dans les villes d&rsquo;Ukraine concern\u00e9es par le nucl\u00e9aire. Les manifestants ont dress\u00e9 des tentes, o\u00f9 les travailleurs du nucl\u00e9aire manifesteront apr\u00e8s le travail jusqu&rsquo;\u00e0 ce que le gouvernement s&rsquo;engage dans un v\u00e9ritable dialogue sur leurs intentions concernant l&rsquo;avenir de l&rsquo;\u00e9nergie nucl\u00e9aire ukrainienne.<\/p><p>Ces manifestations ont \u00e9t\u00e9 d\u00e9clench\u00e9es par le refus du ministre de l&rsquo;\u00e9nergie Oleksiy Orzhel de continuer \u00e0 d\u00e9velopper l&rsquo;\u00e9nergie nucl\u00e9aire, l&rsquo;arr\u00eat de la construction de nouvelles tranches nucl\u00e9aires et la fin de la coop\u00e9ration internationale. Selon Atomprofspilka, cela met en p\u00e9ril le fonctionnement durable du syst\u00e8me \u00e9lectrique ukrainien et les actions du ministre remettent en question la s\u00fbret\u00e9 et la fiabilit\u00e9 des centrales nucl\u00e9aires ukrainiennes.<\/p><p>Valery Matov, Pr\u00e9sident d&rsquo;Atomprofspilka, a confi\u00e9&nbsp;:<\/p><blockquote><p>&ldquo;Les r\u00e9centes d\u00e9clarations du ministre visant \u00e0 limiter la production int\u00e9rieure d&rsquo;\u00e9nergie nucl\u00e9aire en faveur de l&rsquo;importation d&rsquo;\u00e9lectricit\u00e9 en provenance de Russie et de Bi\u00e9lorussie, tout en s&rsquo;opposant \u00e0 l&rsquo;exportation d&rsquo;\u00e9nergie nucl\u00e9aire ukrainienne vers l&rsquo;Union europ\u00e9enne, montrent sa volont\u00e9 de passer du d\u00e9veloppement de l&rsquo;\u00e9nergie nucl\u00e9aire dans notre pays \u00e0 sa destruction.&rdquo;<\/p><\/blockquote><p>Atomprofspilka revendique&nbsp;:<\/p><ul><li>la destitution imm\u00e9diate de l&rsquo;actuel ministre de l&rsquo;\u00e9nergie, Oleksiy Orzhel<\/li><li>qu&rsquo;un organisme public distinct soit cr\u00e9\u00e9 pour les entreprises du secteur nucl\u00e9aire, sous la direction de professionnels de l&rsquo;\u00e9nergie<\/li><li>une r\u00e9union d&rsquo;urgence sur la strat\u00e9gie ukrainienne de d\u00e9veloppement du secteur nucl\u00e9aire<\/li><li>la r\u00e9int\u00e9gration de Iouri Nedashkovski \u00e0 la pr\u00e9sidence d&rsquo;Energoatom<\/li><\/ul><p>Le 28 novembre dernier, les membres d&rsquo;Atomprofspilka d&rsquo;Energoatom ont organis\u00e9 un rassemblement d&rsquo;avertissement demandant au Pr\u00e9sident de l&rsquo;Ukraine Volodymyr Zelensky de prendre des mesures pour r\u00e9int\u00e9grer Iouri Nedashkovski, car aucun autre sp\u00e9cialiste en Ukraine ne peut garantir un niveau suffisant de s\u00fbret\u00e9 nucl\u00e9aire et radiologique s&rsquo;agissant de l&rsquo;exploitation des centrales nucl\u00e9aires, \u00e9tant une autorit\u00e9 parmi les scientifiques du nucl\u00e9aire en Ukraine comme \u00e0 l&rsquo;\u00e9tranger.<\/p><p>Vadim Borisov, Secr\u00e9taire r\u00e9gional d&rsquo;IndustriALL, a d\u00e9clar\u00e9&nbsp;:<\/p><blockquote><p>&ldquo;L&rsquo;absence d&rsquo;une politique \u00e9tatique claire pour le d\u00e9veloppement et le soutien des industries nationales conduit \u00e0 des attaques accrues contre les droits sociaux et du travail des salari\u00e9s, avec la r\u00e9duction de l&rsquo;emploi, la baisse du niveau de vie, la d\u00e9t\u00e9rioration des conditions de travail et un taux de pauvret\u00e9 plus \u00e9lev\u00e9 parmi les travailleurs. IndustriALL soutient les revendications d&rsquo;Atomprofspilka et demande au gouvernement ukrainien d&rsquo;\u00e9laborer une politique industrielle professionnelle durable pour soutenir les industries nationales.<\/p><p>En mars de l&rsquo;ann\u00e9e prochaine, IndustriALL tiendra une Conf\u00e9rence sur l&rsquo;\u00e9nergie durable pour l&rsquo;Ukraine \u00e0 Kiev, et nous attendons la participation des syndicats ukrainiens et internationaux de l&rsquo;\u00e9nergie et des employeurs actifs dans les industries du charbon, du nucl\u00e9aire, du p\u00e9trole et du gaz et de l&rsquo;\u00e9lectricit\u00e9, ainsi que des repr\u00e9sentants du gouvernement pour aborder ces questions essentielles.&rdquo;<\/p><\/blockquote><p>L&rsquo;\u00e9nergie nucl\u00e9aire produit 56 % de l&rsquo;\u00e9lectricit\u00e9 destin\u00e9e aux consommateurs ukrainiens et repr\u00e9sente un secteur strat\u00e9gique pour le pays.<\/p>","protected":false},"featured_media":0,"template":"","issues":[392],"companies":[],"regions":[252],"sectors":[483],"article_tags":[],"class_list":["post-145925","article","type-article","status-publish","hentry","issues-sustainable-industrial-policy","regions-ukraine","sectors-energy-oil-gas-electricity-and-nuclear"],"acf":[],"yoast_head":"<!-- This site is optimized with the Yoast SEO Premium plugin v27.1 (Yoast SEO v27.1) - https:\/\/yoast.com\/product\/yoast-seo-premium-wordpress\/ -->\n<title>Manifestations des travailleurs du nucl\u00e9aire en Ukraine - industriall-union<\/title>\n<meta name=\"description\" content=\"Les membres du syndicat ont \u00e9galement lanc\u00e9 une s\u00e9rie illimit\u00e9e de manifestations dans les villes d&rsquo;Ukraine concern\u00e9es par le nucl\u00e9aire. Les\" \/>\n<meta name=\"robots\" content=\"index, follow, max-snippet:-1, max-image-preview:large, max-video-preview:-1\" \/>\n<link rel=\"canonical\" href=\"https:\/\/admin.industriall-union.org\/fr\/manifestations-des-travailleurs-du-nucleaire-en-ukraine\/\" \/>\n<meta property=\"og:locale\" content=\"fr_FR\" \/>\n<meta property=\"og:type\" content=\"article\" \/>\n<meta property=\"og:title\" content=\"Manifestations des travailleurs du nucl\u00e9aire en Ukraine\" \/>\n<meta property=\"og:description\" content=\"Les membres du syndicat ont \u00e9galement lanc\u00e9 une s\u00e9rie illimit\u00e9e de manifestations dans les villes d&rsquo;Ukraine concern\u00e9es par le nucl\u00e9aire. Les\" \/>\n<meta property=\"og:url\" content=\"https:\/\/admin.industriall-union.org\/fr\/manifestations-des-travailleurs-du-nucleaire-en-ukraine\/\" \/>\n<meta property=\"og:site_name\" content=\"industriall-union\" \/>\n<meta property=\"article:modified_time\" content=\"2025-02-03T11:08:29+00:00\" \/>\n<meta name=\"twitter:card\" content=\"summary_large_image\" \/>\n<meta name=\"twitter:label1\" content=\"Est. reading time\" \/>\n\t<meta name=\"twitter:data1\" content=\"3 minutes\" \/>\n<script type=\"application\/ld+json\" class=\"yoast-schema-graph\">{\"@context\":\"https:\/\/schema.org\",\"@graph\":[{\"@type\":\"WebPage\",\"@id\":\"https:\/\/admin.industriall-union.org\/fr\/manifestations-des-travailleurs-du-nucleaire-en-ukraine\/\",\"url\":\"https:\/\/admin.industriall-union.org\/fr\/manifestations-des-travailleurs-du-nucleaire-en-ukraine\/\",\"name\":\"Manifestations des travailleurs du nucl\u00e9aire en Ukraine - industriall-union\",\"isPartOf\":{\"@id\":\"https:\/\/admin.industriall-union.org\/#website\"},\"datePublished\":\"2019-12-05T10:23:12+00:00\",\"dateModified\":\"2025-02-03T11:08:29+00:00\",\"description\":\"Les membres du syndicat ont \u00e9galement lanc\u00e9 une s\u00e9rie illimit\u00e9e de manifestations dans les villes d&rsquo;Ukraine concern\u00e9es par le nucl\u00e9aire. Les\",\"breadcrumb\":{\"@id\":\"https:\/\/admin.industriall-union.org\/fr\/manifestations-des-travailleurs-du-nucleaire-en-ukraine\/#breadcrumb\"},\"inLanguage\":\"fr-FR\",\"potentialAction\":[{\"@type\":\"ReadAction\",\"target\":[\"https:\/\/admin.industriall-union.org\/fr\/manifestations-des-travailleurs-du-nucleaire-en-ukraine\/\"]}]},{\"@type\":\"BreadcrumbList\",\"@id\":\"https:\/\/admin.industriall-union.org\/fr\/manifestations-des-travailleurs-du-nucleaire-en-ukraine\/#breadcrumb\",\"itemListElement\":[{\"@type\":\"ListItem\",\"position\":1,\"name\":\"Home\",\"item\":\"https:\/\/admin.industriall-union.org\/\"},{\"@type\":\"ListItem\",\"position\":2,\"name\":\"Articles\",\"item\":\"https:\/\/admin.industriall-union.org\/article\/\"},{\"@type\":\"ListItem\",\"position\":3,\"name\":\"Manifestations des travailleurs du nucl\u00e9aire en Ukraine\"}]},{\"@type\":\"WebSite\",\"@id\":\"https:\/\/admin.industriall-union.org\/#website\",\"url\":\"https:\/\/admin.industriall-union.org\/\",\"name\":\"industriall-union\",\"description\":\"\",\"potentialAction\":[{\"@type\":\"SearchAction\",\"target\":{\"@type\":\"EntryPoint\",\"urlTemplate\":\"https:\/\/admin.industriall-union.org\/?s={search_term_string}\"},\"query-input\":{\"@type\":\"PropertyValueSpecification\",\"valueRequired\":true,\"valueName\":\"search_term_string\"}}],\"inLanguage\":\"fr-FR\"}]}<\/script>\n<!-- \/ Yoast SEO Premium plugin. -->","yoast_head_json":{"title":"Manifestations des travailleurs du nucl\u00e9aire en Ukraine - industriall-union","description":"Les membres du syndicat ont \u00e9galement lanc\u00e9 une s\u00e9rie illimit\u00e9e de manifestations dans les villes d&rsquo;Ukraine concern\u00e9es par le nucl\u00e9aire. Les","robots":{"index":"index","follow":"follow","max-snippet":"max-snippet:-1","max-image-preview":"max-image-preview:large","max-video-preview":"max-video-preview:-1"},"canonical":"https:\/\/admin.industriall-union.org\/fr\/manifestations-des-travailleurs-du-nucleaire-en-ukraine\/","og_locale":"fr_FR","og_type":"article","og_title":"Manifestations des travailleurs du nucl\u00e9aire en Ukraine","og_description":"Les membres du syndicat ont \u00e9galement lanc\u00e9 une s\u00e9rie illimit\u00e9e de manifestations dans les villes d&rsquo;Ukraine concern\u00e9es par le nucl\u00e9aire. Les","og_url":"https:\/\/admin.industriall-union.org\/fr\/manifestations-des-travailleurs-du-nucleaire-en-ukraine\/","og_site_name":"industriall-union","article_modified_time":"2025-02-03T11:08:29+00:00","twitter_card":"summary_large_image","twitter_misc":{"Est. reading time":"3 minutes"},"schema":{"@context":"https:\/\/schema.org","@graph":[{"@type":"WebPage","@id":"https:\/\/admin.industriall-union.org\/fr\/manifestations-des-travailleurs-du-nucleaire-en-ukraine\/","url":"https:\/\/admin.industriall-union.org\/fr\/manifestations-des-travailleurs-du-nucleaire-en-ukraine\/","name":"Manifestations des travailleurs du nucl\u00e9aire en Ukraine - industriall-union","isPartOf":{"@id":"https:\/\/admin.industriall-union.org\/#website"},"datePublished":"2019-12-05T10:23:12+00:00","dateModified":"2025-02-03T11:08:29+00:00","description":"Les membres du syndicat ont \u00e9galement lanc\u00e9 une s\u00e9rie illimit\u00e9e de manifestations dans les villes d&rsquo;Ukraine concern\u00e9es par le nucl\u00e9aire. Les","breadcrumb":{"@id":"https:\/\/admin.industriall-union.org\/fr\/manifestations-des-travailleurs-du-nucleaire-en-ukraine\/#breadcrumb"},"inLanguage":"fr-FR","potentialAction":[{"@type":"ReadAction","target":["https:\/\/admin.industriall-union.org\/fr\/manifestations-des-travailleurs-du-nucleaire-en-ukraine\/"]}]},{"@type":"BreadcrumbList","@id":"https:\/\/admin.industriall-union.org\/fr\/manifestations-des-travailleurs-du-nucleaire-en-ukraine\/#breadcrumb","itemListElement":[{"@type":"ListItem","position":1,"name":"Home","item":"https:\/\/admin.industriall-union.org\/"},{"@type":"ListItem","position":2,"name":"Articles","item":"https:\/\/admin.industriall-union.org\/article\/"},{"@type":"ListItem","position":3,"name":"Manifestations des travailleurs du nucl\u00e9aire en Ukraine"}]},{"@type":"WebSite","@id":"https:\/\/admin.industriall-union.org\/#website","url":"https:\/\/admin.industriall-union.org\/","name":"industriall-union","description":"","potentialAction":[{"@type":"SearchAction","target":{"@type":"EntryPoint","urlTemplate":"https:\/\/admin.industriall-union.org\/?s={search_term_string}"},"query-input":{"@type":"PropertyValueSpecification","valueRequired":true,"valueName":"search_term_string"}}],"inLanguage":"fr-FR"}]}},"_links":{"self":[{"href":"https:\/\/admin.industriall-union.org\/fr\/wp-json\/wp\/v2\/article\/145925","targetHints":{"allow":["GET"]}}],"collection":[{"href":"https:\/\/admin.industriall-union.org\/fr\/wp-json\/wp\/v2\/article"}],"about":[{"href":"https:\/\/admin.industriall-union.org\/fr\/wp-json\/wp\/v2\/types\/article"}],"wp:attachment":[{"href":"https:\/\/admin.industriall-union.org\/fr\/wp-json\/wp\/v2\/media?parent=145925"}],"wp:term":[{"taxonomy":"issues","embeddable":true,"href":"https:\/\/admin.industriall-union.org\/fr\/wp-json\/wp\/v2\/issues?post=145925"},{"taxonomy":"companies","embeddable":true,"href":"https:\/\/admin.industriall-union.org\/fr\/wp-json\/wp\/v2\/companies?post=145925"},{"taxonomy":"regions","embeddable":true,"href":"https:\/\/admin.industriall-union.org\/fr\/wp-json\/wp\/v2\/regions?post=145925"},{"taxonomy":"sectors","embeddable":true,"href":"https:\/\/admin.industriall-union.org\/fr\/wp-json\/wp\/v2\/sectors?post=145925"},{"taxonomy":"article_tags","embeddable":true,"href":"https:\/\/admin.industriall-union.org\/fr\/wp-json\/wp\/v2\/article_tags?post=145925"}],"curies":[{"name":"wp","href":"https:\/\/api.w.org\/{rel}","templated":true}]}}