{"id":145911,"date":"2019-12-12T14:48:23","date_gmt":"2019-12-12T14:48:23","guid":{"rendered":"https:\/\/admin.industriall-union.org\/blog-de-la-cop25-journee-du-12-decembre-2019\/"},"modified":"2025-02-03T10:58:08","modified_gmt":"2025-02-03T10:58:08","slug":"blog-de-la-cop25-journee-du-12-decembre-2019","status":"publish","type":"article","link":"https:\/\/admin.industriall-union.org\/fr\/blog-de-la-cop25-journee-du-12-decembre-2019\/","title":{"rendered":"Blog de la COP25, journ\u00e9e du 12 d\u00e9cembre 2019"},"content":{"rendered":"<p>Un \u00e9v\u00e9nement important a eu lieu aujourd&#039;hui : le lancement de l&#039;&laquo;&nbsp;initiative Action climatique pour l&#039;emploi &raquo;.<\/p><p>Comme l&#039;a expliqu\u00e9 l&#039;OIT : &laquo; Lors du Sommet des Nations Unies sur l&#039;action pour le climat de 2019, quarante-cinq pays se sont engag\u00e9s \u00e0 placer l&#039;emploi au c\u0153ur d&#039;une action climatique ambitieuse. Pour que ce programme centr\u00e9 sur les personnes puisse se transformer en actions concr\u00e8tes, le Secr\u00e9taire g\u00e9n\u00e9ral des Nations Unies, Ant\u00f3nio Guterres, a annonc\u00e9 la mise en place de l&rsquo;initiative Action climatique pour l&#039;emploi. Le Secr\u00e9taire g\u00e9n\u00e9ral de l&#039;ONU a d\u00e9sign\u00e9 l&#039;Organisation internationale du Travail (OIT) en tant que chef de file de la mise en \u0153uvre de l&#039;initiative. Les partenaires gouvernementaux, des organisations de travailleurs et d&#039;employeurs, des institutions internationales et du milieu universitaire apportent leurs valeurs, leur expertise et leurs r\u00e9seaux dans le cadre d&#039;un programme commun.&nbsp;&raquo;<\/p><p>Cliquez sur le lien pour en apprendre davantage sur <a href=\"https:\/\/www.ilo.org\/wcmsp5\/groups\/public\/@ed_emp\/@emp_ent\/documents\/genericdocument\/wcms_731429.pdf\">l&rsquo;initiative Action climatique pour l&rsquo;emploi<\/a>.<\/p><p>Lors de l&#039;\u00e9v\u00e9nement, <strong>le Secr\u00e9taire g\u00e9n\u00e9ral de l&#039;ONU, Ant\u00f3nio Guterres<\/strong>, a parl\u00e9 de l&#039;urgence d&#039;agir. Actuellement, nous perdons la bataille sur les changements climatiques, mais cela peut changer si nous travaillons ensemble. L&rsquo;initiative Action climatique pour l&#039;emploi pourrait recentrer le d\u00e9bat.<\/p><p><strong>Guy Ryder, Directeur g\u00e9n\u00e9ral de l&#039;OIT<\/strong>, a appel\u00e9 les Parties \u00e0 int\u00e9grer la strat\u00e9gie Action climatique pour l&#039;emploi, les objectifs de d\u00e9veloppement durable (ODD) et la transition juste dans la prochaine s\u00e9rie de contributions d\u00e9termin\u00e9es au niveau national (NDC). Il a soulign\u00e9 la n\u00e9cessit\u00e9 d&rsquo;avoir une strat\u00e9gie sur les comp\u00e9tences et des accords tripartites. Selon Ryder, un avenir durable est \u00e0 notre port\u00e9e si nous agissons avec rapidit\u00e9, d\u00e9termination, intelligence et dans un esprit de coop\u00e9ration.<\/p><p><strong>Teresa Ribera, ministre espagnole de la Transition \u00e9cologique<\/strong>, a cit\u00e9 l&#039;exemple de l&#039;exp\u00e9rience espagnole, notamment l&rsquo;approche de la transition juste suivie en faveur des communaut\u00e9s d\u00e9pendantes du charbon. L&rsquo;enseignement tir\u00e9 de l&rsquo;Espagne peut \u00eatre reproduit ailleurs. Quarante-six pays ont pris l&rsquo;engagement de soutenir l&#039;Initiative Action climatique pour l&#039;emploi, y compris la transition juste, et nous esp\u00e9rons qu&#039;ils seront rejoints par de nombreux autres pays. Nous devons faciliter l&rsquo;\u00e9tablissement d&rsquo;un v\u00e9ritable dialogue social qui englobe la participation des jeunes, des travailleurs et d&#039;autres organisations de la soci\u00e9t\u00e9 civile.<\/p><p><strong>Svenja Schulze, ministre allemande de l&#039;Environnement<\/strong>, a d\u00e9crit le dialogue social soutenu qui a fait partie int\u00e9grante du plan de d\u00e9mant\u00e8lement de l&rsquo;industrie du charbon en Allemagne. Il s&rsquo;agit l\u00e0 d&rsquo;un autre exemple \u00e0 partir duquel la communaut\u00e9 internationale peut apprendre. L&#039;Allemagne vise \u00e0 reconvertir d&#039;anciennes r\u00e9gions tributaires du charbon en nouveaux centres d&#039;\u00e9nergies renouvelables et de technologies vertes tout en veillant \u00e0 garantir aux travailleurs et aux communaut\u00e9s une transition juste.<\/p><p><strong>Artur Lorkowski, Ambassadeur envoy\u00e9 sp\u00e9cial pour le climat durant la pr\u00e9sidence de la COP24<\/strong>, a \u00e9voqu\u00e9 le cadre de la D\u00e9claration de Sil\u00e9sie pour parler sur la transition juste. Plus de cinquante pays ont sign\u00e9 cette D\u00e9claration. Lorkowski a fait observer que la transition juste n&#039;est pas seulement une question de co\u00fbts mais aussi d&#039;opportunit\u00e9s.<\/p><p><strong>Sharan Burrow, Secr\u00e9taire g\u00e9n\u00e9rale de la CSI<\/strong>, a d\u00e9clar\u00e9 que le monde se trouve \u00e0 une \u00e9poque de col\u00e8re, de conflits et de d\u00e9placements. La Transition juste a un r\u00f4le \u00e0 jouer dans bon nombre de ces domaines de crise convergents. Elle a soulign\u00e9 que l&rsquo;Espagne, l&#039;Allemagne, le Canada et d&#039;autres pays prenaient toutefois des engagements en faveur de la transition juste. Nous devons penser \u00e0 la propri\u00e9t\u00e9 intellectuelle, nous devons avoir une technologie open source. Nous avons besoin d&#039;un nouveau contrat social qui prenne en consid\u00e9ration ces questions. Personne ne peut \u00eatre laiss\u00e9 pour compte. Mettons en \u0153uvre la <a href=\"https:\/\/www.ilo.org\/ilc\/ILCSessions\/108\/reports\/texts-adopted\/WCMS_711674\/lang--en\/index.htm\">d\u00e9claration du centenaire de l&rsquo;OIT<\/a>, mettons en place l&rsquo;action climatique pour l&#039;emploi; nous devons agir maintenant pour garantir aux travailleurs un socle de protection des droits, de la sant\u00e9 et de la s\u00e9curit\u00e9 au travail, du salaire minimal, de la protection sociale, et une transition juste en faveur de l&#039;action climatique. Si les gouvernements refusent d&#039;\u00e9couter leurs populations, ils devront faire face \u00e0 la col\u00e8re des gens.<\/p><p><strong>Roberto Su\u00e1rez Santos, Secr\u00e9taire g\u00e9n\u00e9ral de l&#039;Organisation internationale des employeurs<\/strong>, a sugg\u00e9r\u00e9 que les employeurs locaux se joignent au mouvement et \u00e9tablissent des relations avec la soci\u00e9t\u00e9 civile. Il a soulign\u00e9 l&#039;importance pour les travailleurs d&rsquo;acqu\u00e9rir de nouvelles comp\u00e9tences et d&rsquo;acc\u00e9der \u00e0 des formations de requalification.<\/p><p>Enfin, <strong>Barbara Neira, repr\u00e9sentante des jeunes du Chili<\/strong>, a parl\u00e9 de l&#039;injustice institutionnelle et de la n\u00e9cessit\u00e9 de transformer la soci\u00e9t\u00e9.<\/p><p>Les textes complets des discours de <a href=\"\/wp-content\/uploads\/documents\/2019\/SPAIN\/COP25\/dg_speech_-_12_dec_2019-_climate_action_for_jobs.pdf\">Guy Ryder<\/a> et du <a href=\"https:\/\/www.un.org\/sg\/en\/content\/sg\/statement\/2019-12-12\/secretary-generals-remarks-cop25-event-climate-action-for-jobs-delivered\">Secr\u00e9taire g\u00e9n\u00e9ral de l&rsquo;ONU, Ant\u00f3nio Guterres<\/a>.<\/p><p>Parmi les autres nouvelles, comme on pouvait le pr\u00e9voir la manifestation d&#039;hier a eu des retomb\u00e9es. La s\u00e9curit\u00e9 de l&#039;ONU n&#039;a pas appr\u00e9ci\u00e9 et a retir\u00e9 leurs badges \u00e0 certains de nos membres. La soci\u00e9t\u00e9 civile a \u00e9t\u00e9 critiqu\u00e9e pour ne pas avoir respect\u00e9 les r\u00e8gles, paralys\u00e9 le processus de la COP et &laquo; compromis la s\u00e9curit\u00e9 des d\u00e9l\u00e9gu\u00e9s &raquo;.<\/p><p><strong>Bert De Wel <\/strong>a r\u00e9pondu, au nom des syndicats, que l&rsquo;\u00e9chec de cette COP ne pouvait gu\u00e8re \u00eatre attribuable au fait d&rsquo;avoir emp\u00each\u00e9 les Parties de rentrer en r\u00e9union pl\u00e9ni\u00e8re pendant 10 minutes mais que la raison en \u00e9tait plut\u00f4t l&rsquo;incapacit\u00e9 de ces Parties \u00e0 aborder s\u00e9rieusement les probl\u00e8mes pendant la semaine et demie des r\u00e9unions ayant d\u00e9j\u00e0 eu lieu dans le cadre de la COP. En fait, nous essayons d&#039;aider la pr\u00e9sidence de la COP \u00e0 aboutir \u00e0 une d\u00e9cision en faisant pression sur les Parties.<\/p><p>La situation montre le lien entre la justice climatique et la justice sociale. Bien s\u00fbr, cette COP25 est singuli\u00e8re en ce sens qu&rsquo;elle se d\u00e9roule en Espagne apr\u00e8s que le Br\u00e9sil, puis le Chili aient refus\u00e9 de l&#039;accueillir en raison de leurs opinions de droite et de leurs tentatives de museler la soci\u00e9t\u00e9 civile dans leur propre pays.<\/p><p>Plus tard dans la journ\u00e9e, j&#039;ai appris que ceux qui avaient \u00e9t\u00e9 priv\u00e9s de leurs accr\u00e9ditations seraient \u00e0 nouveau admis et que les groupes de la soci\u00e9t\u00e9 civile ne seraient pas punis pour cette action.<\/p><p>La plupart des n\u00e9gociations publiques sont termin\u00e9es. Le succ\u00e8s ou l&rsquo;\u00e9chec de la COP25 d\u00e9pend maintenant des ministres. Nous avons besoin que le texte final fasse r\u00e9f\u00e9rence \u00e0 des concepts tels que l&#039;\u00e9quit\u00e9, la justice sociale et la transition juste. Malheureusement, les discussions minist\u00e9rielles se d\u00e9roulent \u00e0 huis clos, de sorte qu&#039;il est difficile de savoir avec certitude ce qui se passe. Cependant, les bribes d&rsquo;information que nous recevons ne sont pas encourageantes.<\/p><p><strong>Les jeunes d\u00e9l\u00e9gu\u00e9s <\/strong>sont les v\u00e9ritables stars de cette COP. Bien que Greta Thunberg retienne la majeure partie de l&#039;attention des m\u00e9dias, les jeunes sont venus en d\u00e9l\u00e9gation importante \u00e0 la COP. Tous ceux que j&#039;ai rencontr\u00e9s m&rsquo;ont impressionn\u00e9. Ils nous ont parl\u00e9 de l&#039;impact des manifestations chiliennes sur les jeunes, notamment du d\u00e9c\u00e8s d&rsquo;au moins un adolescent touch\u00e9 par une grenade de gaz lacrymog\u00e8ne. La jeunesse chilienne s&rsquo;est r\u00e9veill\u00e9e. Les jeunes continueront \u00e0 se battre aux c\u00f4t\u00e9s des travailleurs et des autres membres de la soci\u00e9t\u00e9 civile pour obtenir de meilleures conditions sociales tout en prot\u00e9geant le climat. Une jeune militante qu\u00e9b\u00e9coise nous a dit pourquoi elle s&rsquo;est engag\u00e9e.<\/p><blockquote><p>&laquo; Pourquoi devrions-nous aller \u00e0 l&#039;\u00e9cole pour trouver un emploi qui n&#039;a pas de signification si nous n&#039;avons aucune confiance en l&#039;avenir? Nous sommes tous ensemble unis contre le syst\u00e8me qui rend les pauvres plus pauvres et les riches plus riches. Nous sommes au d\u00e9but d&#039;une \u00e8re nouvelle, nous demandons justice, et on ne nous ridiculisera pas.&nbsp;&raquo;<\/p><\/blockquote><p>Dans le monde entier, la col\u00e8re monte chez les jeunes face \u00e0 ces probl\u00e8mes. On leur vole leur avenir et ils r\u00e9clament qu&#039;il leur soit rendu.<\/p><p>Les peuples autochtones, les femmes, les groupes environnementaux et les syndicats ont \u00e9galement appel\u00e9 les Parties \u00e0 agir avec d\u00e9termination et \u00e0 faire en sorte que la COP25 soit \u00e0 la hauteur de sa devise : &laquo; Il est temps d&rsquo;agir&nbsp;&raquo;. Nous saurons bient\u00f4t si les dirigeants ont entendu leurs messages.<\/p>","protected":false},"featured_media":0,"template":"","issues":[393],"companies":[],"regions":[202,246],"sectors":[],"article_tags":[507],"class_list":["post-145911","article","type-article","status-publish","hentry","issues-climate-change-just-transition","regions-europe","regions-spain","article_tags-cop"],"acf":[],"yoast_head":"<!-- This site is optimized with the Yoast SEO Premium plugin v27.1 (Yoast SEO v27.1) - https:\/\/yoast.com\/product\/yoast-seo-premium-wordpress\/ -->\n<title>Blog de la COP25, journ\u00e9e du 12 d\u00e9cembre 2019 - industriall-union<\/title>\n<meta name=\"description\" content=\"Un \u00e9v\u00e9nement important a eu lieu aujourd&#039;hui : le lancement de l&#039;&laquo;&nbsp;initiative Action climatique pour l&#039;emploi &raquo;.Comme\" \/>\n<meta name=\"robots\" content=\"index, follow, max-snippet:-1, max-image-preview:large, max-video-preview:-1\" \/>\n<link rel=\"canonical\" href=\"https:\/\/admin.industriall-union.org\/fr\/blog-de-la-cop25-journee-du-12-decembre-2019\/\" \/>\n<meta property=\"og:locale\" content=\"fr_FR\" \/>\n<meta property=\"og:type\" content=\"article\" \/>\n<meta property=\"og:title\" content=\"Blog de la COP25, journ\u00e9e du 12 d\u00e9cembre 2019\" \/>\n<meta property=\"og:description\" content=\"Un \u00e9v\u00e9nement important a eu lieu aujourd&#039;hui : le lancement de l&#039;&laquo;&nbsp;initiative Action climatique pour l&#039;emploi &raquo;.Comme\" \/>\n<meta property=\"og:url\" content=\"https:\/\/admin.industriall-union.org\/fr\/blog-de-la-cop25-journee-du-12-decembre-2019\/\" \/>\n<meta property=\"og:site_name\" content=\"industriall-union\" \/>\n<meta property=\"article:modified_time\" content=\"2025-02-03T10:58:08+00:00\" \/>\n<meta name=\"twitter:card\" content=\"summary_large_image\" \/>\n<meta name=\"twitter:label1\" content=\"Est. reading time\" \/>\n\t<meta name=\"twitter:data1\" content=\"8 minutes\" \/>\n<script type=\"application\/ld+json\" class=\"yoast-schema-graph\">{\"@context\":\"https:\/\/schema.org\",\"@graph\":[{\"@type\":\"WebPage\",\"@id\":\"https:\/\/admin.industriall-union.org\/fr\/blog-de-la-cop25-journee-du-12-decembre-2019\/\",\"url\":\"https:\/\/admin.industriall-union.org\/fr\/blog-de-la-cop25-journee-du-12-decembre-2019\/\",\"name\":\"Blog de la COP25, journ\u00e9e du 12 d\u00e9cembre 2019 - industriall-union\",\"isPartOf\":{\"@id\":\"https:\/\/admin.industriall-union.org\/#website\"},\"datePublished\":\"2019-12-12T14:48:23+00:00\",\"dateModified\":\"2025-02-03T10:58:08+00:00\",\"description\":\"Un \u00e9v\u00e9nement important a eu lieu aujourd&#039;hui : le lancement de l&#039;&laquo;&nbsp;initiative Action climatique pour l&#039;emploi &raquo;.Comme\",\"breadcrumb\":{\"@id\":\"https:\/\/admin.industriall-union.org\/fr\/blog-de-la-cop25-journee-du-12-decembre-2019\/#breadcrumb\"},\"inLanguage\":\"fr-FR\",\"potentialAction\":[{\"@type\":\"ReadAction\",\"target\":[\"https:\/\/admin.industriall-union.org\/fr\/blog-de-la-cop25-journee-du-12-decembre-2019\/\"]}]},{\"@type\":\"BreadcrumbList\",\"@id\":\"https:\/\/admin.industriall-union.org\/fr\/blog-de-la-cop25-journee-du-12-decembre-2019\/#breadcrumb\",\"itemListElement\":[{\"@type\":\"ListItem\",\"position\":1,\"name\":\"Home\",\"item\":\"https:\/\/admin.industriall-union.org\/\"},{\"@type\":\"ListItem\",\"position\":2,\"name\":\"Articles\",\"item\":\"https:\/\/admin.industriall-union.org\/article\/\"},{\"@type\":\"ListItem\",\"position\":3,\"name\":\"Blog de la COP25, journ\u00e9e du 12 d\u00e9cembre 2019\"}]},{\"@type\":\"WebSite\",\"@id\":\"https:\/\/admin.industriall-union.org\/#website\",\"url\":\"https:\/\/admin.industriall-union.org\/\",\"name\":\"industriall-union\",\"description\":\"\",\"potentialAction\":[{\"@type\":\"SearchAction\",\"target\":{\"@type\":\"EntryPoint\",\"urlTemplate\":\"https:\/\/admin.industriall-union.org\/?s={search_term_string}\"},\"query-input\":{\"@type\":\"PropertyValueSpecification\",\"valueRequired\":true,\"valueName\":\"search_term_string\"}}],\"inLanguage\":\"fr-FR\"}]}<\/script>\n<!-- \/ Yoast SEO Premium plugin. -->","yoast_head_json":{"title":"Blog de la COP25, journ\u00e9e du 12 d\u00e9cembre 2019 - industriall-union","description":"Un \u00e9v\u00e9nement important a eu lieu aujourd&#039;hui : le lancement de l&#039;&laquo;&nbsp;initiative Action climatique pour l&#039;emploi &raquo;.Comme","robots":{"index":"index","follow":"follow","max-snippet":"max-snippet:-1","max-image-preview":"max-image-preview:large","max-video-preview":"max-video-preview:-1"},"canonical":"https:\/\/admin.industriall-union.org\/fr\/blog-de-la-cop25-journee-du-12-decembre-2019\/","og_locale":"fr_FR","og_type":"article","og_title":"Blog de la COP25, journ\u00e9e du 12 d\u00e9cembre 2019","og_description":"Un \u00e9v\u00e9nement important a eu lieu aujourd&#039;hui : le lancement de l&#039;&laquo;&nbsp;initiative Action climatique pour l&#039;emploi &raquo;.Comme","og_url":"https:\/\/admin.industriall-union.org\/fr\/blog-de-la-cop25-journee-du-12-decembre-2019\/","og_site_name":"industriall-union","article_modified_time":"2025-02-03T10:58:08+00:00","twitter_card":"summary_large_image","twitter_misc":{"Est. reading time":"8 minutes"},"schema":{"@context":"https:\/\/schema.org","@graph":[{"@type":"WebPage","@id":"https:\/\/admin.industriall-union.org\/fr\/blog-de-la-cop25-journee-du-12-decembre-2019\/","url":"https:\/\/admin.industriall-union.org\/fr\/blog-de-la-cop25-journee-du-12-decembre-2019\/","name":"Blog de la COP25, journ\u00e9e du 12 d\u00e9cembre 2019 - industriall-union","isPartOf":{"@id":"https:\/\/admin.industriall-union.org\/#website"},"datePublished":"2019-12-12T14:48:23+00:00","dateModified":"2025-02-03T10:58:08+00:00","description":"Un \u00e9v\u00e9nement important a eu lieu aujourd&#039;hui : le lancement de l&#039;&laquo;&nbsp;initiative Action climatique pour l&#039;emploi &raquo;.Comme","breadcrumb":{"@id":"https:\/\/admin.industriall-union.org\/fr\/blog-de-la-cop25-journee-du-12-decembre-2019\/#breadcrumb"},"inLanguage":"fr-FR","potentialAction":[{"@type":"ReadAction","target":["https:\/\/admin.industriall-union.org\/fr\/blog-de-la-cop25-journee-du-12-decembre-2019\/"]}]},{"@type":"BreadcrumbList","@id":"https:\/\/admin.industriall-union.org\/fr\/blog-de-la-cop25-journee-du-12-decembre-2019\/#breadcrumb","itemListElement":[{"@type":"ListItem","position":1,"name":"Home","item":"https:\/\/admin.industriall-union.org\/"},{"@type":"ListItem","position":2,"name":"Articles","item":"https:\/\/admin.industriall-union.org\/article\/"},{"@type":"ListItem","position":3,"name":"Blog de la COP25, journ\u00e9e du 12 d\u00e9cembre 2019"}]},{"@type":"WebSite","@id":"https:\/\/admin.industriall-union.org\/#website","url":"https:\/\/admin.industriall-union.org\/","name":"industriall-union","description":"","potentialAction":[{"@type":"SearchAction","target":{"@type":"EntryPoint","urlTemplate":"https:\/\/admin.industriall-union.org\/?s={search_term_string}"},"query-input":{"@type":"PropertyValueSpecification","valueRequired":true,"valueName":"search_term_string"}}],"inLanguage":"fr-FR"}]}},"_links":{"self":[{"href":"https:\/\/admin.industriall-union.org\/fr\/wp-json\/wp\/v2\/article\/145911","targetHints":{"allow":["GET"]}}],"collection":[{"href":"https:\/\/admin.industriall-union.org\/fr\/wp-json\/wp\/v2\/article"}],"about":[{"href":"https:\/\/admin.industriall-union.org\/fr\/wp-json\/wp\/v2\/types\/article"}],"wp:attachment":[{"href":"https:\/\/admin.industriall-union.org\/fr\/wp-json\/wp\/v2\/media?parent=145911"}],"wp:term":[{"taxonomy":"issues","embeddable":true,"href":"https:\/\/admin.industriall-union.org\/fr\/wp-json\/wp\/v2\/issues?post=145911"},{"taxonomy":"companies","embeddable":true,"href":"https:\/\/admin.industriall-union.org\/fr\/wp-json\/wp\/v2\/companies?post=145911"},{"taxonomy":"regions","embeddable":true,"href":"https:\/\/admin.industriall-union.org\/fr\/wp-json\/wp\/v2\/regions?post=145911"},{"taxonomy":"sectors","embeddable":true,"href":"https:\/\/admin.industriall-union.org\/fr\/wp-json\/wp\/v2\/sectors?post=145911"},{"taxonomy":"article_tags","embeddable":true,"href":"https:\/\/admin.industriall-union.org\/fr\/wp-json\/wp\/v2\/article_tags?post=145911"}],"curies":[{"name":"wp","href":"https:\/\/api.w.org\/{rel}","templated":true}]}}