{"id":145907,"date":"2019-12-16T09:09:15","date_gmt":"2019-12-16T09:09:15","guid":{"rendered":"https:\/\/admin.industriall-union.org\/quot-nous-en-savons-assez-pour-agir-quot\/"},"modified":"2025-02-03T10:52:54","modified_gmt":"2025-02-03T10:52:54","slug":"quot-nous-en-savons-assez-pour-agir-quot","status":"publish","type":"article","link":"https:\/\/admin.industriall-union.org\/fr\/quot-nous-en-savons-assez-pour-agir-quot\/","title":{"rendered":"&quot;Nous en savons assez pour agir&quot;"},"content":{"rendered":"<p>La transformation de l&#039;industrie automobile est complexe et r\u00e9sulte de plusieurs facteurs. Avec l&#039;apparition des v\u00e9hicules \u00e9lectriques, des v\u00e9hicules autonomes, l&#039;application de nouveaux concepts de la mobilit\u00e9 et la num\u00e9risation des entreprises, cette transformation est \u00e0 des stades diff\u00e9rents d&#039;un pays et d&#039;une r\u00e9gion \u00e0 l&#039;autre.&nbsp;<\/p><p>&quot;Il est temps d&#039;agir&quot; ont d\u00e9clar\u00e9 80 repr\u00e9sentants de 20 affili\u00e9s de l&#039;automobile d&#039;IndustriALL du monde entier r\u00e9unis \u00e0 D\u00fcren. Tous sont d&#039;accord : le changement climatique, des embouteillages dans toutes les villes du monde caus\u00e9s par trop de voitures et les nouvelles technologies <a href=\"http:\/\/www.industriall-union.org\/report-its-not-a-transformation-its-a-massacre\">impacteront totalement<\/a> le secteur automobile \u00e0 tous les niveaux.&nbsp;<\/p><p>Des \u00e9tudes r\u00e9alis\u00e9es dans les r\u00e9gions, les pays et les sous-secteurs montrent clairement que certaines r\u00e9gions \u00e9voluent plus rapidement que d&#039;autres et que tous les d\u00e9fis n&#039;appellent pas les m\u00eames r\u00e9ponses. Cependant, les r\u00e9gions o\u00f9 pratiquement rien n&#039;a \u00e9t\u00e9 chang\u00e9 ne peuvent plus continuer comme si de rien n&#039;\u00e9tait. Au contraire, elles courent le risque d&#039;\u00eatre d\u00e9connect\u00e9es de l&#039;\u00e9volution future et de ne plus trouver d&#039;investisseurs.&nbsp;<\/p><p>Le groupe d&#039;experts syndicaux qui ont pr\u00e9par\u00e9 la conf\u00e9rence ont \u00e9labor\u00e9 dix strat\u00e9gies susceptibles de se muer en plans d&#039;action concrets pour aider les travailleurs du monde entier \u00e0 aborder la transformation en mode proactif. Chaque d\u00e9marche prend en compte les diff\u00e9rences de culture et de tradition et traduit les diff\u00e9rents stades du changement auxquels sont arriv\u00e9es diff\u00e9rentes zones du monde.&nbsp;<\/p><p>Les participants ont adopt\u00e9 une r\u00e9solution qui r\u00e9clame une transition socialement responsable g\u00e9r\u00e9e dans le cadre d&#039;un dialogue \u00e9troit entre les employeurs, les gouvernements et les syndicats.&nbsp;<\/p><blockquote><p>&quot;Si vous lisez des articles sur la transformation de l&#039;industrie automobile, presque toujours on y parle de pertes d&#039;emplois, de nouvelles comp\u00e9tences, etc.&quot;&nbsp;<\/p><\/blockquote><p>a d\u00e9clar\u00e9 Georg Leutert, le Directeur d&#039;IndustriALL en charge du secteur automobile.&nbsp;<\/p><blockquote><p>&quot;Le message envoy\u00e9 par cette r\u00e9union du secteur automobile de 2019 est clair. Les d\u00e9cisions qui d\u00e9termineront l&#039;avenir de l&#039;industrie automobile se prennent maintenant et nous voulons un r\u00f4le actif dans ce processus.&quot;&nbsp;<\/p><\/blockquote><p>Les participants ont parl\u00e9 de la discrimination fond\u00e9e sur le sexe dans le secteur et des nouvelles strat\u00e9gies pour y rem\u00e9dier. Cinq coll\u00e8gues f\u00e9minines venues de quatre pays et trois continents ont fait part de leurs exp\u00e9riences en \u00e9voquant le sexisme, l&#039;absence d&#039;\u00e9galit\u00e9 de chances et d&#039;importants \u00e9carts salariaux. Elles ont \u00e9galement soulign\u00e9 le fait que les organisations o\u00f9 les femmes sont tr\u00e8s sous-repr\u00e9sent\u00e9es sont peu efficaces et peu durables. Un groupe d&#039;\u00e9tude a \u00e9t\u00e9 constitu\u00e9 pour \u00e9laborer une politique de genre d&#039;ici la r\u00e9union de l&#039;ann\u00e9e prochaine.&nbsp;<\/p><p>Le groupe a discut\u00e9 des lourdes cons\u00e9quences pour les <a href=\"http:\/\/www.industriall-union.org\/russian-auto-workers-union-oppose-sanctions\">travailleurs du constructeur russe GAZ<\/a> des sanctions am\u00e9ricaines contre le propri\u00e9taire russe de l&#039;entreprise. En plus d&#039;une d\u00e9claration de solidarit\u00e9 d\u00e9termin\u00e9e, le r\u00e9seau s&#039;est engag\u00e9 \u00e0 envisager d&#039;autres actions pour faire en sorte que les travailleurs ne paient pas le prix.&nbsp;<\/p><p>La r\u00e9union de l&#039;an prochain se tiendra en Afrique et portera principalement sur la hausse des investissements dans l&#039;automobile sur le continent et sur les enjeux et les d\u00e9fis qui en r\u00e9sultent pour les syndicats.<\/p>","protected":false},"featured_media":0,"template":"","issues":[],"companies":[],"regions":[],"sectors":[],"article_tags":[],"class_list":["post-145907","article","type-article","status-publish","hentry"],"acf":[],"yoast_head":"<!-- This site is optimized with the Yoast SEO Premium plugin v27.1 (Yoast SEO v27.1) - https:\/\/yoast.com\/product\/yoast-seo-premium-wordpress\/ -->\n<title>&quot;Nous en savons assez pour agir&quot; - industriall-union<\/title>\n<meta name=\"description\" content=\"La transformation de l&#039;industrie automobile est complexe et r\u00e9sulte de plusieurs facteurs. Avec l&#039;apparition des v\u00e9hicules \u00e9lectriques, des\" \/>\n<meta name=\"robots\" content=\"index, follow, max-snippet:-1, max-image-preview:large, max-video-preview:-1\" \/>\n<link rel=\"canonical\" href=\"https:\/\/admin.industriall-union.org\/fr\/quot-nous-en-savons-assez-pour-agir-quot\/\" \/>\n<meta property=\"og:locale\" content=\"fr_FR\" \/>\n<meta property=\"og:type\" content=\"article\" \/>\n<meta property=\"og:title\" content=\"&quot;Nous en savons assez pour agir&quot;\" \/>\n<meta property=\"og:description\" content=\"La transformation de l&#039;industrie automobile est complexe et r\u00e9sulte de plusieurs facteurs. Avec l&#039;apparition des v\u00e9hicules \u00e9lectriques, des\" \/>\n<meta property=\"og:url\" content=\"https:\/\/admin.industriall-union.org\/fr\/quot-nous-en-savons-assez-pour-agir-quot\/\" \/>\n<meta property=\"og:site_name\" content=\"industriall-union\" \/>\n<meta property=\"article:modified_time\" content=\"2025-02-03T10:52:54+00:00\" \/>\n<meta name=\"twitter:card\" content=\"summary_large_image\" \/>\n<meta name=\"twitter:label1\" content=\"Est. reading time\" \/>\n\t<meta name=\"twitter:data1\" content=\"3 minutes\" \/>\n<script type=\"application\/ld+json\" class=\"yoast-schema-graph\">{\"@context\":\"https:\/\/schema.org\",\"@graph\":[{\"@type\":\"WebPage\",\"@id\":\"https:\/\/admin.industriall-union.org\/fr\/quot-nous-en-savons-assez-pour-agir-quot\/\",\"url\":\"https:\/\/admin.industriall-union.org\/fr\/quot-nous-en-savons-assez-pour-agir-quot\/\",\"name\":\"&quot;Nous en savons assez pour agir&quot; - industriall-union\",\"isPartOf\":{\"@id\":\"https:\/\/admin.industriall-union.org\/ru\/#website\"},\"datePublished\":\"2019-12-16T09:09:15+00:00\",\"dateModified\":\"2025-02-03T10:52:54+00:00\",\"description\":\"La transformation de l&#039;industrie automobile est complexe et r\u00e9sulte de plusieurs facteurs. Avec l&#039;apparition des v\u00e9hicules \u00e9lectriques, des\",\"breadcrumb\":{\"@id\":\"https:\/\/admin.industriall-union.org\/fr\/quot-nous-en-savons-assez-pour-agir-quot\/#breadcrumb\"},\"inLanguage\":\"fr-FR\",\"potentialAction\":[{\"@type\":\"ReadAction\",\"target\":[\"https:\/\/admin.industriall-union.org\/fr\/quot-nous-en-savons-assez-pour-agir-quot\/\"]}]},{\"@type\":\"BreadcrumbList\",\"@id\":\"https:\/\/admin.industriall-union.org\/fr\/quot-nous-en-savons-assez-pour-agir-quot\/#breadcrumb\",\"itemListElement\":[{\"@type\":\"ListItem\",\"position\":1,\"name\":\"Home\",\"item\":\"https:\/\/admin.industriall-union.org\/ru\/\"},{\"@type\":\"ListItem\",\"position\":2,\"name\":\"Articles\",\"item\":\"https:\/\/admin.industriall-union.org\/ru\/article\/\"},{\"@type\":\"ListItem\",\"position\":3,\"name\":\"&quot;Nous en savons assez pour agir&quot;\"}]},{\"@type\":\"WebSite\",\"@id\":\"https:\/\/admin.industriall-union.org\/ru\/#website\",\"url\":\"https:\/\/admin.industriall-union.org\/ru\/\",\"name\":\"industriall-union\",\"description\":\"\",\"potentialAction\":[{\"@type\":\"SearchAction\",\"target\":{\"@type\":\"EntryPoint\",\"urlTemplate\":\"https:\/\/admin.industriall-union.org\/ru\/?s={search_term_string}\"},\"query-input\":{\"@type\":\"PropertyValueSpecification\",\"valueRequired\":true,\"valueName\":\"search_term_string\"}}],\"inLanguage\":\"fr-FR\"}]}<\/script>\n<!-- \/ Yoast SEO Premium plugin. -->","yoast_head_json":{"title":"&quot;Nous en savons assez pour agir&quot; - industriall-union","description":"La transformation de l&#039;industrie automobile est complexe et r\u00e9sulte de plusieurs facteurs. Avec l&#039;apparition des v\u00e9hicules \u00e9lectriques, des","robots":{"index":"index","follow":"follow","max-snippet":"max-snippet:-1","max-image-preview":"max-image-preview:large","max-video-preview":"max-video-preview:-1"},"canonical":"https:\/\/admin.industriall-union.org\/fr\/quot-nous-en-savons-assez-pour-agir-quot\/","og_locale":"fr_FR","og_type":"article","og_title":"&quot;Nous en savons assez pour agir&quot;","og_description":"La transformation de l&#039;industrie automobile est complexe et r\u00e9sulte de plusieurs facteurs. Avec l&#039;apparition des v\u00e9hicules \u00e9lectriques, des","og_url":"https:\/\/admin.industriall-union.org\/fr\/quot-nous-en-savons-assez-pour-agir-quot\/","og_site_name":"industriall-union","article_modified_time":"2025-02-03T10:52:54+00:00","twitter_card":"summary_large_image","twitter_misc":{"Est. reading time":"3 minutes"},"schema":{"@context":"https:\/\/schema.org","@graph":[{"@type":"WebPage","@id":"https:\/\/admin.industriall-union.org\/fr\/quot-nous-en-savons-assez-pour-agir-quot\/","url":"https:\/\/admin.industriall-union.org\/fr\/quot-nous-en-savons-assez-pour-agir-quot\/","name":"&quot;Nous en savons assez pour agir&quot; - industriall-union","isPartOf":{"@id":"https:\/\/admin.industriall-union.org\/ru\/#website"},"datePublished":"2019-12-16T09:09:15+00:00","dateModified":"2025-02-03T10:52:54+00:00","description":"La transformation de l&#039;industrie automobile est complexe et r\u00e9sulte de plusieurs facteurs. Avec l&#039;apparition des v\u00e9hicules \u00e9lectriques, des","breadcrumb":{"@id":"https:\/\/admin.industriall-union.org\/fr\/quot-nous-en-savons-assez-pour-agir-quot\/#breadcrumb"},"inLanguage":"fr-FR","potentialAction":[{"@type":"ReadAction","target":["https:\/\/admin.industriall-union.org\/fr\/quot-nous-en-savons-assez-pour-agir-quot\/"]}]},{"@type":"BreadcrumbList","@id":"https:\/\/admin.industriall-union.org\/fr\/quot-nous-en-savons-assez-pour-agir-quot\/#breadcrumb","itemListElement":[{"@type":"ListItem","position":1,"name":"Home","item":"https:\/\/admin.industriall-union.org\/ru\/"},{"@type":"ListItem","position":2,"name":"Articles","item":"https:\/\/admin.industriall-union.org\/ru\/article\/"},{"@type":"ListItem","position":3,"name":"&quot;Nous en savons assez pour agir&quot;"}]},{"@type":"WebSite","@id":"https:\/\/admin.industriall-union.org\/ru\/#website","url":"https:\/\/admin.industriall-union.org\/ru\/","name":"industriall-union","description":"","potentialAction":[{"@type":"SearchAction","target":{"@type":"EntryPoint","urlTemplate":"https:\/\/admin.industriall-union.org\/ru\/?s={search_term_string}"},"query-input":{"@type":"PropertyValueSpecification","valueRequired":true,"valueName":"search_term_string"}}],"inLanguage":"fr-FR"}]}},"_links":{"self":[{"href":"https:\/\/admin.industriall-union.org\/fr\/wp-json\/wp\/v2\/article\/145907","targetHints":{"allow":["GET"]}}],"collection":[{"href":"https:\/\/admin.industriall-union.org\/fr\/wp-json\/wp\/v2\/article"}],"about":[{"href":"https:\/\/admin.industriall-union.org\/fr\/wp-json\/wp\/v2\/types\/article"}],"wp:attachment":[{"href":"https:\/\/admin.industriall-union.org\/fr\/wp-json\/wp\/v2\/media?parent=145907"}],"wp:term":[{"taxonomy":"issues","embeddable":true,"href":"https:\/\/admin.industriall-union.org\/fr\/wp-json\/wp\/v2\/issues?post=145907"},{"taxonomy":"companies","embeddable":true,"href":"https:\/\/admin.industriall-union.org\/fr\/wp-json\/wp\/v2\/companies?post=145907"},{"taxonomy":"regions","embeddable":true,"href":"https:\/\/admin.industriall-union.org\/fr\/wp-json\/wp\/v2\/regions?post=145907"},{"taxonomy":"sectors","embeddable":true,"href":"https:\/\/admin.industriall-union.org\/fr\/wp-json\/wp\/v2\/sectors?post=145907"},{"taxonomy":"article_tags","embeddable":true,"href":"https:\/\/admin.industriall-union.org\/fr\/wp-json\/wp\/v2\/article_tags?post=145907"}],"curies":[{"name":"wp","href":"https:\/\/api.w.org\/{rel}","templated":true}]}}