{"id":145906,"date":"2019-12-19T09:25:10","date_gmt":"2019-12-19T09:25:10","guid":{"rendered":"https:\/\/admin.industriall-union.org\/licenciement-abusif-chez-nokia-en-finlande\/"},"modified":"2025-02-03T10:49:37","modified_gmt":"2025-02-03T10:49:37","slug":"licenciement-abusif-chez-nokia-en-finlande","status":"publish","type":"article","link":"https:\/\/admin.industriall-union.org\/fr\/licenciement-abusif-chez-nokia-en-finlande\/","title":{"rendered":"Licenciement abusif chez Nokia en Finlande"},"content":{"rendered":"<blockquote><p>&ldquo;C&rsquo;est une attaque extr\u00eamement brutale contre le syndicat. Notre point de vue est que Nokia se venge de la gr\u00e8ve de trois jours ayant eu lieu plus t\u00f4t dans la semaine,&rdquo;<\/p><\/blockquote><p>a d\u00e9clar\u00e9 Samu Salo, Pr\u00e9sident d&rsquo;Insin\u00f6\u00f6riliitto, le Syndicat des ing\u00e9nieurs de Finlande, un affili\u00e9 d&rsquo;IndustriALL.<\/p><p>Ce d\u00e9l\u00e9gu\u00e9 syndical d&rsquo;entreprise et ing\u00e9nieur de Nokia Espoo en Finlande travaille dans l&rsquo;entreprise depuis plus de 25 ans. Il a particip\u00e9 \u00e0 une gr\u00e8ve l\u00e9gale de trois jours pour les cadres organis\u00e9e par YTN, un organe de n\u00e9gociation auquel le syndicat local Insin\u00f6\u00f6riliitto est affili\u00e9.<\/p><p>L&rsquo;entreprise pr\u00e9tend que le licenciement est li\u00e9 \u00e0 la d\u00e9connexion d&rsquo;\u00e9quipements par l&rsquo;ing\u00e9nieur qui en a coup\u00e9 l&rsquo;alimentation \u00e9lectrique avant l&rsquo;entame de la gr\u00e8ve. Il a estim\u00e9 avoir fait ce qu&rsquo;il fallait parce que cet \u00e9quipement n&rsquo;\u00e9tait pas requis pendant la gr\u00e8ve et qu&rsquo;il n&rsquo;\u00e9tait pas \u00e9t\u00e9 en mesure de le surveiller. Toutefois, les commutateurs \u00e9taient \u00e9galement reli\u00e9s \u00e0 des appareils utilis\u00e9s \u00e0 distance depuis l&rsquo;\u00e9tranger, une liaison dont il ignorait l&rsquo;existence.<\/p><p>L&rsquo;ing\u00e9nieur a particip\u00e9 \u00e0 la construction de ce r\u00e9seau pendant quatre ans et a assur\u00e9 la maintenance des services dont l&rsquo;alimentation est situ\u00e9e derri\u00e8re ces commutateurs. Les appareils qui \u00e9taient connect\u00e9s \u00e0 distance \u00e0 l&rsquo;\u00e9tranger \u00e9taient sous la responsabilit\u00e9 d&rsquo;autres employ\u00e9s et \u00e9taient connect\u00e9s aux commutateurs sous sa surveillance sans qu&rsquo;il le sache.<\/p><blockquote><p>&ldquo;Nous avons contest\u00e9 les mesures prises par Nokia. Nous avons fait une d\u00e9claration \u00e9crite pour condamner le licenciement et nous nous pr\u00e9parons \u00e0 porter l&rsquo;affaire devant la justice. Nous le signalerons \u00e0 la police pour enqu\u00eate. Nous discutons au plan local de toutes les autres options, y compris d&rsquo;une action syndicale,&rdquo;<\/p><\/blockquote><p>a d\u00e9clar\u00e9 un repr\u00e9sentant du syndicat Insin\u00f6\u00f6riliitto.<\/p><blockquote><p>&ldquo;Il s&rsquo;agit d&rsquo;un comportement inacceptable de la part de Nokia. IndustriALL soutient pleinement Insin\u00f6\u00f6riliitto pour obtenir justice dans le cadre ce licenciement abusif,&rdquo;<\/p><\/blockquote><p>a d\u00e9clar\u00e9 Kan Matsuzaki, Directeur d&rsquo;IndustriALL pour la section de l&rsquo;\u00e9lectronique.<\/p>","protected":false},"featured_media":0,"template":"","issues":[],"companies":[98],"regions":[216],"sectors":[490],"article_tags":[],"class_list":["post-145906","article","type-article","status-publish","hentry","companies-nokia","regions-finland","sectors-ict-electrical-and-electronics"],"acf":[],"yoast_head":"<!-- This site is optimized with the Yoast SEO Premium plugin v27.1 (Yoast SEO v27.1) - https:\/\/yoast.com\/product\/yoast-seo-premium-wordpress\/ -->\n<title>Licenciement abusif chez Nokia en Finlande - industriall-union<\/title>\n<meta name=\"description\" content=\"&ldquo;C&rsquo;est une attaque extr\u00eamement brutale contre le syndicat. Notre point de vue est que Nokia se venge de la gr\u00e8ve de trois jours ayant eu lieu\" \/>\n<meta name=\"robots\" content=\"index, follow, max-snippet:-1, max-image-preview:large, max-video-preview:-1\" \/>\n<link rel=\"canonical\" href=\"https:\/\/admin.industriall-union.org\/fr\/licenciement-abusif-chez-nokia-en-finlande\/\" \/>\n<meta property=\"og:locale\" content=\"fr_FR\" \/>\n<meta property=\"og:type\" content=\"article\" \/>\n<meta property=\"og:title\" content=\"Licenciement abusif chez Nokia en Finlande\" \/>\n<meta property=\"og:description\" content=\"&ldquo;C&rsquo;est une attaque extr\u00eamement brutale contre le syndicat. Notre point de vue est que Nokia se venge de la gr\u00e8ve de trois jours ayant eu lieu\" \/>\n<meta property=\"og:url\" content=\"https:\/\/admin.industriall-union.org\/fr\/licenciement-abusif-chez-nokia-en-finlande\/\" \/>\n<meta property=\"og:site_name\" content=\"industriall-union\" \/>\n<meta property=\"article:modified_time\" content=\"2025-02-03T10:49:37+00:00\" \/>\n<meta name=\"twitter:card\" content=\"summary_large_image\" \/>\n<meta name=\"twitter:label1\" content=\"Est. reading time\" \/>\n\t<meta name=\"twitter:data1\" content=\"2 minutes\" \/>\n<script type=\"application\/ld+json\" class=\"yoast-schema-graph\">{\"@context\":\"https:\/\/schema.org\",\"@graph\":[{\"@type\":\"WebPage\",\"@id\":\"https:\/\/admin.industriall-union.org\/fr\/licenciement-abusif-chez-nokia-en-finlande\/\",\"url\":\"https:\/\/admin.industriall-union.org\/fr\/licenciement-abusif-chez-nokia-en-finlande\/\",\"name\":\"Licenciement abusif chez Nokia en Finlande - industriall-union\",\"isPartOf\":{\"@id\":\"https:\/\/admin.industriall-union.org\/#website\"},\"datePublished\":\"2019-12-19T09:25:10+00:00\",\"dateModified\":\"2025-02-03T10:49:37+00:00\",\"description\":\"&ldquo;C&rsquo;est une attaque extr\u00eamement brutale contre le syndicat. Notre point de vue est que Nokia se venge de la gr\u00e8ve de trois jours ayant eu lieu\",\"breadcrumb\":{\"@id\":\"https:\/\/admin.industriall-union.org\/fr\/licenciement-abusif-chez-nokia-en-finlande\/#breadcrumb\"},\"inLanguage\":\"fr-FR\",\"potentialAction\":[{\"@type\":\"ReadAction\",\"target\":[\"https:\/\/admin.industriall-union.org\/fr\/licenciement-abusif-chez-nokia-en-finlande\/\"]}]},{\"@type\":\"BreadcrumbList\",\"@id\":\"https:\/\/admin.industriall-union.org\/fr\/licenciement-abusif-chez-nokia-en-finlande\/#breadcrumb\",\"itemListElement\":[{\"@type\":\"ListItem\",\"position\":1,\"name\":\"Home\",\"item\":\"https:\/\/admin.industriall-union.org\/\"},{\"@type\":\"ListItem\",\"position\":2,\"name\":\"Articles\",\"item\":\"https:\/\/admin.industriall-union.org\/article\/\"},{\"@type\":\"ListItem\",\"position\":3,\"name\":\"Licenciement abusif chez Nokia en Finlande\"}]},{\"@type\":\"WebSite\",\"@id\":\"https:\/\/admin.industriall-union.org\/#website\",\"url\":\"https:\/\/admin.industriall-union.org\/\",\"name\":\"industriall-union\",\"description\":\"\",\"potentialAction\":[{\"@type\":\"SearchAction\",\"target\":{\"@type\":\"EntryPoint\",\"urlTemplate\":\"https:\/\/admin.industriall-union.org\/?s={search_term_string}\"},\"query-input\":{\"@type\":\"PropertyValueSpecification\",\"valueRequired\":true,\"valueName\":\"search_term_string\"}}],\"inLanguage\":\"fr-FR\"}]}<\/script>\n<!-- \/ Yoast SEO Premium plugin. -->","yoast_head_json":{"title":"Licenciement abusif chez Nokia en Finlande - industriall-union","description":"&ldquo;C&rsquo;est une attaque extr\u00eamement brutale contre le syndicat. Notre point de vue est que Nokia se venge de la gr\u00e8ve de trois jours ayant eu lieu","robots":{"index":"index","follow":"follow","max-snippet":"max-snippet:-1","max-image-preview":"max-image-preview:large","max-video-preview":"max-video-preview:-1"},"canonical":"https:\/\/admin.industriall-union.org\/fr\/licenciement-abusif-chez-nokia-en-finlande\/","og_locale":"fr_FR","og_type":"article","og_title":"Licenciement abusif chez Nokia en Finlande","og_description":"&ldquo;C&rsquo;est une attaque extr\u00eamement brutale contre le syndicat. Notre point de vue est que Nokia se venge de la gr\u00e8ve de trois jours ayant eu lieu","og_url":"https:\/\/admin.industriall-union.org\/fr\/licenciement-abusif-chez-nokia-en-finlande\/","og_site_name":"industriall-union","article_modified_time":"2025-02-03T10:49:37+00:00","twitter_card":"summary_large_image","twitter_misc":{"Est. reading time":"2 minutes"},"schema":{"@context":"https:\/\/schema.org","@graph":[{"@type":"WebPage","@id":"https:\/\/admin.industriall-union.org\/fr\/licenciement-abusif-chez-nokia-en-finlande\/","url":"https:\/\/admin.industriall-union.org\/fr\/licenciement-abusif-chez-nokia-en-finlande\/","name":"Licenciement abusif chez Nokia en Finlande - industriall-union","isPartOf":{"@id":"https:\/\/admin.industriall-union.org\/#website"},"datePublished":"2019-12-19T09:25:10+00:00","dateModified":"2025-02-03T10:49:37+00:00","description":"&ldquo;C&rsquo;est une attaque extr\u00eamement brutale contre le syndicat. Notre point de vue est que Nokia se venge de la gr\u00e8ve de trois jours ayant eu lieu","breadcrumb":{"@id":"https:\/\/admin.industriall-union.org\/fr\/licenciement-abusif-chez-nokia-en-finlande\/#breadcrumb"},"inLanguage":"fr-FR","potentialAction":[{"@type":"ReadAction","target":["https:\/\/admin.industriall-union.org\/fr\/licenciement-abusif-chez-nokia-en-finlande\/"]}]},{"@type":"BreadcrumbList","@id":"https:\/\/admin.industriall-union.org\/fr\/licenciement-abusif-chez-nokia-en-finlande\/#breadcrumb","itemListElement":[{"@type":"ListItem","position":1,"name":"Home","item":"https:\/\/admin.industriall-union.org\/"},{"@type":"ListItem","position":2,"name":"Articles","item":"https:\/\/admin.industriall-union.org\/article\/"},{"@type":"ListItem","position":3,"name":"Licenciement abusif chez Nokia en Finlande"}]},{"@type":"WebSite","@id":"https:\/\/admin.industriall-union.org\/#website","url":"https:\/\/admin.industriall-union.org\/","name":"industriall-union","description":"","potentialAction":[{"@type":"SearchAction","target":{"@type":"EntryPoint","urlTemplate":"https:\/\/admin.industriall-union.org\/?s={search_term_string}"},"query-input":{"@type":"PropertyValueSpecification","valueRequired":true,"valueName":"search_term_string"}}],"inLanguage":"fr-FR"}]}},"_links":{"self":[{"href":"https:\/\/admin.industriall-union.org\/fr\/wp-json\/wp\/v2\/article\/145906","targetHints":{"allow":["GET"]}}],"collection":[{"href":"https:\/\/admin.industriall-union.org\/fr\/wp-json\/wp\/v2\/article"}],"about":[{"href":"https:\/\/admin.industriall-union.org\/fr\/wp-json\/wp\/v2\/types\/article"}],"wp:attachment":[{"href":"https:\/\/admin.industriall-union.org\/fr\/wp-json\/wp\/v2\/media?parent=145906"}],"wp:term":[{"taxonomy":"issues","embeddable":true,"href":"https:\/\/admin.industriall-union.org\/fr\/wp-json\/wp\/v2\/issues?post=145906"},{"taxonomy":"companies","embeddable":true,"href":"https:\/\/admin.industriall-union.org\/fr\/wp-json\/wp\/v2\/companies?post=145906"},{"taxonomy":"regions","embeddable":true,"href":"https:\/\/admin.industriall-union.org\/fr\/wp-json\/wp\/v2\/regions?post=145906"},{"taxonomy":"sectors","embeddable":true,"href":"https:\/\/admin.industriall-union.org\/fr\/wp-json\/wp\/v2\/sectors?post=145906"},{"taxonomy":"article_tags","embeddable":true,"href":"https:\/\/admin.industriall-union.org\/fr\/wp-json\/wp\/v2\/article_tags?post=145906"}],"curies":[{"name":"wp","href":"https:\/\/api.w.org\/{rel}","templated":true}]}}